{"id":191821,"date":"2007-12-20T04:13:30","date_gmt":"2007-12-20T04:13:30","guid":{"rendered":"http:\/\/diariodominicano.ddns.net\/?p=191821"},"modified":"2007-12-20T04:13:30","modified_gmt":"2007-12-20T04:13:30","slug":"dirigente-pld-ve-temerarias-declaraciones-oposicion-sobre-manejo-de-presa-de-tavera","status":"publish","type":"post","link":"https:\/\/diariodominicano.com\/?p=191821","title":{"rendered":"Dirigente PLD ve temerarias declaraciones oposici\u00f3n sobre manejo de Presa de Tavera"},"content":{"rendered":"<p><body><\/p>\n<p align=\"justify\" class=\"titulogrande1\">Dirigente PLD ve  temerarias declaraciones oposici\u00f3n sobre manejo de Presa de Tavera<\/p>\n<p>&#13;<\/p>\n<p align=\"justify\" class=\"text1noticias\"><strong>Santo  Domingo.-<\/strong> Rafael P\u00e9rez Modesto, Vicesecretario General del Partido de la Liberaci\u00f3n Dominicana  (PLD), pronostic\u00f3 que la c\u00fapula perredeista-pepehachista se precipita a la  bancarrota total de su credibilidad con denuncias temerarias como la de  atribuir al gobierno intenciones homicidas en el manejo de la presa de Tavera  durante el reciente paso por el territorio nacional de la tormenta Olga. <\/p>\n<p>&#13;<\/p>\n<p align=\"justify\" class=\"text1noticias\"> Proclam\u00f3  \u00a0que en vez de amilanarse por la crisis  generada por las tormentas Noel y Olga, el presidente Leonel Fern\u00e1ndez se ha  crecido en la estima ciudadana, incluyendo al diputado reformista Marino  Collante, quien p\u00fablicamente encomi\u00f3 la compenetraci\u00f3n del mandatario con los santiagueros. <\/p>\n<p>&#13;<\/p>\n<p align=\"justify\" class=\"text1noticias\">Se\u00f1al\u00f3 que No ha  habido otro gobierno que haya mostrado mayor preocupaci\u00f3n, ocupaci\u00f3n e  inversi\u00f3n por la recuperaci\u00f3n de Santiago tras el paso de un fen\u00f3meno  atmosf\u00e9rico <\/p>\n<p>&#13;<\/p>\n<p align=\"justify\" class=\"text1noticias\">\u00abEl  presidente Leonel Fern\u00e1ndez se ha compenetrado en la problem\u00e1tica y las  necesidades\u00bb, enfatiz\u00f3 Rafael P\u00e9rez Modesto en rese\u00f1a la Secretar\u00eda de  Comunicaciones del PLD. <\/p>\n<p>&#13;<\/p>\n<p align=\"justify\" class=\"text1noticias\">Agreg\u00f3 que el Jefe  del Estado ha demostrado un inter\u00e9s e involucramiento total, poni\u00e9ndose al  frente de las tareas de mitigaci\u00f3n, trazando pautas y estrategias.\u00a0\u00a0 <\/p>\n<p>&#13;<\/p>\n<p align=\"justify\" class=\"text1noticias\">\u00abPoniendo el  ejemplo, siendo el primero al frente\u00bb, acot\u00f3 P\u00e9rez Modesto al destacar la  ingente labor del equipo de funcionarios que intervienen en la mitigaci\u00f3n de  los estragos causados por Noel y Olga. <\/p>\n<p>&#13;<\/p>\n<p align=\"justify\" class=\"text1noticias\">\u00abEn la  poblaci\u00f3n se percibe confianza porque siente que el gobierno est\u00e1 dando  respuesta\u00bb, dijo el Vicesecretario General del Partido de la Liberaci\u00f3n Dominicana  y Subsecretario Administrativo de la Presidencia. <\/p>\n<p>&#13;<\/p>\n<p align=\"justify\" class=\"text1noticias\">Insisti\u00f3 en que  los estrategas y voceros de los partidos de oposici\u00f3n al gobierno se disminuyen  a s\u00ed mismos cuando hacen planteamientos descabellados atribuy\u00e9ndole  intencionalidad homicida a los funcionarios encargados del manejo de las  presas. <\/p>\n<p>&#13;<\/p>\n<p align=\"justify\" class=\"text1noticias\">\u00abLo que hacen  es que se perjudican a s\u00ed mismos, se disminuyen, se reducen en t\u00e9rmino de  credibilidad y de moral\u00bb, manifest\u00f3. <\/p>\n<p>&#13;<\/p>\n<p align=\"justify\" class=\"text1noticias\">Fue reiterativo al  puntualizar que la oposici\u00f3n al gobierno con el PRD-PPH a la cabeza corre  riesgo de desaparecer pol\u00edticamente, quebrar la poca credibilidad que le resta  y continuar descendiendo electoralmente por denuncias irresponsables, calumnias  aventureras y p\u00e9rdida de perspectiva. <\/p>\n<p>&#13;<\/p>\n<h6> 2007-12-20 04:13:30 <\/h6>\n<p><!--\n<link rel=\"stylesheet\" href=\"css\/bootstrap.min.css\">\n\n\n<ul class=\"pagination\">\n\t    \n\t\n\n<li >\n\t<a href='?page_no=34568'>Previous<\/a>\n\t<\/li>\n\n\n       \n    \n\n<li><a href='?page_no=1'>1<\/a><\/li>\n\n\n\n<li><a href='?page_no=2'>2<\/a><\/li>\n\n\n\n<li><a>...<\/a><\/li>\n\n\n\n<li><a href='?page_no=34567'>34567<\/a><\/li>\n\n\n\n<li><a href='?page_no=34568'>34568<\/a><\/li>\n\n\n\n<li class='active'><a>34569<\/a><\/li>\n\n\n\n<li><a href='?page_no=34570'>34570<\/a><\/li>\n\n\n\n<li><a href='?page_no=34571'>34571<\/a><\/li>\n\n\n\n<li><a>...<\/a><\/li>\n\n\n\n<li><a href='?page_no=36999'>36999<\/a><\/li>\n\n\n\n<li><a href='?page_no=37000'>37000<\/a><\/li>\n\n    \n\t\n\n<li >\n\t<a href='?page_no=34570'>Next<\/a>\n\t<\/li>\n\n\n    \n\n<li><a href='?page_no=37000'>Last &rsaquo;&rsaquo;<\/a><\/li>\n\n<\/ul>\n\n\n--><br \/>\n<\/body><\/p>\n","protected":false},"excerpt":{"rendered":"<p>Dirigente PLD ve temerarias declaraciones oposici\u00f3n sobre manejo de Presa de Tavera &#13; Santo Domingo.- Rafael P\u00e9rez Modesto, Vicesecretario General del Partido de la Liberaci\u00f3n Dominicana (PLD), pronostic\u00f3 que la c\u00fapula perredeista-pepehachista se precipita a la bancarrota total de su credibilidad con denuncias temerarias como la de atribuir al gobierno intenciones homicidas en el manejo [&hellip;]<\/p>\n","protected":false},"author":3,"featured_media":0,"comment_status":"open","ping_status":"open","sticky":false,"template":"","format":"standard","meta":{"footnotes":""},"categories":[22],"tags":[],"class_list":["post-191821","post","type-post","status-publish","format-standard","hentry","category-politica"],"_links":{"self":[{"href":"https:\/\/diariodominicano.com\/index.php?rest_route=\/wp\/v2\/posts\/191821","targetHints":{"allow":["GET"]}}],"collection":[{"href":"https:\/\/diariodominicano.com\/index.php?rest_route=\/wp\/v2\/posts"}],"about":[{"href":"https:\/\/diariodominicano.com\/index.php?rest_route=\/wp\/v2\/types\/post"}],"author":[{"embeddable":true,"href":"https:\/\/diariodominicano.com\/index.php?rest_route=\/wp\/v2\/users\/3"}],"replies":[{"embeddable":true,"href":"https:\/\/diariodominicano.com\/index.php?rest_route=%2Fwp%2Fv2%2Fcomments&post=191821"}],"version-history":[{"count":0,"href":"https:\/\/diariodominicano.com\/index.php?rest_route=\/wp\/v2\/posts\/191821\/revisions"}],"wp:attachment":[{"href":"https:\/\/diariodominicano.com\/index.php?rest_route=%2Fwp%2Fv2%2Fmedia&parent=191821"}],"wp:term":[{"taxonomy":"category","embeddable":true,"href":"https:\/\/diariodominicano.com\/index.php?rest_route=%2Fwp%2Fv2%2Fcategories&post=191821"},{"taxonomy":"post_tag","embeddable":true,"href":"https:\/\/diariodominicano.com\/index.php?rest_route=%2Fwp%2Fv2%2Ftags&post=191821"}],"curies":[{"name":"wp","href":"https:\/\/api.w.org\/{rel}","templated":true}]}}