{"id":191820,"date":"2007-12-20T16:26:54","date_gmt":"2007-12-20T16:26:54","guid":{"rendered":"http:\/\/diariodominicano.ddns.net\/?p=191820"},"modified":"2007-12-20T16:26:54","modified_gmt":"2007-12-20T16:26:54","slug":"presidentes-prsc-y-movimiento-el-cibao-puede-aseguran-siguen-cobrando-fuerza-en-amplios-sectores-de-la-region","status":"publish","type":"post","link":"https:\/\/diariodominicano.com\/?p=191820","title":{"rendered":"Presidentes PRSC y movimiento El Cibao Puede aseguran siguen cobrando fuerza en amplios sectores de la regi\u00f3n"},"content":{"rendered":"<p><body><\/p>\n<p align=\"justify\" class=\"titulogrande1\"><strong>Presidentes PRSC y movimiento El Cibao  Puede aseguran siguen cobrando fuerza en amplios sectores de la regi\u00f3n\u00a0 \u00a0<\/strong><\/p>\n<p>&#13;<\/p>\n<p align=\"justify\"><strong>El  movimiento tiene como finalidad lograr que el s\u00edndico municipal acepte  acompa\u00f1ar a Amable como vicepresidente <\/strong><\/p>\n<p>&#13;<\/p>\n<p align=\"justify\" class=\"text1noticias\"><strong><img loading=\"lazy\" decoding=\"async\" src=\"http:\/\/localhost:8080\/pictures\/prsc movimiento cibao.jpg\" width=\"269\" height=\"182\" hspace=\"4\" align=\"left\" \/>SANTIAGO.-\u00a0 <\/strong>El  presidente del partido reformista Social Cristiano, Federico Ant\u00fan Balle, y el  presidente del Movimiento El Cibao Puede, Frank Mu\u00f1\u00f3z Gil, aseguraron este  jueves que sigue cobrando fuerza en  amplios sectores de la regi\u00f3n del Cibao el movimiento pol\u00edtico a favor de que el  s\u00edndico reformista del municipio santiaguense, Jos\u00e9 Enrique Sued, acepte ser el  acompa\u00f1ante de f\u00f3rmula electoral del candidato presidencial reformista, Amable  Aristy Castro.<\/p>\n<p>&#13;<\/p>\n<p align=\"justify\" class=\"text1noticias\">Una  nota informativa del partido colorado explic\u00f3 que ese planteamiento ha encontrado  terreno f\u00e9rtil, no s\u00f3lo en el litoral partidista del PRSC, sino tambi\u00e9n en  sectores empresariales, profesionales y de organizaciones de la sociedad civil  en las catorce provincias de la regi\u00f3n cibae\u00f1a.<\/p>\n<p>&#13;<\/p>\n<p align=\"justify\" class=\"text1noticias\">Refiri\u00f3  el documento que \u201cas\u00ed qued\u00f3 demostrado en el acto de juramentaci\u00f3n de la  directiva del Movimiento El Cibao Puede, con coordinadores en cada una de las  provincias del Cibao, teniendo como presidente al ex-s\u00edndico santiaguense\u00a0 Frank Mu\u00f1oz Gil\u201d.<\/p>\n<p>&#13;<\/p>\n<p align=\"justify\" class=\"text1noticias\">Se\u00f1al\u00f3  que los directivos de la entidad que promueve el binomio Amable- Jos\u00e9 Enrique  fueron juramentados por el presidente del PRSC,\u00a0  Federico Ant\u00fan Batlle, quien resalt\u00f3 el \u00e9xito de la oferta electoral del  PRSC, con la incorporaci\u00f3n de Sued en la boleta colorada.<\/p>\n<p>&#13;<\/p>\n<p align=\"justify\" class=\"text1noticias\">\u201cLa  presencia del compatriota Jos\u00e9 Enrique Sued es nuestra carta de presentaci\u00f3n  para los comicios generales del 16 de mayo pr\u00f3ximo. Habr\u00e1 de incrementar las  potencialidades del PRSC en toda la vasta regi\u00f3n del Cibao\u201d, asegur\u00f3 de su lado  Ant\u00fan Batlle.<\/p>\n<p>&#13;<\/p>\n<p align=\"justify\" class=\"text1noticias\">Afirm\u00f3  que la combinaci\u00f3n Amable-Jos\u00e9 Enrique sentar\u00e1 las bases para el retorno del  PRSC al\u00a0 poder, \u201cy as\u00ed estableceremos las  condiciones para un real cambio pol\u00edtico y social en el pa\u00eds, llevando la  prosperidad\u00a0 y el bienestar a toda la  poblaci\u00f3n.<\/p>\n<p>&#13;<\/p>\n<p align=\"justify\" class=\"text1noticias\">Por  su parte, Mu\u00f1oz Gil, en su calidad de presidente del Movimiento El Cibao Puede,  destac\u00f3 las virtudes que adornan el  liderazgo\u00a0 del s\u00edndico reformista santiaguense  y su exitosa carrera gerencial como alcalde del primer \u00a0municipio de la regi\u00f3n.<\/p>\n<p>&#13;<\/p>\n<p align=\"justify\" class=\"text1noticias\">\u201cSe  trata del \u00fanico s\u00edndico que ha podido repetir en la historia electoral del  municipio de Santiago. Ha sido\u00a0 tres  veces escogido por su pueblo para administrar el Gobierno Municipal\u201d, expuso  Mu\u00f1oz Gil.<\/p>\n<p>&#13;<\/p>\n<p align=\"justify\" class=\"text1noticias\">Indic\u00f3  que con el binomio Amable-Jos\u00e9 le lleg\u00f3 su turno a la pobreza. \u201cPor ello,  le\u00a0 pedimos encarecidamente a nuestro  amigo y compatriota Jos\u00e9 Enrique Sued que acepte la vicepresidencia de Amable  Aristy Castro\u201d, subray\u00f3\u00a0 Frank Mu\u00f1oz Gil.<\/p>\n<p>&#13;<\/p>\n<p align=\"justify\" class=\"text1noticias\">Explic\u00f3  que el movimiento que preside\u00a0 nace con  la finalidad de unificar sentimientos\u00a0dispersos\u00a0 de personas con y sin  afiliaci\u00f3n partidista,\u00a0 \u201cque apoyan y  proclaman como una necesidad que Jos\u00e9 Enrique Sued asuma la candidatura  vicepresidencial del PRSC.<\/p>\n<p>&#13;<\/p>\n<p align=\"justify\" class=\"text1noticias\">\u201cPara  el 13 de enero pr\u00f3ximo est\u00e1 previsto, en un masivo acto, el lanzamiento formal  del Movimiento El Cibao Puede, en inter\u00e9s de que el s\u00edndico Sued acepte la candidatura vicepresidencial  reformista\u201d, asegur\u00f3 Mu\u00f1oz Gil.<\/p>\n<p>&#13;<\/p>\n<p align=\"justify\" class=\"text1noticias\">El  despacho de prensa especific\u00f3 que en la actividad de juramentaci\u00f3n se dieron  cita los diputados M\u00e1ximo Castro Silverio y Marino Collante, as\u00ed como  dirigentes del PRSC de Santiago y otras provincias del Cibao.<\/p>\n<p>&#13;<\/p>\n<h6> 2007-12-20 16:26:54 <\/h6>\n<p><!--\n<link rel=\"stylesheet\" href=\"css\/bootstrap.min.css\">\n\n\n<ul class=\"pagination\">\n\t    \n\t\n\n<li >\n\t<a href='?page_no=34567'>Previous<\/a>\n\t<\/li>\n\n\n       \n    \n\n<li><a href='?page_no=1'>1<\/a><\/li>\n\n\n\n<li><a href='?page_no=2'>2<\/a><\/li>\n\n\n\n<li><a>...<\/a><\/li>\n\n\n\n<li><a href='?page_no=34566'>34566<\/a><\/li>\n\n\n\n<li><a href='?page_no=34567'>34567<\/a><\/li>\n\n\n\n<li class='active'><a>34568<\/a><\/li>\n\n\n\n<li><a href='?page_no=34569'>34569<\/a><\/li>\n\n\n\n<li><a href='?page_no=34570'>34570<\/a><\/li>\n\n\n\n<li><a>...<\/a><\/li>\n\n\n\n<li><a href='?page_no=36999'>36999<\/a><\/li>\n\n\n\n<li><a href='?page_no=37000'>37000<\/a><\/li>\n\n    \n\t\n\n<li >\n\t<a href='?page_no=34569'>Next<\/a>\n\t<\/li>\n\n\n    \n\n<li><a href='?page_no=37000'>Last &rsaquo;&rsaquo;<\/a><\/li>\n\n<\/ul>\n\n\n--><br \/>\n<\/body><\/p>\n","protected":false},"excerpt":{"rendered":"<p>Presidentes PRSC y movimiento El Cibao Puede aseguran siguen cobrando fuerza en amplios sectores de la regi\u00f3n\u00a0 \u00a0 &#13; El movimiento tiene como finalidad lograr que el s\u00edndico municipal acepte acompa\u00f1ar a Amable como vicepresidente &#13; SANTIAGO.-\u00a0 El presidente del partido reformista Social Cristiano, Federico Ant\u00fan Balle, y el presidente del Movimiento El Cibao Puede, [&hellip;]<\/p>\n","protected":false},"author":3,"featured_media":0,"comment_status":"open","ping_status":"open","sticky":false,"template":"","format":"standard","meta":{"footnotes":""},"categories":[22],"tags":[],"class_list":["post-191820","post","type-post","status-publish","format-standard","hentry","category-politica"],"_links":{"self":[{"href":"https:\/\/diariodominicano.com\/index.php?rest_route=\/wp\/v2\/posts\/191820","targetHints":{"allow":["GET"]}}],"collection":[{"href":"https:\/\/diariodominicano.com\/index.php?rest_route=\/wp\/v2\/posts"}],"about":[{"href":"https:\/\/diariodominicano.com\/index.php?rest_route=\/wp\/v2\/types\/post"}],"author":[{"embeddable":true,"href":"https:\/\/diariodominicano.com\/index.php?rest_route=\/wp\/v2\/users\/3"}],"replies":[{"embeddable":true,"href":"https:\/\/diariodominicano.com\/index.php?rest_route=%2Fwp%2Fv2%2Fcomments&post=191820"}],"version-history":[{"count":0,"href":"https:\/\/diariodominicano.com\/index.php?rest_route=\/wp\/v2\/posts\/191820\/revisions"}],"wp:attachment":[{"href":"https:\/\/diariodominicano.com\/index.php?rest_route=%2Fwp%2Fv2%2Fmedia&parent=191820"}],"wp:term":[{"taxonomy":"category","embeddable":true,"href":"https:\/\/diariodominicano.com\/index.php?rest_route=%2Fwp%2Fv2%2Fcategories&post=191820"},{"taxonomy":"post_tag","embeddable":true,"href":"https:\/\/diariodominicano.com\/index.php?rest_route=%2Fwp%2Fv2%2Ftags&post=191820"}],"curies":[{"name":"wp","href":"https:\/\/api.w.org\/{rel}","templated":true}]}}