{"id":191819,"date":"2007-12-20T20:28:17","date_gmt":"2007-12-20T20:28:17","guid":{"rendered":"http:\/\/diariodominicano.ddns.net\/?p=191819"},"modified":"2007-12-20T20:28:17","modified_gmt":"2007-12-20T20:28:17","slug":"miembro-comite-central-pld-proclama-candidato-del-prd-comete-errores-fatales-en-afan-por-arrancar-su-propuesta","status":"publish","type":"post","link":"https:\/\/diariodominicano.com\/?p=191819","title":{"rendered":"Miembro Comit\u00e9 Central PLD proclama candidato del PRD comete errores fatales en af\u00e1n por arrancar su propuesta"},"content":{"rendered":"<p><body><\/p>\n<p align=\"justify\" class=\"titulogrande1\"><strong>Miembro  Comit\u00e9 Central PLD proclama candidato del PRD comete errores fatales en af\u00e1n  por arrancar su propuesta<\/strong><\/p>\n<p>&#13;<\/p>\n<p align=\"justify\" class=\"text1noticias\"><strong>SANTO DOMINGO.- <\/strong>El miembro del Comit\u00e9 Central del Partido  de la Liberaci\u00f3n   Dominicana (PLD), Juan  Cris\u00f3stomo proclam\u00f3 este jueves que la desesperaci\u00f3n del candidato  presidencial perredeista-pepehachista y sus asesores los est\u00e1 llevando a  cometer errores fatales en su af\u00e1n por hacer arrancar su propuesta y tratar de  detener la candidatura del presidente Leonel Fern\u00e1ndez. <\/p>\n<p>&#13;<\/p>\n<p align=\"justify\" class=\"text1noticias\">En ese orden manifest\u00f3 que la dirigencia  del PRD-PPH no tiene una oferta cre\u00edble para la poblaci\u00f3n por lo que se ve  obligada a inventos y tesis infundadas. <\/p>\n<p>&#13;<\/p>\n<p align=\"justify\" class=\"text1noticias\">\u00abYo he dicho que si el PRD no viviera  inventando cosas, no podr\u00eda estar en la televisi\u00f3n, porque qu\u00e9 oferta hay que  se le pueda creer, qu\u00e9 iniciativa nueva tiene\u00bb, reflexion\u00f3 el dirigente  peledeista al participar en el programa \u00abOpini\u00f3n Libre\u00bb del canal 19  y que rese\u00f1a un parte de prensa de la Secretar\u00eda de Comunicaciones del PLD. <\/p>\n<p>&#13;<\/p>\n<p align=\"justify\" class=\"text1noticias\">Para mantenerse en la palestra  \u00abtienen que estar inventando una cosa tras otra\u00bb, acot\u00f3 el diputado  pelede\u00edsta por Puerto Plata. <\/p>\n<p>&#13;<\/p>\n<p align=\"justify\" class=\"text1noticias\">Cris\u00f3stomo afirm\u00f3 que las diferentes tesis  se le han ido cayendo al candidato del PRD-PPH, que han fallado con la  intensi\u00f3n de capitalizar a su favor los fen\u00f3menos atmosf\u00e9ricos, donde se  percibe una gran demostraci\u00f3n de lucha por parte del PLD y del presidente  Leonel Fern\u00e1ndez. <\/p>\n<p>&#13;<\/p>\n<p align=\"justify\" class=\"text1noticias\">Juan Cris\u00f3stomo reconoci\u00f3 los dif\u00edciles  momentos que surgen tras el paso de fen\u00f3menos naturales, contraponiendo que  tambi\u00e9n son ocasiones en que los l\u00edderes de vocaci\u00f3n se engrandecen y  demuestran sus potenciales. <\/p>\n<p>&#13;<\/p>\n<p align=\"justify\" class=\"text1noticias\">\u00abY consecuentemente, yo pienso que es  momento para luchar por el engrandecimiento de la patria, por la modernidad, la  igualdad social, la solidaridad, entre otros principios y valores que consignan  los estatutos del partido\u00bb, puntualiz\u00f3 el dirigente pol\u00edtico. <\/p>\n<p>&#13;<\/p>\n<p align=\"justify\" class=\"text1noticias\">Al responder inquietudes period\u00edsticas de  si pudieran estos fen\u00f3menos afectar la candidatura de Leonel Fern\u00e1ndez y del  PLD dijo que s\u00f3lo si se diera muestra de indiferencia ante la situaci\u00f3n del  pueblo, lo cual no ha sucedido. <\/p>\n<p>&#13;<\/p>\n<p align=\"justify\" class=\"text1noticias\">\u00abSi los pelede\u00edstas somos capaces  de\u00a0 aplicar a plenitud las prescripciones estatutarias, saldremos  gananciosos\u00bb, sentenci\u00f3 el legislador y dirigente pol\u00edtico. <\/p>\n<p>&#13;<\/p>\n<p align=\"justify\" class=\"text1noticias\">Cris\u00f3stomo sostuvo que el PLD ganar\u00e1 las  elecciones, a pesar de las recientes tormentas y que ello se debe a su  identificaci\u00f3n con el pueblo, agregando que sin importar si est\u00e9 o no  dirigiendo el estado esa organizaci\u00f3n pol\u00edtica siempre dice presente cuando  ocurren fen\u00f3menos como las tormentas Noel y Olga. <\/p>\n<p>&#13;<\/p>\n<p align=\"justify\" class=\"text1noticias\">\u00abSaldremos engrandecidos por ese  nivel de solidaridad, formaci\u00f3n, y de compenetraci\u00f3n con el pueblo, que tenemos  los pelede\u00edstas\u00bb, concluy\u00f3 miembro del Comit\u00e9 Central del PLD y diputado  de la Rep\u00fablica. <\/p>\n<p>&#13;<\/p>\n<h6> 2007-12-20 20:28:17 <\/h6>\n<p><!--\n<link rel=\"stylesheet\" href=\"css\/bootstrap.min.css\">\n\n\n<ul class=\"pagination\">\n\t    \n\t\n\n<li >\n\t<a href='?page_no=34566'>Previous<\/a>\n\t<\/li>\n\n\n       \n    \n\n<li><a href='?page_no=1'>1<\/a><\/li>\n\n\n\n<li><a href='?page_no=2'>2<\/a><\/li>\n\n\n\n<li><a>...<\/a><\/li>\n\n\n\n<li><a href='?page_no=34565'>34565<\/a><\/li>\n\n\n\n<li><a href='?page_no=34566'>34566<\/a><\/li>\n\n\n\n<li class='active'><a>34567<\/a><\/li>\n\n\n\n<li><a href='?page_no=34568'>34568<\/a><\/li>\n\n\n\n<li><a href='?page_no=34569'>34569<\/a><\/li>\n\n\n\n<li><a>...<\/a><\/li>\n\n\n\n<li><a href='?page_no=36999'>36999<\/a><\/li>\n\n\n\n<li><a href='?page_no=37000'>37000<\/a><\/li>\n\n    \n\t\n\n<li >\n\t<a href='?page_no=34568'>Next<\/a>\n\t<\/li>\n\n\n    \n\n<li><a href='?page_no=37000'>Last &rsaquo;&rsaquo;<\/a><\/li>\n\n<\/ul>\n\n\n--><br \/>\n<\/body><\/p>\n","protected":false},"excerpt":{"rendered":"<p>Miembro Comit\u00e9 Central PLD proclama candidato del PRD comete errores fatales en af\u00e1n por arrancar su propuesta &#13; SANTO DOMINGO.- El miembro del Comit\u00e9 Central del Partido de la Liberaci\u00f3n Dominicana (PLD), Juan Cris\u00f3stomo proclam\u00f3 este jueves que la desesperaci\u00f3n del candidato presidencial perredeista-pepehachista y sus asesores los est\u00e1 llevando a cometer errores fatales en [&hellip;]<\/p>\n","protected":false},"author":3,"featured_media":0,"comment_status":"open","ping_status":"open","sticky":false,"template":"","format":"standard","meta":{"footnotes":""},"categories":[22],"tags":[],"class_list":["post-191819","post","type-post","status-publish","format-standard","hentry","category-politica"],"_links":{"self":[{"href":"https:\/\/diariodominicano.com\/index.php?rest_route=\/wp\/v2\/posts\/191819","targetHints":{"allow":["GET"]}}],"collection":[{"href":"https:\/\/diariodominicano.com\/index.php?rest_route=\/wp\/v2\/posts"}],"about":[{"href":"https:\/\/diariodominicano.com\/index.php?rest_route=\/wp\/v2\/types\/post"}],"author":[{"embeddable":true,"href":"https:\/\/diariodominicano.com\/index.php?rest_route=\/wp\/v2\/users\/3"}],"replies":[{"embeddable":true,"href":"https:\/\/diariodominicano.com\/index.php?rest_route=%2Fwp%2Fv2%2Fcomments&post=191819"}],"version-history":[{"count":0,"href":"https:\/\/diariodominicano.com\/index.php?rest_route=\/wp\/v2\/posts\/191819\/revisions"}],"wp:attachment":[{"href":"https:\/\/diariodominicano.com\/index.php?rest_route=%2Fwp%2Fv2%2Fmedia&parent=191819"}],"wp:term":[{"taxonomy":"category","embeddable":true,"href":"https:\/\/diariodominicano.com\/index.php?rest_route=%2Fwp%2Fv2%2Fcategories&post=191819"},{"taxonomy":"post_tag","embeddable":true,"href":"https:\/\/diariodominicano.com\/index.php?rest_route=%2Fwp%2Fv2%2Ftags&post=191819"}],"curies":[{"name":"wp","href":"https:\/\/api.w.org\/{rel}","templated":true}]}}