{"id":191818,"date":"2007-12-20T20:33:06","date_gmt":"2007-12-20T20:33:06","guid":{"rendered":"http:\/\/diariodominicano.ddns.net\/?p=191818"},"modified":"2007-12-20T20:33:06","modified_gmt":"2007-12-20T20:33:06","slug":"pld-aboga-porque-estragos-de-noel-y-olga-sean-motivos-para-renovar-valores-y-reafirmar-capacidad-regeneradora-de-los-dominicanos-en-navidad","status":"publish","type":"post","link":"https:\/\/diariodominicano.com\/?p=191818","title":{"rendered":"PLD aboga porque estragos de Noel y Olga sean motivos para renovar valores y reafirmar capacidad regeneradora de los dominicanos en navidad"},"content":{"rendered":"<p><body><\/p>\n<p align=\"justify\" class=\"titulogrande1\"><strong>PLD  aboga porque estragos de Noel y Olga sean motivos para renovar valores y  reafirmar capacidad regeneradora de los dominicanos en navidad <\/strong><\/p>\n<p>&#13;<\/p>\n<p align=\"justify\" class=\"text1noticias\"><strong><img loading=\"lazy\" decoding=\"async\" src=\"http:\/\/localhost:8080\/pictures\/pld269.jpg\" width=\"268\" height=\"209\" hspace=\"4\" align=\"left\" \/>SANTO DOMINGO.- <\/strong>El Partido de la Liberaci\u00f3n Dominicana  abog\u00f3 este jueves porque los estragos causados por las tormentas Noel y Olga  sean motivos durante la \u00e9poca navide\u00f1a para renovar valores y reafirmar la  capacidad regeneradora de los dominicanos. <\/p>\n<p>&#13;<\/p>\n<p align=\"justify\" class=\"text1noticias\">As\u00ed lo consigna un parte de la Secretar\u00eda de  Comunicaciones de la organizaci\u00f3n pol\u00edtica rese\u00f1ando el comentario editorial de  La Voz del PLD,  su \u00f3rgano de difusi\u00f3n radial que se transmite de lunes a viernes. <\/p>\n<p>&#13;<\/p>\n<p align=\"justify\" class=\"text1noticias\">Sostuvo el comunicado que en el af\u00e1n de  salir a camino, el pueblo dominicano cuenta actualmente con el ejemplo del  presidente del PLD y de la   Rep\u00fablica, doctor Leonel Fern\u00e1ndez. <\/p>\n<p>&#13;<\/p>\n<p align=\"justify\" class=\"text1noticias\">\u00abEl mandatario, consciente de su  responsabilidad como estadista, visita d\u00eda a d\u00eda las comunidades afectadas,  supervisa las labores de rescate y recuperaci\u00f3n y reitera sus compromisos de  auxiliar a los afectados y de procurar su aliento y consuelo\u00bb, se cita en  la nota despachada por la   Secretar\u00eda de Comunicaciones del PLD. <\/p>\n<p>&#13;<\/p>\n<p align=\"justify\" class=\"text1noticias\">Analiz\u00f3 el referido texto que a manera de  celebrar la importante efem\u00e9ride cat\u00f3lica debe motivarse el reforzamiento de la  solidaridad, sobre todo en aquellas zonas impactadas por los indicados  fen\u00f3menos naturales. <\/p>\n<p>&#13;<\/p>\n<p align=\"justify\" class=\"text1noticias\">La Voz del PLD expres\u00f3 que el Presidente Leonel  Fern\u00e1ndez es la gu\u00eda para garantizar que saldremos a camino. <\/p>\n<p>&#13;<\/p>\n<p align=\"justify\" class=\"text1noticias\">\u00abEstos d\u00edas son propicios para  promover los valores cristianos, la unidad familiar y la renovaci\u00f3n de valores  en procura de mayor armon\u00eda y solidaridad\u00bb, agreg\u00f3 la nota. <\/p>\n<p>&#13;<\/p>\n<p align=\"justify\" class=\"text1noticias\">Subray\u00f3 igualmente que el Partido de la Liberaci\u00f3n Dominicana,  siguiendo el ejemplo de su presidente y las directrices de su dirigencia,  manifiesta, de distintas formas, identificaci\u00f3n con las familias que perdieron  miembros y pertenencias materiales durante el paso de las tormentas Noel y  Olga. <\/p>\n<p>&#13;<\/p>\n<p align=\"justify\" class=\"text1noticias\">\u201cReitera, sus principios de solidaridad,  humanidad. sensibilidad social pese a las condiciones naturales que crearon en  nosotros notorias dificultades, La   Voz del PLD de manera muy sincera les desea muchas  felicidades\u00bb, exclam\u00f3 el comentario editorial del programa radial del  partido morado. <\/p>\n<p>&#13;<\/p>\n<p align=\"justify\" class=\"text1noticias\">Concluy\u00f3 llamando a celebrar el nacimiento  de Jes\u00fas y la renovaci\u00f3n de la esperanza hacia un mejor porvenir guiado por el  crecimiento y el progreso de una gesti\u00f3n de gobierno seria, transparente y  socialmente preocupada. <\/p>\n<p>&#13;<\/p>\n<h6> 2007-12-20 20:33:06 <\/h6>\n<p><!--\n<link rel=\"stylesheet\" href=\"css\/bootstrap.min.css\">\n\n\n<ul class=\"pagination\">\n\t    \n\t\n\n<li >\n\t<a href='?page_no=34565'>Previous<\/a>\n\t<\/li>\n\n\n       \n    \n\n<li><a href='?page_no=1'>1<\/a><\/li>\n\n\n\n<li><a href='?page_no=2'>2<\/a><\/li>\n\n\n\n<li><a>...<\/a><\/li>\n\n\n\n<li><a href='?page_no=34564'>34564<\/a><\/li>\n\n\n\n<li><a href='?page_no=34565'>34565<\/a><\/li>\n\n\n\n<li class='active'><a>34566<\/a><\/li>\n\n\n\n<li><a href='?page_no=34567'>34567<\/a><\/li>\n\n\n\n<li><a href='?page_no=34568'>34568<\/a><\/li>\n\n\n\n<li><a>...<\/a><\/li>\n\n\n\n<li><a href='?page_no=36999'>36999<\/a><\/li>\n\n\n\n<li><a href='?page_no=37000'>37000<\/a><\/li>\n\n    \n\t\n\n<li >\n\t<a href='?page_no=34567'>Next<\/a>\n\t<\/li>\n\n\n    \n\n<li><a href='?page_no=37000'>Last &rsaquo;&rsaquo;<\/a><\/li>\n\n<\/ul>\n\n\n--><br \/>\n<\/body><\/p>\n","protected":false},"excerpt":{"rendered":"<p>PLD aboga porque estragos de Noel y Olga sean motivos para renovar valores y reafirmar capacidad regeneradora de los dominicanos en navidad &#13; SANTO DOMINGO.- El Partido de la Liberaci\u00f3n Dominicana abog\u00f3 este jueves porque los estragos causados por las tormentas Noel y Olga sean motivos durante la \u00e9poca navide\u00f1a para renovar valores y reafirmar [&hellip;]<\/p>\n","protected":false},"author":3,"featured_media":0,"comment_status":"open","ping_status":"open","sticky":false,"template":"","format":"standard","meta":{"footnotes":""},"categories":[22],"tags":[],"class_list":["post-191818","post","type-post","status-publish","format-standard","hentry","category-politica"],"_links":{"self":[{"href":"https:\/\/diariodominicano.com\/index.php?rest_route=\/wp\/v2\/posts\/191818","targetHints":{"allow":["GET"]}}],"collection":[{"href":"https:\/\/diariodominicano.com\/index.php?rest_route=\/wp\/v2\/posts"}],"about":[{"href":"https:\/\/diariodominicano.com\/index.php?rest_route=\/wp\/v2\/types\/post"}],"author":[{"embeddable":true,"href":"https:\/\/diariodominicano.com\/index.php?rest_route=\/wp\/v2\/users\/3"}],"replies":[{"embeddable":true,"href":"https:\/\/diariodominicano.com\/index.php?rest_route=%2Fwp%2Fv2%2Fcomments&post=191818"}],"version-history":[{"count":0,"href":"https:\/\/diariodominicano.com\/index.php?rest_route=\/wp\/v2\/posts\/191818\/revisions"}],"wp:attachment":[{"href":"https:\/\/diariodominicano.com\/index.php?rest_route=%2Fwp%2Fv2%2Fmedia&parent=191818"}],"wp:term":[{"taxonomy":"category","embeddable":true,"href":"https:\/\/diariodominicano.com\/index.php?rest_route=%2Fwp%2Fv2%2Fcategories&post=191818"},{"taxonomy":"post_tag","embeddable":true,"href":"https:\/\/diariodominicano.com\/index.php?rest_route=%2Fwp%2Fv2%2Ftags&post=191818"}],"curies":[{"name":"wp","href":"https:\/\/api.w.org\/{rel}","templated":true}]}}