{"id":191817,"date":"2007-12-21T01:14:14","date_gmt":"2007-12-21T01:14:14","guid":{"rendered":"http:\/\/diariodominicano.ddns.net\/?p=191817"},"modified":"2007-12-21T01:14:14","modified_gmt":"2007-12-21T01:14:14","slug":"vargas-maldonado-afirma-leonel-abandono-principios-de-bosch-mientras-el-recupera-tradiciones-democraticas-del-prd","status":"publish","type":"post","link":"https:\/\/diariodominicano.com\/?p=191817","title":{"rendered":"Vargas Maldonado afirma Leonel abandon\u00f3 principios de Bosch mientras \u00e9l recupera tradiciones democr\u00e1ticas del PRD"},"content":{"rendered":"<p><body><\/p>\n<p align=\"justify\" class=\"titulogrande1\">Vargas  Maldonado afirma Leonel abandon\u00f3  principios de Bosch mientras \u00e9l recupera tradiciones democr\u00e1ticas del PRD <\/p>\n<p>&#13;<\/p>\n<p align=\"justify\" class=\"text1noticias\"><strong><img loading=\"lazy\" decoding=\"async\" src=\"http:\/\/localhost:8080\/pictures\/maldonadofoto.jpg\" width=\"269\" height=\"191\" hspace=\"4\" align=\"left\" \/>Santo Domingo.- <\/strong>El candidato  presidencial Miguel Vargas afirm\u00f3 que su  compromiso para establecer la prohibici\u00f3n de la reelecci\u00f3n presidencial  consecutiva se relaciona directamente con la trayectoria del doctor Jos\u00e9  Francisco Pe\u00f1a G\u00f3mez y la p\u00e1gina de la historia dominicana abierta por el  profesor Juan Bosch cuando fue electo presidente de la Rep\u00fablica en las  elecciones del 20 de diciembre del 1962.<\/p>\n<p>&#13;<\/p>\n<p align=\"justify\" class=\"text1noticias\">Hablando en el Comando  Nacional de Campa\u00f1a a decenas de j\u00f3venes pertenecientes a la Juventud Revolucionaria  Dominicana, en ocasi\u00f3n de celebrarse el 46 aniversario de la primera victoria  del PRD, record\u00f3 que desde que fue electo \u201cJuan Bosch gestion\u00f3 una reforma que  excluy\u00f3 la reelecci\u00f3n presidencial de nuestra Constituci\u00f3n\u201d.<\/p>\n<p>&#13;<\/p>\n<p align=\"justify\" class=\"text1noticias\">En ese sentido dijo que ha  contra\u00eddo el compromiso p\u00fablico de convocar una Constituyente con el mismo  prop\u00f3sito, convencido, como estuvieron Bosch y el doctor Pe\u00f1a G\u00f3mez de que la  reelecci\u00f3n es da\u00f1ina en un pa\u00eds de instituciones tan d\u00e9biles como la Rep\u00fablica Dominicana.<\/p>\n<p>&#13;<\/p>\n<p align=\"justify\" class=\"text1noticias\"> Se\u00f1al\u00f3 que \u201cen esa conexi\u00f3n con la  visi\u00f3n pol\u00edtica de Bosch y de Pe\u00f1a, nosotros nos diferenciamos del presidente  reeleccionista, pues mientras creemos en la alternabilidad democr\u00e1tica en el  poder, \u00e9l cierra todos los caminos a las leg\u00edtimas aspiraciones de sus  compa\u00f1eros\u201d.<\/p>\n<p>&#13;<\/p>\n<p align=\"justify\" class=\"text1noticias\"> Puntualiz\u00f3 que \u201cen base al respeto y la  consideraci\u00f3n de los dem\u00e1s l\u00edderes de nuestro partido ganamos una competencia  democr\u00e1tica y hoy podemos mostrarle al pa\u00eds un Partido Revolucionario  Dominicano trabajando unido para la victoria, pero en la competencia interna de  su partido el presidente candidato mantuvo una conducta que atropell\u00f3 los  valores democr\u00e1ticos, lo que no ignora ning\u00fan dirigente de su partido que se  respete\u201d.<\/p>\n<p>&#13;<\/p>\n<p align=\"justify\" class=\"text1noticias\"> Ampli\u00f3 que \u201cmientras el candidato  reeleccionista ha renegado del pensamiento y de los principios hist\u00f3ricos del  fundador de su partido, nosotros estamos recuperando y fortaleciendo las  mejores herencias del l\u00edder hist\u00f3rico de nuestro partido, Jos\u00e9 Francisco Pe\u00f1a  G\u00f3mez, incluyendo su vocaci\u00f3n reformadora y su tradici\u00f3n institucionaliza, y  muy especialmente su posici\u00f3n anticontinuista\u201d.<\/p>\n<p>&#13;<\/p>\n<p align=\"justify\" class=\"text1noticias\"> Sostuvo que \u201cmientras demostramos con  hechos que somos respetuosos de las diferencias que puedan tener otros  compa\u00f1eros y compa\u00f1eras con nosotros, el candidato presidente demuestra en cada  momento su incapacidad para respetar las ideas y los derechos de los dem\u00e1s.\u201d<\/p>\n<p>&#13;<\/p>\n<p align=\"justify\" class=\"text1noticias\"> Agreg\u00f3 que \u201cnosotros reconocemos los m\u00e9ritos  y distinguimos a nuestros compa\u00f1eros y compa\u00f1eras, el presidente Fern\u00e1ndez  desprecia a sus compa\u00f1eros que sean capaces de defender sus derechos,  aspiraciones e independencia de criterios, y prefiere acompa\u00f1arse de los\u00a0 sumisos que se subordinen a sus ambiciones  continuistas\u201d.<\/p>\n<p>&#13;<br \/>\n\u00a0\u00a0\u00a0 <\/p>\n<div align=\"justify\" class=\"text1noticias\">Advirti\u00f3 entonces que  \u201cmientras nosotros hemos escogido la l\u00ednea de respetar, unir y consensuar al  interior de nuestro partido y hacia la sociedad, el doctor Leonel Fern\u00e1ndez usa  el recurso de dividir, corromper y desacreditar a los dirigentes de los  partidos de oposici\u00f3n mientras ignora a los sectores organizados de la sociedad  y act\u00faa por completo de espaldas a ellos, como est\u00e1 demostrando en estos d\u00edas  con el proyecto de Presupuesto y como ha sido su conducta tradicional.<\/div>\n<p>&#13;<\/p>\n<h6> 2007-12-21 01:14:14 <\/h6>\n<p><!--\n<link rel=\"stylesheet\" href=\"css\/bootstrap.min.css\">\n\n\n<ul class=\"pagination\">\n\t    \n\t\n\n<li >\n\t<a href='?page_no=34564'>Previous<\/a>\n\t<\/li>\n\n\n       \n    \n\n<li><a href='?page_no=1'>1<\/a><\/li>\n\n\n\n<li><a href='?page_no=2'>2<\/a><\/li>\n\n\n\n<li><a>...<\/a><\/li>\n\n\n\n<li><a href='?page_no=34563'>34563<\/a><\/li>\n\n\n\n<li><a href='?page_no=34564'>34564<\/a><\/li>\n\n\n\n<li class='active'><a>34565<\/a><\/li>\n\n\n\n<li><a href='?page_no=34566'>34566<\/a><\/li>\n\n\n\n<li><a href='?page_no=34567'>34567<\/a><\/li>\n\n\n\n<li><a>...<\/a><\/li>\n\n\n\n<li><a href='?page_no=36999'>36999<\/a><\/li>\n\n\n\n<li><a href='?page_no=37000'>37000<\/a><\/li>\n\n    \n\t\n\n<li >\n\t<a href='?page_no=34566'>Next<\/a>\n\t<\/li>\n\n\n    \n\n<li><a href='?page_no=37000'>Last &rsaquo;&rsaquo;<\/a><\/li>\n\n<\/ul>\n\n\n--><br \/>\n<\/body><\/p>\n","protected":false},"excerpt":{"rendered":"<p>Vargas Maldonado afirma Leonel abandon\u00f3 principios de Bosch mientras \u00e9l recupera tradiciones democr\u00e1ticas del PRD &#13; Santo Domingo.- El candidato presidencial Miguel Vargas afirm\u00f3 que su compromiso para establecer la prohibici\u00f3n de la reelecci\u00f3n presidencial consecutiva se relaciona directamente con la trayectoria del doctor Jos\u00e9 Francisco Pe\u00f1a G\u00f3mez y la p\u00e1gina de la historia dominicana [&hellip;]<\/p>\n","protected":false},"author":3,"featured_media":0,"comment_status":"open","ping_status":"open","sticky":false,"template":"","format":"standard","meta":{"footnotes":""},"categories":[22],"tags":[],"class_list":["post-191817","post","type-post","status-publish","format-standard","hentry","category-politica"],"_links":{"self":[{"href":"https:\/\/diariodominicano.com\/index.php?rest_route=\/wp\/v2\/posts\/191817","targetHints":{"allow":["GET"]}}],"collection":[{"href":"https:\/\/diariodominicano.com\/index.php?rest_route=\/wp\/v2\/posts"}],"about":[{"href":"https:\/\/diariodominicano.com\/index.php?rest_route=\/wp\/v2\/types\/post"}],"author":[{"embeddable":true,"href":"https:\/\/diariodominicano.com\/index.php?rest_route=\/wp\/v2\/users\/3"}],"replies":[{"embeddable":true,"href":"https:\/\/diariodominicano.com\/index.php?rest_route=%2Fwp%2Fv2%2Fcomments&post=191817"}],"version-history":[{"count":0,"href":"https:\/\/diariodominicano.com\/index.php?rest_route=\/wp\/v2\/posts\/191817\/revisions"}],"wp:attachment":[{"href":"https:\/\/diariodominicano.com\/index.php?rest_route=%2Fwp%2Fv2%2Fmedia&parent=191817"}],"wp:term":[{"taxonomy":"category","embeddable":true,"href":"https:\/\/diariodominicano.com\/index.php?rest_route=%2Fwp%2Fv2%2Fcategories&post=191817"},{"taxonomy":"post_tag","embeddable":true,"href":"https:\/\/diariodominicano.com\/index.php?rest_route=%2Fwp%2Fv2%2Ftags&post=191817"}],"curies":[{"name":"wp","href":"https:\/\/api.w.org\/{rel}","templated":true}]}}