{"id":191815,"date":"2007-12-21T02:39:23","date_gmt":"2007-12-21T02:39:23","guid":{"rendered":"http:\/\/diariodominicano.ddns.net\/?p=191815"},"modified":"2007-12-21T02:39:23","modified_gmt":"2007-12-21T02:39:23","slug":"amable-2008-sera-ano-de-los-pobres","status":"publish","type":"post","link":"https:\/\/diariodominicano.com\/?p=191815","title":{"rendered":"Amable: \u201c2008 ser\u00e1 a\u00f1o de los pobres\u201d"},"content":{"rendered":"<p><body><\/p>\n<p class=\"titulogrande1\"><strong>Amable: \u201c2008 ser\u00e1 a\u00f1o de los pobres\u201d<\/strong><\/p>\n<p>&#13;<\/p>\n<p align=\"justify\" class=\"text1noticias\">El  candidato presidencial del Partido Reformista Social Cristiano (PRSC), Amable  Aristy, declar\u00f3 que el 2008 ser\u00e1 el a\u00f1o de los pobres porque cuando asuma la Presidencia de la Rep\u00fablica su principal  prioridad ser\u00e1 mejorar las condiciones de vida y garantizar el ascenso social  de millones de dominicanos que viven en la pobreza e indigencia.<\/p>\n<p>&#13;<\/p>\n<p align=\"justify\" class=\"text1noticias\">\u201cA  partir del 16 de agosto del pr\u00f3ximo a\u00f1o, le llegar\u00e1 el turno de los pobres,  pues gobernaremos por y para erradicar la indigencia y reducir la pobreza\u201d,  agreg\u00f3.<\/p>\n<p>&#13;<\/p>\n<p align=\"justify\" class=\"text1noticias\">Dijo  que la pobreza al concluir nuestra administraci\u00f3n \u201cser\u00e1 cosa del pasado, porque  le declararemos una guerra sin cuartel hasta vencerla\u201d.<\/p>\n<p>&#13;<\/p>\n<p align=\"justify\" class=\"text1noticias\">Aristy  Castro asegur\u00f3 que su triunfo electoral convertir\u00e1 el 2008 en el a\u00f1o del  verdadero cambio que anhelan los pobres, la clase media y los sectores  productivos, \u201cporque encabezaremos un gobierno de verdad, sin mentiras ni  simulaciones y con respeto irrestricto a la constituci\u00f3n y las leyes\u201d. <\/p>\n<p>&#13;<\/p>\n<p align=\"justify\" class=\"text1noticias\">Aristy  Castro sigui\u00f3 diciendo que todo eso se har\u00e1 garantizando la estabilidad y el  crecimiento econ\u00f3mico y haciendo de Rep\u00fablica Dominicana\u00a0 un pa\u00eds cada vez m\u00e1s competitivo en el mundo  global.<\/p>\n<p>&#13;<\/p>\n<p align=\"justify\" class=\"text1noticias\">Asegur\u00f3 que los partidos  Revolucionario Dominicano (PRD) y de la Liberaci\u00f3n Dominicana  (PLD) han fracasado en la lucha contra la pobreza.<\/p>\n<p>&#13;<\/p>\n<p align=\"justify\" class=\"text1noticias\">Explic\u00f3 en ese sentido que en  el gobierno del PRD-PPH se desestabiliz\u00f3 la econom\u00eda alcanzando niveles de  inflaci\u00f3n y devaluaci\u00f3n nunca visto, lo que dijo provoc\u00f3 el cierre de cientos  de empresas y peque\u00f1os negocios.<\/p>\n<p>&#13;<\/p>\n<p align=\"justify\" class=\"text1noticias\">En tanto, dijo que en la  administraci\u00f3n del presidente Fern\u00e1ndez \u201cle han robado los beneficios de la  estabilidad, el crecimiento econ\u00f3mico y el tratado de Libre Comercio (DR-CAFTA)  con cuatro reformas fiscales con las que han creado y aumentado las tasas  impositivas y el diferencial de los hidrocarburos, provocando los mismos  efectos en contra de los pobres que los perredeistas\u201d.<br \/>&#13;<br \/>\n  \u00a0<br \/>&#13;<br \/>\n  El aspirante a la Presidencia de la Rep\u00fablica reiter\u00f3 que  disminuir\u00e1 sustancialmente el Itebis, el impuesto a los combustibles y otros  impuestos para que haya una disminuci\u00f3n real en los precios de los alimentos,  la medicina y dem\u00e1s bienes y servicios \u201cque hoy pr\u00e1cticamente resultan son  incosteables para la mayor\u00eda de la poblaci\u00f3n\u201d.<\/p>\n<p>&#13;<\/p>\n<p align=\"justify\" class=\"text1noticias\">Aristy Castro explic\u00f3 que en  su administraci\u00f3n los pobres ser\u00e1n los primeros en recibir beneficios y  servicios de calidad del Estado, como viviendas, agua potable, salud, educaci\u00f3n  y empleos bien remunerados.<\/p>\n<p>&#13;<\/p>\n<h6> 2007-12-21 02:39:23 <\/h6>\n<p><!--\n<link rel=\"stylesheet\" href=\"css\/bootstrap.min.css\">\n\n\n<ul class=\"pagination\">\n\t    \n\t\n\n<li >\n\t<a href='?page_no=34562'>Previous<\/a>\n\t<\/li>\n\n\n       \n    \n\n<li><a href='?page_no=1'>1<\/a><\/li>\n\n\n\n<li><a href='?page_no=2'>2<\/a><\/li>\n\n\n\n<li><a>...<\/a><\/li>\n\n\n\n<li><a href='?page_no=34561'>34561<\/a><\/li>\n\n\n\n<li><a href='?page_no=34562'>34562<\/a><\/li>\n\n\n\n<li class='active'><a>34563<\/a><\/li>\n\n\n\n<li><a href='?page_no=34564'>34564<\/a><\/li>\n\n\n\n<li><a href='?page_no=34565'>34565<\/a><\/li>\n\n\n\n<li><a>...<\/a><\/li>\n\n\n\n<li><a href='?page_no=36999'>36999<\/a><\/li>\n\n\n\n<li><a href='?page_no=37000'>37000<\/a><\/li>\n\n    \n\t\n\n<li >\n\t<a href='?page_no=34564'>Next<\/a>\n\t<\/li>\n\n\n    \n\n<li><a href='?page_no=37000'>Last &rsaquo;&rsaquo;<\/a><\/li>\n\n<\/ul>\n\n\n--><br \/>\n<\/body><\/p>\n","protected":false},"excerpt":{"rendered":"<p>Amable: \u201c2008 ser\u00e1 a\u00f1o de los pobres\u201d &#13; El candidato presidencial del Partido Reformista Social Cristiano (PRSC), Amable Aristy, declar\u00f3 que el 2008 ser\u00e1 el a\u00f1o de los pobres porque cuando asuma la Presidencia de la Rep\u00fablica su principal prioridad ser\u00e1 mejorar las condiciones de vida y garantizar el ascenso social de millones de dominicanos [&hellip;]<\/p>\n","protected":false},"author":3,"featured_media":0,"comment_status":"open","ping_status":"open","sticky":false,"template":"","format":"standard","meta":{"footnotes":""},"categories":[22],"tags":[],"class_list":["post-191815","post","type-post","status-publish","format-standard","hentry","category-politica"],"_links":{"self":[{"href":"https:\/\/diariodominicano.com\/index.php?rest_route=\/wp\/v2\/posts\/191815","targetHints":{"allow":["GET"]}}],"collection":[{"href":"https:\/\/diariodominicano.com\/index.php?rest_route=\/wp\/v2\/posts"}],"about":[{"href":"https:\/\/diariodominicano.com\/index.php?rest_route=\/wp\/v2\/types\/post"}],"author":[{"embeddable":true,"href":"https:\/\/diariodominicano.com\/index.php?rest_route=\/wp\/v2\/users\/3"}],"replies":[{"embeddable":true,"href":"https:\/\/diariodominicano.com\/index.php?rest_route=%2Fwp%2Fv2%2Fcomments&post=191815"}],"version-history":[{"count":0,"href":"https:\/\/diariodominicano.com\/index.php?rest_route=\/wp\/v2\/posts\/191815\/revisions"}],"wp:attachment":[{"href":"https:\/\/diariodominicano.com\/index.php?rest_route=%2Fwp%2Fv2%2Fmedia&parent=191815"}],"wp:term":[{"taxonomy":"category","embeddable":true,"href":"https:\/\/diariodominicano.com\/index.php?rest_route=%2Fwp%2Fv2%2Fcategories&post=191815"},{"taxonomy":"post_tag","embeddable":true,"href":"https:\/\/diariodominicano.com\/index.php?rest_route=%2Fwp%2Fv2%2Ftags&post=191815"}],"curies":[{"name":"wp","href":"https:\/\/api.w.org\/{rel}","templated":true}]}}