{"id":191813,"date":"2007-12-21T04:34:07","date_gmt":"2007-12-21T04:34:07","guid":{"rendered":"http:\/\/diariodominicano.ddns.net\/?p=191813"},"modified":"2007-12-21T04:34:07","modified_gmt":"2007-12-21T04:34:07","slug":"los-presidentes-hugo-chavez-y-rene-preval-ya-estan-en-cuba","status":"publish","type":"post","link":"https:\/\/diariodominicano.com\/?p=191813","title":{"rendered":"Los presidentes Hugo Ch\u00e1vez y Ren\u00e9 Preval ya est\u00e1n en Cuba"},"content":{"rendered":"<p><body><\/p>\n<p align=\"justify\"><strong class=\"titulogrande1\">Los presidentes Hugo Ch\u00e1vez y Ren\u00e9 Preval ya est\u00e1n en Cuba<\/strong><br \/>&#13;<br \/>\n  <br \/>&#13;<br \/>\n    <span class=\"text1noticias\"><strong>CIENFUEGOS.\u2014 <\/strong>Con los mejores atuendos,  como solo puede lucir una ciudad cuyo centro hist\u00f3rico posee el t\u00edtulo de  Patrimonio Cultural de la   Humanidad, se viste Cienfuegos a la espera de la IV Cumbre de  Petrocaribe, para cuya convocatoria ya est\u00e1n en Cuba los presidentes de  Venezuela, Hugo Ch\u00e1vez, y de Hait\u00ed, Ren\u00e9 Preval.<br \/>&#13;<br \/>\n    <br \/>&#13;<br \/>\n    Por primera vez esta urbe, al centro y sur  de Cuba, acoge a tantos representantes de alto nivel como son los presidentes y  delegaciones de los pa\u00edses del Caribe, que este viernes 21 de diciembre estar\u00e1n  reunidos aqu\u00ed, inform\u00f3 la AIN.<br \/>&#13;<br \/>\n    <br \/>&#13;<br \/>\n    Los cienfuegueros protagonizan a\u00fan largas  jornadas de trabajo en la pintura de sus inmuebles, calles, espacios p\u00fablicos,  limpian \u00e1reas verdes, iluminan cada rinc\u00f3n, y as\u00ed resurge una ciudad ya no solo  marinera, sino tambi\u00e9n industrializada.<br \/>&#13;<br \/>\n    <br \/>&#13;<br \/>\n    Banderas y vallas de salutaci\u00f3n a las  delegaciones de los pa\u00edses del Caribe son colocadas a lo largo de las avenidas  principales de esta cabecera provincial, tales como el Paseo del Prado,  considerado el m\u00e1s largo de Cuba, y la avenida Sim\u00f3n Bol\u00edvar que conduce a la  refiner\u00eda de petr\u00f3leo Camilo Cienfuegos.<br \/>&#13;<br \/>\n    <br \/>&#13;<br \/>\n    En las calles, mercados y centros  laborales el tema es la Cumbre  de Petrocaribe y la pr\u00f3xima arrancada de la refiner\u00eda de petr\u00f3leo, de donde se  derivan grandes beneficios para Am\u00e9rica Latina.<br \/>&#13;<br \/>\n    <br \/>&#13;<br \/>\nGranma 20\/122007<\/span><\/p>\n<p>&#13;<\/p>\n<h6> 2007-12-21 04:34:07 <\/h6>\n<p><!--\n<link rel=\"stylesheet\" href=\"css\/bootstrap.min.css\">\n\n\n<ul class=\"pagination\">\n\t    \n\t\n\n<li >\n\t<a href='?page_no=34560'>Previous<\/a>\n\t<\/li>\n\n\n       \n    \n\n<li><a href='?page_no=1'>1<\/a><\/li>\n\n\n\n<li><a href='?page_no=2'>2<\/a><\/li>\n\n\n\n<li><a>...<\/a><\/li>\n\n\n\n<li><a href='?page_no=34559'>34559<\/a><\/li>\n\n\n\n<li><a href='?page_no=34560'>34560<\/a><\/li>\n\n\n\n<li class='active'><a>34561<\/a><\/li>\n\n\n\n<li><a href='?page_no=34562'>34562<\/a><\/li>\n\n\n\n<li><a href='?page_no=34563'>34563<\/a><\/li>\n\n\n\n<li><a>...<\/a><\/li>\n\n\n\n<li><a href='?page_no=36999'>36999<\/a><\/li>\n\n\n\n<li><a href='?page_no=37000'>37000<\/a><\/li>\n\n    \n\t\n\n<li >\n\t<a href='?page_no=34562'>Next<\/a>\n\t<\/li>\n\n\n    \n\n<li><a href='?page_no=37000'>Last &rsaquo;&rsaquo;<\/a><\/li>\n\n<\/ul>\n\n\n--><br \/>\n<\/body><\/p>\n","protected":false},"excerpt":{"rendered":"<p>Los presidentes Hugo Ch\u00e1vez y Ren\u00e9 Preval ya est\u00e1n en Cuba&#13; &#13; CIENFUEGOS.\u2014 Con los mejores atuendos, como solo puede lucir una ciudad cuyo centro hist\u00f3rico posee el t\u00edtulo de Patrimonio Cultural de la Humanidad, se viste Cienfuegos a la espera de la IV Cumbre de Petrocaribe, para cuya convocatoria ya est\u00e1n en Cuba los [&hellip;]<\/p>\n","protected":false},"author":3,"featured_media":0,"comment_status":"open","ping_status":"open","sticky":false,"template":"","format":"standard","meta":{"footnotes":""},"categories":[22],"tags":[],"class_list":["post-191813","post","type-post","status-publish","format-standard","hentry","category-politica"],"_links":{"self":[{"href":"https:\/\/diariodominicano.com\/index.php?rest_route=\/wp\/v2\/posts\/191813","targetHints":{"allow":["GET"]}}],"collection":[{"href":"https:\/\/diariodominicano.com\/index.php?rest_route=\/wp\/v2\/posts"}],"about":[{"href":"https:\/\/diariodominicano.com\/index.php?rest_route=\/wp\/v2\/types\/post"}],"author":[{"embeddable":true,"href":"https:\/\/diariodominicano.com\/index.php?rest_route=\/wp\/v2\/users\/3"}],"replies":[{"embeddable":true,"href":"https:\/\/diariodominicano.com\/index.php?rest_route=%2Fwp%2Fv2%2Fcomments&post=191813"}],"version-history":[{"count":0,"href":"https:\/\/diariodominicano.com\/index.php?rest_route=\/wp\/v2\/posts\/191813\/revisions"}],"wp:attachment":[{"href":"https:\/\/diariodominicano.com\/index.php?rest_route=%2Fwp%2Fv2%2Fmedia&parent=191813"}],"wp:term":[{"taxonomy":"category","embeddable":true,"href":"https:\/\/diariodominicano.com\/index.php?rest_route=%2Fwp%2Fv2%2Fcategories&post=191813"},{"taxonomy":"post_tag","embeddable":true,"href":"https:\/\/diariodominicano.com\/index.php?rest_route=%2Fwp%2Fv2%2Ftags&post=191813"}],"curies":[{"name":"wp","href":"https:\/\/api.w.org\/{rel}","templated":true}]}}