{"id":191812,"date":"2007-12-21T17:13:44","date_gmt":"2007-12-21T17:13:44","guid":{"rendered":"http:\/\/diariodominicano.ddns.net\/?p=191812"},"modified":"2007-12-21T17:13:44","modified_gmt":"2007-12-21T17:13:44","slug":"ptd-llama-a-la-poblacion-tener-prudencia-y-moderacion-en-navidad-y-ano-nuevo","status":"publish","type":"post","link":"https:\/\/diariodominicano.com\/?p=191812","title":{"rendered":"PTD llama a la poblaci\u00f3n tener prudencia y moderaci\u00f3n en Navidad y A\u00f1o Nuevo"},"content":{"rendered":"<p><body><\/p>\n<p align=\"justify\" class=\"titulogrande1\"><strong>PTD llama a la poblaci\u00f3n tener prudencia  y moderaci\u00f3n en Navidad y A\u00f1o Nuevo<\/strong><\/p>\n<p>&#13;<\/p>\n<p align=\"justify\" class=\"text1noticias\"><strong>BARAHONA.-<\/strong>  El Partido de los Trabajadores (PTD), llam\u00f3 este viernes a la poblaci\u00f3n a la  prudencia y moderaci\u00f3n durante las festividades de Navidad y A\u00f1o Nuevo.\u00a0 <\/p>\n<p>&#13;<\/p>\n<p align=\"justify\" class=\"text1noticias\">La  entidad pol\u00edtica que preside el secretario de estado y director ejecutivo del  Fondo de Promoci\u00f3n a las Iniciativas Comunitarias (PROCOMUNIDAD), Jos\u00e9 Gonz\u00e1lez  Espinosa, manifest\u00f3 que la \u00e9poca de Navidad, es para\u00a0 celebrarla en paz y armon\u00eda con sus  familiares, amigos, vecinos y relacionados.<\/p>\n<p>&#13;<\/p>\n<p align=\"justify\" class=\"text1noticias\">\u201cEn  esta Navidad los dominicanos debemos\u00a0  reactivar\u00a0 nuestro esp\u00edritu\u00a0 de\u00a0  solidaridad, renacer\u00a0\u00a0 las  buenas\u00a0 acciones, en\u00a0 estos momentos\u00a0 en\u00a0 que\u00a0 muchos\u00a0  de nuestros compatriotas atraviesan por situaciones dif\u00edciles\u201d expres\u00f3  el PTD en una nota de prensa suministrada por la secretaria de comunicaciones  de la entidad pol\u00edtica.<\/p>\n<p>&#13;<\/p>\n<p align=\"justify\" class=\"text1noticias\">La  organizaci\u00f3n aliada al Partido de la Liberaci\u00f3n Dominicana  (PLD), expres\u00f3 que \u201cen este tiempo de noche buena los dominicanos debemos  meditar sobre la realidad que vive el pa\u00eds y tener la plena confianza que con  la conducci\u00f3n de los destinos del estado en las manos del presidente  Leonel\u00a0 Fern\u00e1ndez y el Bloque Progresista  el progreso, la confianza, tranquilidad, estabilidad, se mantendr\u00e1n por mucho  tiempo, para beneficios de todos\u201d.<\/p>\n<p>&#13;<\/p>\n<p align=\"justify\" class=\"text1noticias\">\u201cNo  podemos mirar hacia el pasado tenemos que tener la fe puesta en el presidente  Fern\u00e1ndez Reyna, quien\u00a0 ha\u00a0\u00a0 demostrado\u00a0  tener\u00a0 sensibilidad\u00a0 humana,\u00a0  en\u00a0 los\u00a0 momentos dif\u00edciles por la que vive\u00a0 nuestra\u00a0  Naci\u00f3n\u201d manifest\u00f3 el PTD.<\/p>\n<p>&#13;<\/p>\n<p align=\"justify\" class=\"text1noticias\">Asimismo,  la entidad de los colores verde y negro y la flor de la cayena, exhort\u00f3 a los  padres que en estas celebraciones de Navidad y A\u00f1o Nuevo no permitir que sus  hijos usen fuegos artificiales debido al peligro que representan , prudencia en  el consumo de bebidas alcoh\u00f3licas, no hacer disparos al aire y conducir sin  excesos de velocidad.<\/p>\n<p>&#13;<\/p>\n<h6> 2007-12-21 17:13:44 <\/h6>\n<p><!--\n<link rel=\"stylesheet\" href=\"css\/bootstrap.min.css\">\n\n\n<ul class=\"pagination\">\n\t    \n\t\n\n<li >\n\t<a href='?page_no=34559'>Previous<\/a>\n\t<\/li>\n\n\n       \n    \n\n<li><a href='?page_no=1'>1<\/a><\/li>\n\n\n\n<li><a href='?page_no=2'>2<\/a><\/li>\n\n\n\n<li><a>...<\/a><\/li>\n\n\n\n<li><a href='?page_no=34558'>34558<\/a><\/li>\n\n\n\n<li><a href='?page_no=34559'>34559<\/a><\/li>\n\n\n\n<li class='active'><a>34560<\/a><\/li>\n\n\n\n<li><a href='?page_no=34561'>34561<\/a><\/li>\n\n\n\n<li><a href='?page_no=34562'>34562<\/a><\/li>\n\n\n\n<li><a>...<\/a><\/li>\n\n\n\n<li><a href='?page_no=36999'>36999<\/a><\/li>\n\n\n\n<li><a href='?page_no=37000'>37000<\/a><\/li>\n\n    \n\t\n\n<li >\n\t<a href='?page_no=34561'>Next<\/a>\n\t<\/li>\n\n\n    \n\n<li><a href='?page_no=37000'>Last &rsaquo;&rsaquo;<\/a><\/li>\n\n<\/ul>\n\n\n--><br \/>\n<\/body><\/p>\n","protected":false},"excerpt":{"rendered":"<p>PTD llama a la poblaci\u00f3n tener prudencia y moderaci\u00f3n en Navidad y A\u00f1o Nuevo &#13; BARAHONA.- El Partido de los Trabajadores (PTD), llam\u00f3 este viernes a la poblaci\u00f3n a la prudencia y moderaci\u00f3n durante las festividades de Navidad y A\u00f1o Nuevo.\u00a0 &#13; La entidad pol\u00edtica que preside el secretario de estado y director ejecutivo del [&hellip;]<\/p>\n","protected":false},"author":3,"featured_media":0,"comment_status":"open","ping_status":"open","sticky":false,"template":"","format":"standard","meta":{"footnotes":""},"categories":[22],"tags":[],"class_list":["post-191812","post","type-post","status-publish","format-standard","hentry","category-politica"],"_links":{"self":[{"href":"https:\/\/diariodominicano.com\/index.php?rest_route=\/wp\/v2\/posts\/191812","targetHints":{"allow":["GET"]}}],"collection":[{"href":"https:\/\/diariodominicano.com\/index.php?rest_route=\/wp\/v2\/posts"}],"about":[{"href":"https:\/\/diariodominicano.com\/index.php?rest_route=\/wp\/v2\/types\/post"}],"author":[{"embeddable":true,"href":"https:\/\/diariodominicano.com\/index.php?rest_route=\/wp\/v2\/users\/3"}],"replies":[{"embeddable":true,"href":"https:\/\/diariodominicano.com\/index.php?rest_route=%2Fwp%2Fv2%2Fcomments&post=191812"}],"version-history":[{"count":0,"href":"https:\/\/diariodominicano.com\/index.php?rest_route=\/wp\/v2\/posts\/191812\/revisions"}],"wp:attachment":[{"href":"https:\/\/diariodominicano.com\/index.php?rest_route=%2Fwp%2Fv2%2Fmedia&parent=191812"}],"wp:term":[{"taxonomy":"category","embeddable":true,"href":"https:\/\/diariodominicano.com\/index.php?rest_route=%2Fwp%2Fv2%2Fcategories&post=191812"},{"taxonomy":"post_tag","embeddable":true,"href":"https:\/\/diariodominicano.com\/index.php?rest_route=%2Fwp%2Fv2%2Ftags&post=191812"}],"curies":[{"name":"wp","href":"https:\/\/api.w.org\/{rel}","templated":true}]}}