{"id":191810,"date":"2007-12-22T00:07:48","date_gmt":"2007-12-22T00:07:48","guid":{"rendered":"http:\/\/diariodominicano.ddns.net\/?p=191810"},"modified":"2007-12-22T00:07:48","modified_gmt":"2007-12-22T00:07:48","slug":"alexandra-izquierdo-insta-unidad-de-partido-reformista-con-pld-para-ganar-en-la-primera-vuelta","status":"publish","type":"post","link":"https:\/\/diariodominicano.com\/?p=191810","title":{"rendered":"Alexandra Izquierdo insta unidad de Partido Reformista con PLD, para ganar en la primera vuelta"},"content":{"rendered":"<p><body><\/p>\n<p align=\"justify\" class=\"titulogrande1\">Alexandra  Izquierdo insta unidad de Partido Reformista con PLD, para ganar en la primera  vuelta<\/p>\n<p>&#13;<\/p>\n<p align=\"justify\" class=\"text1noticias\"><strong><img loading=\"lazy\" decoding=\"async\" src=\"http:\/\/localhost:8080\/pictures\/alexandra izquierdo.jpg\" width=\"269\" height=\"241\" hspace=\"4\" align=\"left\" \/>Santo Domingo.-<\/strong> La vicesindica del Distrito Nacional, Alexandra Izquierdo,  dijo \u00a0estar de acuerdo con realizar una  alianza entre el partido reformista y el de la Liberaci\u00f3n Dominicana,  al considerar es la \u00fanica salida que tienen de ganar en la primera vuelta y  conservar el partido. <br \/>&#13;<br \/>\n  <br \/>&#13;<br \/>\n  Dijo que \u00abdesde que fue electo el actual candidato a la presidencia del  partido reformista, hemos sostenido una propuesta de lo que deber\u00eda ser la  posici\u00f3n de la organizaci\u00f3n reformista tanto como partido como candidato, de  hacer un acuerdo de primera vuelta institucional con el presidente Leonel  Fern\u00e1ndez y dem\u00e1s candidatos del PLD, para ser un apoyo en primera  vuelta\u00bb.<br \/>&#13;<br \/>\n  <br \/>&#13;<br \/>\n  Destac\u00f3 que ese planteamiento lo ha sostenido desde hace m\u00e1s de seis meses,  \u00abporque es f\u00e1cil hacer un an\u00e1lisis de esa situaci\u00f3n y darnos cuenta de que  es la \u00fanica salvaci\u00f3n\u00a0que puede conservar el partido hacia el futuro\u00bb. <br \/>&#13;<br \/>\n  <br \/>&#13;<br \/>\n  Precis\u00f3 que de esa forma el partido reformista lograr\u00eda una mejor votaci\u00f3n, lo  que llevar\u00eda a poder mantenerse como entidad y mejorar su estructura a partir  del 2008, donde \u00abel propio Amable pueda postularse nueva vez a la  presidencia\u00bb. <br \/>&#13;<br \/>\n  <br \/>&#13;<br \/>\n  Manifest\u00f3 estar esperanzada en que las reuniones que se est\u00e1n produciendo entre  el presidente Leonel\u00a0 Fern\u00e1ndez y Amable Aristy sean para negociar ese  punto.\u00a0 <br \/>&#13;<br \/>\n  <br \/>&#13;<br \/>\n  Se\u00f1al\u00f3 que ese es uno de los partidos m\u00e1s importantes que tiene el pa\u00eds, por lo  que sus integrantes no deben permitir que en el 2008 la situaci\u00f3n en que quede  el partido sea muy critica.<br \/>&#13;<br \/>\n  <br \/>&#13;<br \/>\n  \u00abEs una situaci\u00f3n de partido, donde sin importar que candidato este  en su representaci\u00f3n debe entender que su situaci\u00f3n es cada vez m\u00e1s dif\u00edcil y  he pensado que Amable es una persona de mucha conciencia pol\u00edtica y que en sus  manos no va a permitir que el partido muera\u00bb, expres\u00f3. <br \/>&#13;<br \/>\n<br \/>&#13;<br \/>\nIndic\u00f3 estar confiada en que Amable va a tener la sabidur\u00eda suficiente y  el sacrificio por el partido de entregar la candidatura a cambio de apoyar al  presidente Fern\u00e1ndez en primera vuelta. <br \/>&#13;<br \/>\n<br \/>&#13;<br \/>\nResalt\u00f3 que ser\u00eda una negociaci\u00f3n institucional de partido a partido, a  fin de lograr que el PRSC pueda estar en el tren gubernamental en el pr\u00f3ximo  periodo electoral. <\/p>\n<p>&#13;<\/p>\n<h6> 2007-12-22 00:07:48 <\/h6>\n<p><!--\n<link rel=\"stylesheet\" href=\"css\/bootstrap.min.css\">\n\n\n<ul class=\"pagination\">\n\t    \n\t\n\n<li >\n\t<a href='?page_no=34557'>Previous<\/a>\n\t<\/li>\n\n\n       \n    \n\n<li><a href='?page_no=1'>1<\/a><\/li>\n\n\n\n<li><a href='?page_no=2'>2<\/a><\/li>\n\n\n\n<li><a>...<\/a><\/li>\n\n\n\n<li><a href='?page_no=34556'>34556<\/a><\/li>\n\n\n\n<li><a href='?page_no=34557'>34557<\/a><\/li>\n\n\n\n<li class='active'><a>34558<\/a><\/li>\n\n\n\n<li><a href='?page_no=34559'>34559<\/a><\/li>\n\n\n\n<li><a href='?page_no=34560'>34560<\/a><\/li>\n\n\n\n<li><a>...<\/a><\/li>\n\n\n\n<li><a href='?page_no=36999'>36999<\/a><\/li>\n\n\n\n<li><a href='?page_no=37000'>37000<\/a><\/li>\n\n    \n\t\n\n<li >\n\t<a href='?page_no=34559'>Next<\/a>\n\t<\/li>\n\n\n    \n\n<li><a href='?page_no=37000'>Last &rsaquo;&rsaquo;<\/a><\/li>\n\n<\/ul>\n\n\n--><br \/>\n<\/body><\/p>\n","protected":false},"excerpt":{"rendered":"<p>Alexandra Izquierdo insta unidad de Partido Reformista con PLD, para ganar en la primera vuelta &#13; Santo Domingo.- La vicesindica del Distrito Nacional, Alexandra Izquierdo, dijo \u00a0estar de acuerdo con realizar una alianza entre el partido reformista y el de la Liberaci\u00f3n Dominicana, al considerar es la \u00fanica salida que tienen de ganar en la [&hellip;]<\/p>\n","protected":false},"author":3,"featured_media":0,"comment_status":"open","ping_status":"open","sticky":false,"template":"","format":"standard","meta":{"footnotes":""},"categories":[22],"tags":[],"class_list":["post-191810","post","type-post","status-publish","format-standard","hentry","category-politica"],"_links":{"self":[{"href":"https:\/\/diariodominicano.com\/index.php?rest_route=\/wp\/v2\/posts\/191810","targetHints":{"allow":["GET"]}}],"collection":[{"href":"https:\/\/diariodominicano.com\/index.php?rest_route=\/wp\/v2\/posts"}],"about":[{"href":"https:\/\/diariodominicano.com\/index.php?rest_route=\/wp\/v2\/types\/post"}],"author":[{"embeddable":true,"href":"https:\/\/diariodominicano.com\/index.php?rest_route=\/wp\/v2\/users\/3"}],"replies":[{"embeddable":true,"href":"https:\/\/diariodominicano.com\/index.php?rest_route=%2Fwp%2Fv2%2Fcomments&post=191810"}],"version-history":[{"count":0,"href":"https:\/\/diariodominicano.com\/index.php?rest_route=\/wp\/v2\/posts\/191810\/revisions"}],"wp:attachment":[{"href":"https:\/\/diariodominicano.com\/index.php?rest_route=%2Fwp%2Fv2%2Fmedia&parent=191810"}],"wp:term":[{"taxonomy":"category","embeddable":true,"href":"https:\/\/diariodominicano.com\/index.php?rest_route=%2Fwp%2Fv2%2Fcategories&post=191810"},{"taxonomy":"post_tag","embeddable":true,"href":"https:\/\/diariodominicano.com\/index.php?rest_route=%2Fwp%2Fv2%2Ftags&post=191810"}],"curies":[{"name":"wp","href":"https:\/\/api.w.org\/{rel}","templated":true}]}}