{"id":191809,"date":"2007-12-22T04:17:29","date_gmt":"2007-12-22T04:17:29","guid":{"rendered":"http:\/\/diariodominicano.ddns.net\/?p=191809"},"modified":"2007-12-22T04:17:29","modified_gmt":"2007-12-22T04:17:29","slug":"la-justicia-rechaza-informe-de-participacion-ciudadana-subero-pc-no-lee-las-sentencias-de-la-suprema-corte-de-justicia","status":"publish","type":"post","link":"https:\/\/diariodominicano.com\/?p=191809","title":{"rendered":"La Justicia rechaza informe de Participaci\u00f3n Ciudadana; Subero: PC no lee las sentencias de la Suprema Corte de Justicia"},"content":{"rendered":"<p><body><\/p>\n<p align=\"justify\" class=\"titulogrande1\">La Justicia rechaza informe de Participaci\u00f3n Ciudadana; Subero:  PC no lee las sentencias de la Suprema Corte  de Justicia<\/p>\n<p>&#13;<\/p>\n<p align=\"justify\" class=\"text1noticias\"><strong><img loading=\"lazy\" decoding=\"async\" src=\"http:\/\/localhost:8080\/pictures\/jorge subero isa.jpg\" width=\"269\" height=\"226\" hspace=\"4\" align=\"left\" \/>SANTO  DOMINGO.-<\/strong> El presidente de la   Suprema Corte de Justicia, Jorge Subero Isa, y el procurador general de la Rep\u00fablica,  Radham\u00e9s Jim\u00e9nez rechazaron el informe  de Participaci\u00f3n Ciudadana sobre la corrupci\u00f3n porque \u00a0\u201cno corresponde en  lo absoluto con la verdad.<\/p>\n<p>&#13;<\/p>\n<p align=\"justify\" class=\"text1noticias\">Subero  Isa consider\u00f3\u00a0 que por \u201cel ajetreo\u201d  Participaci\u00f3n Ciudadana no ley\u00f3 las sentencias de la Suprema sobre corrupci\u00f3n y  que dejaron el informe del \u201ca\u00f1o pasado, del 2006, todo es lo mismo\u201d.<\/p>\n<p>&#13;<\/p>\n<p align=\"justify\" class=\"text1noticias\">EL procurador Radham\u00e9s Jim\u00e9nez, afirm\u00f3 escuetamente que  \u201ccorrobora las afirmaciones de Subero Isa\u201d. \u00a0La reacci\u00f3n se produce en  respuesta a que el organismo de la sociedad civil sostiene que en el 2007 fue  un a\u00f1o de retroceso en la lucha contra la corrupci\u00f3n y afirma que hubo  ineficiencia de los organismos encargado de enfrentar el mal.<\/p>\n<p>&#13;<\/p>\n<p align=\"justify\" class=\"text1noticias\">\u201cEl informe de Participaci\u00f3n  Ciudadana, respecto a la   Justicia, parece que a ellos se le olvido cambiar la fecha y  parece que ese informe es del a\u00f1o pasado, con tanto ajetreo que tiene participaci\u00f3n  se le olvido ponerle la fecha de este a\u00f1o\u201d.<\/p>\n<p>&#13;<\/p>\n<p align=\"justify\" class=\"text1noticias\">Subero consider\u00f3 que \u00a0Participaci\u00f3n se equivoc\u00f3 y dej\u00f3 el informe  del 2006 \u201cporque est\u00e1n diciendo que este ha sido el peor a\u00f1o en la  administraci\u00f3n de Justicia, eso no se corresponde con la verdad en lo  absoluto\u201d. \u201c\u2026o no leyeron las \u00faltimas decisiones que ha emitido la Suprema Corte\u201d,  insisti\u00f3.<\/p>\n<p>&#13;<\/p>\n<p align=\"justify\" class=\"text1noticias\">La Direcci\u00f3n General de  Prevenci\u00f3n de la   Corrupci\u00f3n Administrativa tambi\u00e9n rechaz\u00f3 \u00a0el planteamiento de que ha habido retroceso en  la lucha contra la corrupci\u00f3n y expres\u00f3 que el Ministerio P\u00fablico ha hecho un  gran esfuerzo en la persecuci\u00f3n de la corrupci\u00f3n. Sostiene que hay voluntad  pol\u00edtica del Gobierno, pero que\u00a0 sin embargo, se ha debido hacer mucho  m\u00e1s, pero que con las limitaciones econ\u00f3micas y de log\u00edstica \u201cse hace lo que se  puede\u201d. <br \/>&#13;<br \/>\n  <br \/>&#13;<br \/>\n\u201cContrario a lo que se afirma,  nosotros hemos salido bien parado en cuanto a lo que ha sido nuestra  participaci\u00f3n, si ha habido descargo o si las sentencias condenatorias no son  firmes o no se corresponde con la gravedad de los hechos, eso no se le atribuye  al Ministerio P\u00fablico\u201d, dijo Hotoniel Bonilla, subdirector de la Direcci\u00f3n de Prevenci\u00f3n  de la Corrupci\u00f3n.  falta de inter\u00e9s, de voluntad pol\u00edtica de quienes dirigen el Estado\u201d,  sostuvo\u00a0 el Fiscal Anticorrupci\u00f3n.\u00a0\u00a0\u00a0\u00a0 <\/p>\n<p>&#13;<\/p>\n<p align=\"justify\" class=\"text1noticias\">Bonilla mostr\u00f3 \u00a0como un ejemplo de que el Ministerio P\u00fablico  ha sido eficiente en el hecho que en esta misma semana se logr\u00f3 la condena en  dos casos contra la corrupci\u00f3n: en el Plan Renove y en lo relativo al ex  director de la CDEEE,  C\u00e9sar S\u00e1nchez. \u201cEl esfuerzo, por nuestra parte, se ha hecho, no como  quisi\u00e9ramos, quisi\u00e9ramos tener mayores resultados, pero no ha sido por falta de  inter\u00e9s, de voluntad pol\u00edtica de quienes dirigen el Estado\u201d.\u00a0\u00a0\u00a0 <\/p>\n<p>&#13;<\/p>\n<p align=\"justify\" class=\"text1noticias\">Hotoniel Bonilla explic\u00f3 que  ninguno de los casos que se\u00f1ala Participaci\u00f3n Ciudadana ha sido retirado de los  tribunales por la   Procuradur\u00eda General de la Rep\u00fablica, sino que se  \u201cha hecho un gran esfuerzo para que haya una condena ejemplar, que se impongan  la sanciones debidas\u201d. <\/p>\n<p>&#13;<\/p>\n<div align=\"justify\" class=\"text1noticias\">Entiende que si ha habido  falla no se puede culpar al Ministerio P\u00fablico, sino \u201ca otros actores del  sistema\u201d.\u00a0<\/div>\n<p>&#13;<\/p>\n<h6> 2007-12-22 04:17:29 <\/h6>\n<p><!--\n<link rel=\"stylesheet\" href=\"css\/bootstrap.min.css\">\n\n\n<ul class=\"pagination\">\n\t    \n\t\n\n<li >\n\t<a href='?page_no=34556'>Previous<\/a>\n\t<\/li>\n\n\n       \n    \n\n<li><a href='?page_no=1'>1<\/a><\/li>\n\n\n\n<li><a href='?page_no=2'>2<\/a><\/li>\n\n\n\n<li><a>...<\/a><\/li>\n\n\n\n<li><a href='?page_no=34555'>34555<\/a><\/li>\n\n\n\n<li><a href='?page_no=34556'>34556<\/a><\/li>\n\n\n\n<li class='active'><a>34557<\/a><\/li>\n\n\n\n<li><a href='?page_no=34558'>34558<\/a><\/li>\n\n\n\n<li><a href='?page_no=34559'>34559<\/a><\/li>\n\n\n\n<li><a>...<\/a><\/li>\n\n\n\n<li><a href='?page_no=36999'>36999<\/a><\/li>\n\n\n\n<li><a href='?page_no=37000'>37000<\/a><\/li>\n\n    \n\t\n\n<li >\n\t<a href='?page_no=34558'>Next<\/a>\n\t<\/li>\n\n\n    \n\n<li><a href='?page_no=37000'>Last &rsaquo;&rsaquo;<\/a><\/li>\n\n<\/ul>\n\n\n--><br \/>\n<\/body><\/p>\n","protected":false},"excerpt":{"rendered":"<p>La Justicia rechaza informe de Participaci\u00f3n Ciudadana; Subero: PC no lee las sentencias de la Suprema Corte de Justicia &#13; SANTO DOMINGO.- El presidente de la Suprema Corte de Justicia, Jorge Subero Isa, y el procurador general de la Rep\u00fablica, Radham\u00e9s Jim\u00e9nez rechazaron el informe de Participaci\u00f3n Ciudadana sobre la corrupci\u00f3n porque \u00a0\u201cno corresponde en [&hellip;]<\/p>\n","protected":false},"author":3,"featured_media":0,"comment_status":"open","ping_status":"open","sticky":false,"template":"","format":"standard","meta":{"footnotes":""},"categories":[22],"tags":[],"class_list":["post-191809","post","type-post","status-publish","format-standard","hentry","category-politica"],"_links":{"self":[{"href":"https:\/\/diariodominicano.com\/index.php?rest_route=\/wp\/v2\/posts\/191809","targetHints":{"allow":["GET"]}}],"collection":[{"href":"https:\/\/diariodominicano.com\/index.php?rest_route=\/wp\/v2\/posts"}],"about":[{"href":"https:\/\/diariodominicano.com\/index.php?rest_route=\/wp\/v2\/types\/post"}],"author":[{"embeddable":true,"href":"https:\/\/diariodominicano.com\/index.php?rest_route=\/wp\/v2\/users\/3"}],"replies":[{"embeddable":true,"href":"https:\/\/diariodominicano.com\/index.php?rest_route=%2Fwp%2Fv2%2Fcomments&post=191809"}],"version-history":[{"count":0,"href":"https:\/\/diariodominicano.com\/index.php?rest_route=\/wp\/v2\/posts\/191809\/revisions"}],"wp:attachment":[{"href":"https:\/\/diariodominicano.com\/index.php?rest_route=%2Fwp%2Fv2%2Fmedia&parent=191809"}],"wp:term":[{"taxonomy":"category","embeddable":true,"href":"https:\/\/diariodominicano.com\/index.php?rest_route=%2Fwp%2Fv2%2Fcategories&post=191809"},{"taxonomy":"post_tag","embeddable":true,"href":"https:\/\/diariodominicano.com\/index.php?rest_route=%2Fwp%2Fv2%2Ftags&post=191809"}],"curies":[{"name":"wp","href":"https:\/\/api.w.org\/{rel}","templated":true}]}}