{"id":191808,"date":"2007-12-22T04:49:31","date_gmt":"2007-12-22T04:49:31","guid":{"rendered":"http:\/\/diariodominicano.ddns.net\/?p=191808"},"modified":"2007-12-22T04:49:31","modified_gmt":"2007-12-22T04:49:31","slug":"vargas-maldonado-para-la-jce-garantizar-la-celebracion-de-unas-elecciones-que-reflejen-la-verdadera-expresion-de-la-voluntad-popular-debe-contar-con-un-presupuesto-justo-y-en-ti","status":"publish","type":"post","link":"https:\/\/diariodominicano.com\/?p=191808","title":{"rendered":"Vargas Maldonado: \u201cpara la JCE garantizar la celebraci\u00f3n de unas elecciones que reflejen la verdadera expresi\u00f3n de la voluntad popular, debe contar con un presupuesto justo y en ti"},"content":{"rendered":"<p><body><\/p>\n<p align=\"justify\" class=\"titulogrande1\">Vargas  Maldonado: \u201cpara la JCE  garantizar la celebraci\u00f3n de unas elecciones que reflejen la verdadera  expresi\u00f3n de la voluntad popular, debe contar con un presupuesto justo y en  tiempo oportuno\u201d <\/p>\n<p>&#13;<\/p>\n<p align=\"justify\" class=\"text1noticias\"><strong><img loading=\"lazy\" decoding=\"async\" src=\"http:\/\/localhost:8080\/pictures\/maldonado derechos civiles 1.jpg\" width=\"269\" height=\"265\" hspace=\"4\" align=\"left\" \/>SANTO DOMINGO.- <\/strong>El candidato  presidencial del Partido Revolucionario Dominicano (PRD), Miguel Vargas  Maldonado, advirti\u00f3 \u00a0este viernes que  para la Junta Central  Electoral (JCE) garantizar la celebraci\u00f3n de unas elecciones que reflejen la  verdadera expresi\u00f3n de la voluntad popular, debe contar con un presupuesto  justo y en tiempo oportuno, y consider\u00f3 que el 2007 fue \u201cel a\u00f1o de los  incumplimientos\u201d a la   Constituci\u00f3n y las leyes por parte del presidente Leonel  Fern\u00e1ndez. <br \/>&#13;<br \/>\n  <br \/>&#13;<br \/>\n  La Direcci\u00f3n de Comunicaciones del candidato  presidencial del PRD, indic\u00f3 que\u00a0 \u201cVargas  habl\u00f3 con periodistas de La Vega durante un recorrido de  fraternidad navide\u00f1a que incluy\u00f3 a esa ciudad, a San Francisco de Macor\u00eds y  Bonao, con visitas a monse\u00f1or Jes\u00fas Maria de Jes\u00fas Moya, obispo de la provincia  Duarte, y monse\u00f1or Antonio Camilo Gonz\u00e1lez, obispo de la Di\u00f3cesis de La Vega. y encuentros con las  direcciones de campa\u00f1a de esos tres municipios cabecera\u201d.<br \/>&#13;<br \/>\n  <br \/>&#13;<br \/>\n  Dijo que conforme le han informado  representantes del PRD ante la   Junta, la disminuci\u00f3n de recursos y el retraso en su entrega  puede afectar la campa\u00f1a de informaci\u00f3n y educaci\u00f3n electoral, el voto en el  exterior y otros programas esenciales para la adecuada organizaci\u00f3n de unos  comicios transparentes e incuestionables.<br \/>&#13;<br \/>\n  <br \/>&#13;<br \/>\n  \u201cEl certamen electoral del pr\u00f3ximo 16 de  mayo es la cita m\u00e1s importante para la Rep\u00fablica Dominicana en esta etapa \u00a0de  su vida democr\u00e1tica y es una aberraci\u00f3n que sea el propio presidente de la Rep\u00fablica quien con  subterfugios y pretextos insostenibles act\u00fae en contra del adecuado montaje y  celebraci\u00f3n de las elecciones\u201d.<br \/>&#13;<br \/>\n  <br \/>&#13;<br \/>\n  El candidato presidencial  del PRD se reuni\u00f3 con la direcci\u00f3n de campa\u00f1a del PRD en San Francisco de  Macor\u00eds, en la residencia del ex s\u00edndico Sigui\u00f3 Ng de la Rosa, intercambi\u00f3 con su  Comando de Campa\u00f1a en La Vega,  durante un almuerzo en la residencia campestre de Alex Cruz, presidente del  Comando, y luego sostuvo un encuentro con sus dirigentes de Bonao, en la  residencia de la ex diputada Miriam Abreu de Minguij\u00f3n. \u00a0<br \/>&#13;<br \/>\n  <br \/>&#13;<br \/>\n  <strong>A\u00f1o de los  incumplimientos<\/strong><strong> <\/strong><br \/>&#13;<br \/>\n  <br \/>&#13;<br \/>\n  La Direcci\u00f3n de Comunicaciones de Vargas Maldonado  indic\u00f3 que al \u00a0hacer una evaluaci\u00f3n del  a\u00f1o que culmina,\u00a0 opin\u00f3 que fue un  per\u00edodo incre\u00edble en violaciones a la Constituci\u00f3n y las leyes, que de manera  espectacular incluy\u00f3 la revelaci\u00f3n de un pr\u00e9stamo por 130 millones de d\u00f3lares a  trav\u00e9s de la empresa Sun Land, a espaldas del Congreso Nacional.<br \/>&#13;<br \/>\n  <br \/>&#13;<br \/>\n  Agrega que tambi\u00e9n se \u00a0refiri\u00f3 a que en diciembre del a\u00f1o pasado el  presidente Fern\u00e1ndez se hizo aprobar una nueva reforma fiscal que seg\u00fan  prometi\u00f3 le iba a generar 17 mil 500 millones de pesos y que en cambio  reducir\u00eda las erogaciones del Gobierno en una cantidad similar. <br \/>&#13;<br \/>\n  <br \/>&#13;<br \/>\n  Opin\u00f3 que \u201cante \u00a0los m\u00faltiples cuestionamientos de la  oposici\u00f3n, de la sociedad civil y de los grupos empresariales sobre\u00a0 lo  innecesario de esa reforma fiscal elabor\u00f3 y promulg\u00f3 una Ley de Austeridad, resultando  que incumpli\u00f3 con la reducci\u00f3n de los gastos del Gobierno,\u00a0 aunque s\u00ed  sobrepas\u00f3 sus ingresos en 20 mil millones de pesos extra\u00eddos de los bolsillos  de los dominicanos y dominicanas\u201d.<br \/>&#13;<br \/>\n  <br \/>&#13;<br \/>\n  \u201cEste fue un a\u00f1o en el que el  presidente Fern\u00e1ndez ratific\u00f3 su condici\u00f3n de incumplidor de la Ley de Autonom\u00eda  Presupuestaria, repitiendo dram\u00e1ticas reducciones a la inversi\u00f3n en educaci\u00f3n y  salud, con lo que incumpli\u00f3 su compromiso de luchar contra la pobreza\u201d.<br \/>&#13;<br \/>\n  <br \/>&#13;<br \/>\n  Consider\u00f3 \u00a0que para cerrar el a\u00f1o el presidente Fern\u00e1ndez  fue incapaz de cumplir con su obligaci\u00f3n de prevenir a la ciudadan\u00eda y adoptar  las medidas que impidieran la muerte de muchos dominicanos y dominicanas y las  cuantiosas p\u00e9rdidas ocasionadas por las tormentas Noel y Olga.<\/p>\n<p>&#13;<\/p>\n<h6> 2007-12-22 04:49:31 <\/h6>\n<p><!--\n<link rel=\"stylesheet\" href=\"css\/bootstrap.min.css\">\n\n\n<ul class=\"pagination\">\n\t    \n\t\n\n<li >\n\t<a href='?page_no=34555'>Previous<\/a>\n\t<\/li>\n\n\n       \n    \n\n<li><a href='?page_no=1'>1<\/a><\/li>\n\n\n\n<li><a href='?page_no=2'>2<\/a><\/li>\n\n\n\n<li><a>...<\/a><\/li>\n\n\n\n<li><a href='?page_no=34554'>34554<\/a><\/li>\n\n\n\n<li><a href='?page_no=34555'>34555<\/a><\/li>\n\n\n\n<li class='active'><a>34556<\/a><\/li>\n\n\n\n<li><a href='?page_no=34557'>34557<\/a><\/li>\n\n\n\n<li><a href='?page_no=34558'>34558<\/a><\/li>\n\n\n\n<li><a>...<\/a><\/li>\n\n\n\n<li><a href='?page_no=36999'>36999<\/a><\/li>\n\n\n\n<li><a href='?page_no=37000'>37000<\/a><\/li>\n\n    \n\t\n\n<li >\n\t<a href='?page_no=34557'>Next<\/a>\n\t<\/li>\n\n\n    \n\n<li><a href='?page_no=37000'>Last &rsaquo;&rsaquo;<\/a><\/li>\n\n<\/ul>\n\n\n--><br \/>\n<\/body><\/p>\n","protected":false},"excerpt":{"rendered":"<p>Vargas Maldonado: \u201cpara la JCE garantizar la celebraci\u00f3n de unas elecciones que reflejen la verdadera expresi\u00f3n de la voluntad popular, debe contar con un presupuesto justo y en tiempo oportuno\u201d &#13; SANTO DOMINGO.- El candidato presidencial del Partido Revolucionario Dominicano (PRD), Miguel Vargas Maldonado, advirti\u00f3 \u00a0este viernes que para la Junta Central Electoral (JCE) garantizar [&hellip;]<\/p>\n","protected":false},"author":3,"featured_media":0,"comment_status":"open","ping_status":"open","sticky":false,"template":"","format":"standard","meta":{"footnotes":""},"categories":[22],"tags":[],"class_list":["post-191808","post","type-post","status-publish","format-standard","hentry","category-politica"],"_links":{"self":[{"href":"https:\/\/diariodominicano.com\/index.php?rest_route=\/wp\/v2\/posts\/191808","targetHints":{"allow":["GET"]}}],"collection":[{"href":"https:\/\/diariodominicano.com\/index.php?rest_route=\/wp\/v2\/posts"}],"about":[{"href":"https:\/\/diariodominicano.com\/index.php?rest_route=\/wp\/v2\/types\/post"}],"author":[{"embeddable":true,"href":"https:\/\/diariodominicano.com\/index.php?rest_route=\/wp\/v2\/users\/3"}],"replies":[{"embeddable":true,"href":"https:\/\/diariodominicano.com\/index.php?rest_route=%2Fwp%2Fv2%2Fcomments&post=191808"}],"version-history":[{"count":0,"href":"https:\/\/diariodominicano.com\/index.php?rest_route=\/wp\/v2\/posts\/191808\/revisions"}],"wp:attachment":[{"href":"https:\/\/diariodominicano.com\/index.php?rest_route=%2Fwp%2Fv2%2Fmedia&parent=191808"}],"wp:term":[{"taxonomy":"category","embeddable":true,"href":"https:\/\/diariodominicano.com\/index.php?rest_route=%2Fwp%2Fv2%2Fcategories&post=191808"},{"taxonomy":"post_tag","embeddable":true,"href":"https:\/\/diariodominicano.com\/index.php?rest_route=%2Fwp%2Fv2%2Ftags&post=191808"}],"curies":[{"name":"wp","href":"https:\/\/api.w.org\/{rel}","templated":true}]}}