{"id":191806,"date":"2007-12-22T19:15:09","date_gmt":"2007-12-22T19:15:09","guid":{"rendered":"http:\/\/diariodominicano.ddns.net\/?p=191806"},"modified":"2007-12-22T19:15:09","modified_gmt":"2007-12-22T19:15:09","slug":"clausuran-raul-y-chavez-iv-cumbre-de-petrocaribe","status":"publish","type":"post","link":"https:\/\/diariodominicano.com\/?p=191806","title":{"rendered":"Clausuran Ra\u00fal y Ch\u00e1vez IV Cumbre de Petrocaribe"},"content":{"rendered":"<p><body><\/p>\n<p class=\"titulogrande1\">Clausuran Ra\u00fal y Ch\u00e1vez IV  Cumbre de Petrocaribe<\/p>\n<p>&#13;<\/p>\n<p align=\"justify\"><strong>Estuvieron\u00a0presentes  en\u00a0el acto, en la refiner\u00eda de Cienfuegos, adem\u00e1s de los participantes en  el evento, trabajadores del centro, constructores del nuevo barrio Sim\u00f3n  Bol\u00edvar, y estudiantes latinoamericanos<\/strong><\/p>\n<p>&#13;<\/p>\n<p align=\"justify\" class=\"text1noticias\"><strong><img loading=\"lazy\" decoding=\"async\" src=\"http:\/\/localhost:8080\/pictures\/raul y chavez.jpg\" width=\"269\" height=\"157\" hspace=\"4\" align=\"left\" \/>CIENFUEGOS.\u2014 <\/strong>Una Cumbre que  ha tenido su saldo principal en la consolidaci\u00f3n de su car\u00e1cter solidario, y de  ella misma como alternativa integracionista, no pod\u00eda tener mejor colof\u00f3n que  el escogido: la reapertura de la refiner\u00eda Camilo Cienfuegos como resultado,  precisamente, de la colaboraci\u00f3n entre Cuba y Venezuela. <br \/>&#13;<br \/>\n  <br \/>&#13;<br \/>\n  Trabajadores de la refiner\u00eda y de los que  participaron en su reacondicionamiento, constructores del nuevo barrio Sim\u00f3n  Bol\u00edvar, y estudiantes latinoamericanos y de esta provincia \u2014calificada por el  presidente Hugo Ch\u00e1vez como \u00abuna joya\u00bb\u2014, participaron en el acto que cerr\u00f3  emotiva y gr\u00e1ficamente la   Cumbre y, al propio tiempo, relanz\u00f3 la planta.<br \/>&#13;<br \/>\n  <br \/>&#13;<br \/>\n  Ese significado trascendente de la velada fue  destacado en sus palabras por los dos oradores principales. Ra\u00fal lo hizo al  recordar que sin la colaboraci\u00f3n venezolana y sin el ALBA no habr\u00eda sido  posible reabrir la refiner\u00eda, y destac\u00f3 la exclusividad de Petrocaribe,  mecanismo en el que se inserta la planta, como \u00fanico proyecto energ\u00e9tico  regional de nuevo tipo basado en la solidaridad y la complementariedad, que  posibilita la inversi\u00f3n en programas de beneficio popular.<br \/>&#13;<br \/>\n  <br \/>&#13;<br \/>\n  Ch\u00e1vez, consider\u00f3 la obra como un ejemplo de  cu\u00e1nto podemos lograr unidos, y un est\u00edmulo para los que duden o teman, porque  \u00abno es tiempo de temores\u00bb, dijo, y s\u00ed de andar unidos.<br \/>&#13;<br \/>\n  <br \/>&#13;<br \/>\nPrimeros ministros y dignatarios que  participaron en la Cumbre,  tambi\u00e9n estaban en el acto, que tuvo lugar luego de la visita al complejo de  cien viviendas edificadas aqu\u00ed con PVC suministrado por Venezuela, y luego de  que los presidentes y titulares suscribieran los documentos finales de la  reuni\u00f3n.<\/p>\n<p>&#13;<\/p>\n<h2 align=\"justify\" class=\"text1noticias\">Nuevo paradigma<\/h2>\n<p>&#13;<\/p>\n<p align=\"justify\" class=\"text1noticias\">El Primer Vicepresidente de los Consejos de  Estado y de Ministros de Cuba valor\u00f3 tambi\u00e9n que la reapertura de la refiner\u00eda  muestra la consolidaci\u00f3n de la Alternativa Bolivariana  para la Integraci\u00f3n  de los Pueblos de Nuestra Am\u00e9rica (ALBA).<br \/>&#13;<br \/>\n  <br \/>&#13;<br \/>\n  Este acto, dijo, ser\u00eda importante solo por  clausurar la Cumbre  y por la puesta en marcha de la refiner\u00eda, pero otras razones explican su  trascendencia.<br \/>&#13;<br \/>\n  <br \/>&#13;<br \/>\n  Record\u00f3 entonces las denuncias formuladas por  el Comandante en Jefe acerca del peligro que representa a la supervivencia  humana el desenfrenado consumo de petr\u00f3leo por los pa\u00edses capitalistas y el  agotamiento de las reservas, sin que haya alternativas para eliminar la  dependencia de ese recurso no renovable.<br \/>&#13;<br \/>\n  <br \/>&#13;<br \/>\n  A ello se suma la desfavorable correlaci\u00f3n de  la oferta y la demanda en el mercado de hidrocarburos, la acentuada  depreciaci\u00f3n del d\u00f3lar, las guerras y las amenazas b\u00e9licas, as\u00ed como la especulaci\u00f3n  de los mercados y la insuficiente capacidad de refinaci\u00f3n a nivel  internacional.<br \/>&#13;<br \/>\n  <br \/>&#13;<br \/>\n  Se trata, dijo, de una realidad asfixiante y  demoledora para las econom\u00edas del Tercer Mundo, en particular, para los pa\u00edses  m\u00e1s pobres.<br \/>&#13;<br \/>\n  <br \/>&#13;<br \/>\n  En ese contexto, Petrocaribe es el \u00fanico  engranaje que suministra hidrocarburos a los pa\u00edses pobres con las facilidades  de pagar solo el 60 por ciento de su valor y posibilidades de abonar el resto  en 25 a\u00f1os, con intereses de solo el uno por ciento, destac\u00f3 Ra\u00fal.<br \/>&#13;<br \/>\n  <br \/>&#13;<br \/>\n  Se trata de una f\u00f3rmula in\u00e9dita de pago que  permite combatir el analfabetismo y desarrollar la atenci\u00f3n de salud, construir  industrias y ampliar los servicios, con la consiguiente elevaci\u00f3n del bienestar  de los pueblos.<br \/>&#13;<br \/>\n  <br \/>&#13;<br \/>\n  Ra\u00fal signific\u00f3 el esfuerzo desplegado para  conservar la refiner\u00eda, paralizada desde 1995, y para recuperarla y  automatizarla en solo 18 meses.<br \/>&#13;<br \/>\n  <br \/>&#13;<br \/>\n  Por eso felicit\u00f3 al pueblo cienfueguero \u2014\u00abque  como se\u00f1alara Fidel, nunca le ha fallado a la Revoluci\u00f3n\u00bb\u2014, a los  \u00abhermanos venezolanos\u00bb gracias a los cuales se llev\u00f3 a t\u00e9rmino la obra, y  augur\u00f3 que se abre una etapa para la petroqu\u00edmica nacional.<\/p>\n<p>&#13;<\/p>\n<h2 align=\"justify\" class=\"text1noticias\">Socialismo, \u00fanico camino<\/h2>\n<p>&#13;<\/p>\n<p align=\"justify\" class=\"text1noticias\">Vehemente y entusiasmado, el l\u00edder  bolivariano clausur\u00f3 el acto con un llamado a la unidad y la ratificaci\u00f3n de  que solo as\u00ed lograremos ser verdaderamente libres e independientes.<br \/>&#13;<br \/>\n  <br \/>&#13;<br \/>\n  Unidos podemos hacer milagros y hacer  realidad lo imposible, y este es un ejemplo, dijo en alusi\u00f3n a la puesta en  marcha de la planta. Solo la uni\u00f3n de Cuba y Venezuela ha hecho posible este  milagro, esta especie de resurrecci\u00f3n.<br \/>&#13;<br \/>\n  <br \/>&#13;<br \/>\n  Ch\u00e1vez renov\u00f3 sus llamados tambi\u00e9n a la  adopci\u00f3n por los pa\u00edses pobres de sus propios instrumentos. Solo as\u00ed podremos  ser libres, insisti\u00f3. Hag\u00e1moslo ahora. Tenemos una buena oportunidad.<br \/>&#13;<br \/>\n  <br \/>&#13;<br \/>\n  Tambi\u00e9n ratific\u00f3 al socialismo como \u00fanica v\u00eda  para la igualdad y la libertad. No hay otro camino, dijo.<br \/>&#13;<br \/>\n  <br \/>&#13;<br \/>\n  Ch\u00e1vez dedic\u00f3 sus palabras finales a Fidel, a  quien calific\u00f3 de \u00abpresidente eterno\u00bb. Aqu\u00ed \u2014expres\u00f3\u2014, donde dijiste hace  treinta y tantos a\u00f1os que se levantar\u00eda una refiner\u00eda y un complejo  petroqu\u00edmico, queda inaugurada la primera etapa de la gran refiner\u00eda de  Cienfuegos, con la presencia de tantos ministros y una Cumbre tan hermosa como  la de hoy.<br \/>&#13;<br \/>\n  <br \/>&#13;<br \/>\n  Por: Marina Men\u00e9ndez Quintero<br \/>&#13;<br \/>\n  <br \/>&#13;<br \/>\n  Correo: digital@jrebelde.cip.cu<\/p>\n<p>&#13;<\/p>\n<h6> 2007-12-22 19:15:09 <\/h6>\n<p><!--\n<link rel=\"stylesheet\" href=\"css\/bootstrap.min.css\">\n\n\n<ul class=\"pagination\">\n\t    \n\t\n\n<li >\n\t<a href='?page_no=34553'>Previous<\/a>\n\t<\/li>\n\n\n       \n    \n\n<li><a href='?page_no=1'>1<\/a><\/li>\n\n\n\n<li><a href='?page_no=2'>2<\/a><\/li>\n\n\n\n<li><a>...<\/a><\/li>\n\n\n\n<li><a href='?page_no=34552'>34552<\/a><\/li>\n\n\n\n<li><a href='?page_no=34553'>34553<\/a><\/li>\n\n\n\n<li class='active'><a>34554<\/a><\/li>\n\n\n\n<li><a href='?page_no=34555'>34555<\/a><\/li>\n\n\n\n<li><a href='?page_no=34556'>34556<\/a><\/li>\n\n\n\n<li><a>...<\/a><\/li>\n\n\n\n<li><a href='?page_no=36999'>36999<\/a><\/li>\n\n\n\n<li><a href='?page_no=37000'>37000<\/a><\/li>\n\n    \n\t\n\n<li >\n\t<a href='?page_no=34555'>Next<\/a>\n\t<\/li>\n\n\n    \n\n<li><a href='?page_no=37000'>Last &rsaquo;&rsaquo;<\/a><\/li>\n\n<\/ul>\n\n\n--><br \/>\n<\/body><\/p>\n","protected":false},"excerpt":{"rendered":"<p>Clausuran Ra\u00fal y Ch\u00e1vez IV Cumbre de Petrocaribe &#13; Estuvieron\u00a0presentes en\u00a0el acto, en la refiner\u00eda de Cienfuegos, adem\u00e1s de los participantes en el evento, trabajadores del centro, constructores del nuevo barrio Sim\u00f3n Bol\u00edvar, y estudiantes latinoamericanos &#13; CIENFUEGOS.\u2014 Una Cumbre que ha tenido su saldo principal en la consolidaci\u00f3n de su car\u00e1cter solidario, y de [&hellip;]<\/p>\n","protected":false},"author":3,"featured_media":0,"comment_status":"open","ping_status":"open","sticky":false,"template":"","format":"standard","meta":{"footnotes":""},"categories":[22],"tags":[],"class_list":["post-191806","post","type-post","status-publish","format-standard","hentry","category-politica"],"_links":{"self":[{"href":"https:\/\/diariodominicano.com\/index.php?rest_route=\/wp\/v2\/posts\/191806","targetHints":{"allow":["GET"]}}],"collection":[{"href":"https:\/\/diariodominicano.com\/index.php?rest_route=\/wp\/v2\/posts"}],"about":[{"href":"https:\/\/diariodominicano.com\/index.php?rest_route=\/wp\/v2\/types\/post"}],"author":[{"embeddable":true,"href":"https:\/\/diariodominicano.com\/index.php?rest_route=\/wp\/v2\/users\/3"}],"replies":[{"embeddable":true,"href":"https:\/\/diariodominicano.com\/index.php?rest_route=%2Fwp%2Fv2%2Fcomments&post=191806"}],"version-history":[{"count":0,"href":"https:\/\/diariodominicano.com\/index.php?rest_route=\/wp\/v2\/posts\/191806\/revisions"}],"wp:attachment":[{"href":"https:\/\/diariodominicano.com\/index.php?rest_route=%2Fwp%2Fv2%2Fmedia&parent=191806"}],"wp:term":[{"taxonomy":"category","embeddable":true,"href":"https:\/\/diariodominicano.com\/index.php?rest_route=%2Fwp%2Fv2%2Fcategories&post=191806"},{"taxonomy":"post_tag","embeddable":true,"href":"https:\/\/diariodominicano.com\/index.php?rest_route=%2Fwp%2Fv2%2Ftags&post=191806"}],"curies":[{"name":"wp","href":"https:\/\/api.w.org\/{rel}","templated":true}]}}