{"id":191804,"date":"2007-12-22T19:25:51","date_gmt":"2007-12-22T19:25:51","guid":{"rendered":"http:\/\/diariodominicano.ddns.net\/?p=191804"},"modified":"2007-12-22T19:25:51","modified_gmt":"2007-12-22T19:25:51","slug":"santiagueros-reciben-a-chavez","status":"publish","type":"post","link":"https:\/\/diariodominicano.com\/?p=191804","title":{"rendered":"Santiagueros reciben a Ch\u00e1vez"},"content":{"rendered":"<p><body><\/p>\n<h1 class=\"titulogrande1\">Santiagueros reciben a Ch\u00e1vez<\/h1>\n<p>&#13;<\/p>\n<p align=\"justify\"><strong>El\u00a0presidente venezolano Hugo Ch\u00e1vez Fr\u00edas calific\u00f3 al pueblo de  Satiago de Cuba como cuna y motor\u00a0\u00a0de la Revoluci\u00f3n y\u00a0del  Alba<\/strong><\/p>\n<p>&#13;<\/p>\n<p align=\"justify\" class=\"text1noticias\"><strong>SANTIAGO DE CUBA.-<\/strong> Desde el balc\u00f3n del Aeropuerto Internacional Jos\u00e9 Mart\u00ed  los pioneros santiagueros clamaban a ritmo de la conga de Los Hoyos \u00abCh\u00e1vez no  se va\u00bb, \u00abCh\u00e1vez te queremos\u00bb, mientras el presidente de la Rep\u00fablica Bolivariana  de Venezuela daba un abrazo al General de Ej\u00e9rcito Ra\u00fal Castro y hablaba unos  minutos con los m\u00e1ximo dirigentes del Partido y el Gobierno en la provincia  oriental, Misael Enamorado Pager y Rolando Yero.<br \/>&#13;<br \/>\n  <br \/>&#13;<br \/>\n  Era su entrada a la heroica ciudad, y en un breve intercambio con la prensa,  el emocionado comentario: \u00abVen\u00edamos viendo desde el aire la Sierra Maestra, y  entonces uno se imaginaba haber sido soldado. Yo soy un soldado guerrillero de la Sierra Maestra, del  Cuartel Moncada. De ah\u00ed venimos nosotros\u00bb.<br \/>&#13;<br \/>\n  <br \/>&#13;<br \/>\n  De la a\u00f1oranza a las palabras para esta regi\u00f3n que tambi\u00e9n es parte de sus  anhelos revolucionarios: \u00abSantiago que siga siendo Santiago: cuna y motor de la Revoluci\u00f3n, del Alba,  que es el nuevo camino y el nuevo horizonte\u00bb.<br \/>&#13;<br \/>\n  <br \/>&#13;<br \/>\n  Este fue el preludio de un d\u00eda cargado de buenos presagios, con un sol  luminoso ya despertado hacia rato sobre la Sierra. Inmediatamente,  en yipi descapotable y acompa\u00f1ado por Ra\u00fal, fue un mar de pueblo el que lo  recib\u00eda en las calles, camino hacia el Cementerio de Santa Ifigenia.<br \/>&#13;<br \/>\n  <br \/>&#13;<br \/>\n  Banderas cubanas y venezolanas y carteles de Bienvenido Ch\u00e1vez a Santiago,  m\u00e1s el clamor y la alegr\u00eda de un pueblo que lo reconoce como suyo por caribe\u00f1o,  le escoltaba a todo lo largo de la   Carretera del Moro, la Trocha, Garz\u00f3n, la Avenida de las Am\u00e9ricas,  la de los Desfiles, la   Carretera Central y el Paseo Mart\u00ed.<br \/>&#13;<br \/>\n  <br \/>&#13;<br \/>\n  En la Plaza  de la Revoluci\u00f3n,  Antonio Maceo se ergu\u00eda en el caballo, cabalgando como siempre y se\u00f1alando a  dos pueblos hermanos el camino de lucha y victoria&#8230;<br \/>&#13;<br \/>\n  <br \/>&#13;<br \/>\n  Por: Juana Carrasco Mart\u00edn<br \/>&#13;<br \/>\n  <br \/>&#13;<br \/>\n  Correo: digital@jrebelde.cip.cu<\/p>\n<p>&#13;<\/p>\n<h6> 2007-12-22 19:25:51 <\/h6>\n<p><!--\n<link rel=\"stylesheet\" href=\"css\/bootstrap.min.css\">\n\n\n<ul class=\"pagination\">\n\t    \n\t\n\n<li >\n\t<a href='?page_no=34551'>Previous<\/a>\n\t<\/li>\n\n\n       \n    \n\n<li><a href='?page_no=1'>1<\/a><\/li>\n\n\n\n<li><a href='?page_no=2'>2<\/a><\/li>\n\n\n\n<li><a>...<\/a><\/li>\n\n\n\n<li><a href='?page_no=34550'>34550<\/a><\/li>\n\n\n\n<li><a href='?page_no=34551'>34551<\/a><\/li>\n\n\n\n<li class='active'><a>34552<\/a><\/li>\n\n\n\n<li><a href='?page_no=34553'>34553<\/a><\/li>\n\n\n\n<li><a href='?page_no=34554'>34554<\/a><\/li>\n\n\n\n<li><a>...<\/a><\/li>\n\n\n\n<li><a href='?page_no=36999'>36999<\/a><\/li>\n\n\n\n<li><a href='?page_no=37000'>37000<\/a><\/li>\n\n    \n\t\n\n<li >\n\t<a href='?page_no=34553'>Next<\/a>\n\t<\/li>\n\n\n    \n\n<li><a href='?page_no=37000'>Last &rsaquo;&rsaquo;<\/a><\/li>\n\n<\/ul>\n\n\n--><br \/>\n<\/body><\/p>\n","protected":false},"excerpt":{"rendered":"<p>Santiagueros reciben a Ch\u00e1vez &#13; El\u00a0presidente venezolano Hugo Ch\u00e1vez Fr\u00edas calific\u00f3 al pueblo de Satiago de Cuba como cuna y motor\u00a0\u00a0de la Revoluci\u00f3n y\u00a0del Alba &#13; SANTIAGO DE CUBA.- Desde el balc\u00f3n del Aeropuerto Internacional Jos\u00e9 Mart\u00ed los pioneros santiagueros clamaban a ritmo de la conga de Los Hoyos \u00abCh\u00e1vez no se va\u00bb, \u00abCh\u00e1vez te [&hellip;]<\/p>\n","protected":false},"author":3,"featured_media":0,"comment_status":"open","ping_status":"open","sticky":false,"template":"","format":"standard","meta":{"footnotes":""},"categories":[22],"tags":[],"class_list":["post-191804","post","type-post","status-publish","format-standard","hentry","category-politica"],"_links":{"self":[{"href":"https:\/\/diariodominicano.com\/index.php?rest_route=\/wp\/v2\/posts\/191804","targetHints":{"allow":["GET"]}}],"collection":[{"href":"https:\/\/diariodominicano.com\/index.php?rest_route=\/wp\/v2\/posts"}],"about":[{"href":"https:\/\/diariodominicano.com\/index.php?rest_route=\/wp\/v2\/types\/post"}],"author":[{"embeddable":true,"href":"https:\/\/diariodominicano.com\/index.php?rest_route=\/wp\/v2\/users\/3"}],"replies":[{"embeddable":true,"href":"https:\/\/diariodominicano.com\/index.php?rest_route=%2Fwp%2Fv2%2Fcomments&post=191804"}],"version-history":[{"count":0,"href":"https:\/\/diariodominicano.com\/index.php?rest_route=\/wp\/v2\/posts\/191804\/revisions"}],"wp:attachment":[{"href":"https:\/\/diariodominicano.com\/index.php?rest_route=%2Fwp%2Fv2%2Fmedia&parent=191804"}],"wp:term":[{"taxonomy":"category","embeddable":true,"href":"https:\/\/diariodominicano.com\/index.php?rest_route=%2Fwp%2Fv2%2Fcategories&post=191804"},{"taxonomy":"post_tag","embeddable":true,"href":"https:\/\/diariodominicano.com\/index.php?rest_route=%2Fwp%2Fv2%2Ftags&post=191804"}],"curies":[{"name":"wp","href":"https:\/\/api.w.org\/{rel}","templated":true}]}}