{"id":191799,"date":"2007-12-23T02:36:51","date_gmt":"2007-12-23T02:36:51","guid":{"rendered":"http:\/\/diariodominicano.ddns.net\/?p=191799"},"modified":"2007-12-23T02:36:51","modified_gmt":"2007-12-23T02:36:51","slug":"alburquerque-encabeza-reunion-con-directivos-de-los-consejos-consultivos","status":"publish","type":"post","link":"https:\/\/diariodominicano.com\/?p=191799","title":{"rendered":"Alburquerque encabeza reuni\u00f3n con directivos de los consejos consultivos"},"content":{"rendered":"<p><body><\/p>\n<p align=\"justify\"><span class=\"titulogrande1\">Alburquerque encabeza reuni\u00f3n con directivos  de los consejos consultivos<\/span><br \/>&#13;<br \/>\n  <br \/>&#13;<br \/>\n    <strong>Alburquerque dijo que los consejos  consultivos son una idea del presidente Leonel Fern\u00e1ndez, \u00abquien siempre  ha estado\u00a0preocupado por la unidad de los dominicanos residentes en distintos  pa\u00edses del mundo, lo que se est\u00e1 logrando con dicha iniciativa\u00bb.<\/strong><\/p>\n<p>&#13;<\/p>\n<p align=\"justify\" class=\"text1noticias\"><strong><img loading=\"lazy\" decoding=\"async\" src=\"http:\/\/localhost:8080\/pictures\/alburquerque con directivos consultivos.jpg\" width=\"269\" height=\"541\" hspace=\"4\" align=\"left\" \/>SANTO DOMINGO.-<\/strong> El vicepresidente Rafael  Alburquerque, recibi\u00f3 el viernes en el Palacio Nacional a los representantes de  los consejos consultivos de los dominicanos en el exterior, donde resalt\u00f3 la  labor que viene realizando esa dependencia en beneficio de la di\u00e1spora y de la  poblaci\u00f3n dominicana en general.<br \/>&#13;<br \/>\n  <br \/>&#13;<br \/>\n  Alburquerque dijo que los consejos  consultivos son una idea del presidente Leonel Fern\u00e1ndez, \u00abquien siempre  ha estado\u00a0preocupado por la unidad de los dominicanos residentes en distintos  pa\u00edses del mundo, lo que se est\u00e1 logrando con dicha iniciativa\u00bb.<br \/>&#13;<br \/>\n  <br \/>&#13;<br \/>\n  Indic\u00f3 que\u00a0  se trata \u00a0de lograr mancomunar la  di\u00e1spora dominicana en el exterior en beneficio de las distintas comunidades y  de la Rep\u00fablica   Dominicana en particular, aprovechando el \u00e9xito que esos  criollos han logrado cosechar en playas extranjeras.<br \/>&#13;<br \/>\n  <br \/>&#13;<br \/>\n  Alburquerque dijo que los criollos que han  logrado \u00e9xitos en el exterior a pesar de las dificultades que encierra  abandonar su patria \u00abson un gran ejemplo y un orgullo para quienes viven  en esta naci\u00f3n\u00bb.<br \/>&#13;<br \/>\n  <br \/>&#13;<br \/>\n  Destac\u00f3 en el encuentro la recuperaci\u00f3n  econ\u00f3mica de la   Rep\u00fablica Dominicana en el Gobierno del presidente Fern\u00e1ndez,  as\u00ed como los aprestos realizados por las distintas dependencias para mitigar  los efectos de las tormentas Noel y Olga.<br \/>&#13;<br \/>\n  <br \/>&#13;<br \/>\n  El vicepresidente Alburquerque recibi\u00f3 del  representante del Poder Ejecutivo en los consejos consultivos, Alejandro  Santos, una propuesta para fortalecer la entidad y entre las que figuran  promover la organizaci\u00f3n de misiones comerciales de inversionistas residentes  en el exterior y fortalecer el derecho al voto de la di\u00e1spora.<br \/>&#13;<br \/>\n  <br \/>&#13;<br \/>\n  La resoluci\u00f3n, le\u00edda por Santos, tambi\u00e9n  incluye promover la homologaci\u00f3n de t\u00edtulos en beneficio de los dominicanos  residentes en el exterior, realizar un inventario de los recursos humanos,  organizar y poner en marcha un servicio de ventanillas y elaborar un programa  de becas de estudios para los j\u00f3venes criollos fuera del pa\u00eds, entre otras  iniciativas.<br \/>&#13;<br \/>\n  <br \/>&#13;<br \/>\n  Alejandro Santos, quien adem\u00e1s es secretario  de Estado, indic\u00f3 que con la estrategia del presidente Fern\u00e1ndez de crear los  consejos consultivos se est\u00e1n canalizando las inquietudes y los problemas que  enfrentan las comunidades dominicanas en playas extranjeras.<br \/>&#13;<br \/>\n  <br \/>&#13;<br \/>\n  En la actividad, celebrada en el Sal\u00f3n Los  Trinitarios participaron los presidentes de los consejos consultivos en  Catalu\u00f1a, Chicago, Filadelfia, Florida, Italia, Nueva Jersey, Nueva York,  Suiza, Italia y Francia.<\/p>\n<p>&#13;<\/p>\n<h6> 2007-12-23 02:36:51 <\/h6>\n<p><!--\n<link rel=\"stylesheet\" href=\"css\/bootstrap.min.css\">\n\n\n<ul class=\"pagination\">\n\t    \n\t\n\n<li >\n\t<a href='?page_no=34546'>Previous<\/a>\n\t<\/li>\n\n\n       \n    \n\n<li><a href='?page_no=1'>1<\/a><\/li>\n\n\n\n<li><a href='?page_no=2'>2<\/a><\/li>\n\n\n\n<li><a>...<\/a><\/li>\n\n\n\n<li><a href='?page_no=34545'>34545<\/a><\/li>\n\n\n\n<li><a href='?page_no=34546'>34546<\/a><\/li>\n\n\n\n<li class='active'><a>34547<\/a><\/li>\n\n\n\n<li><a href='?page_no=34548'>34548<\/a><\/li>\n\n\n\n<li><a href='?page_no=34549'>34549<\/a><\/li>\n\n\n\n<li><a>...<\/a><\/li>\n\n\n\n<li><a href='?page_no=36999'>36999<\/a><\/li>\n\n\n\n<li><a href='?page_no=37000'>37000<\/a><\/li>\n\n    \n\t\n\n<li >\n\t<a href='?page_no=34548'>Next<\/a>\n\t<\/li>\n\n\n    \n\n<li><a href='?page_no=37000'>Last &rsaquo;&rsaquo;<\/a><\/li>\n\n<\/ul>\n\n\n--><br \/>\n<\/body><\/p>\n","protected":false},"excerpt":{"rendered":"<p>Alburquerque encabeza reuni\u00f3n con directivos de los consejos consultivos&#13; &#13; Alburquerque dijo que los consejos consultivos son una idea del presidente Leonel Fern\u00e1ndez, \u00abquien siempre ha estado\u00a0preocupado por la unidad de los dominicanos residentes en distintos pa\u00edses del mundo, lo que se est\u00e1 logrando con dicha iniciativa\u00bb. &#13; SANTO DOMINGO.- El vicepresidente Rafael Alburquerque, recibi\u00f3 [&hellip;]<\/p>\n","protected":false},"author":3,"featured_media":0,"comment_status":"open","ping_status":"open","sticky":false,"template":"","format":"standard","meta":{"footnotes":""},"categories":[22],"tags":[],"class_list":["post-191799","post","type-post","status-publish","format-standard","hentry","category-politica"],"_links":{"self":[{"href":"https:\/\/diariodominicano.com\/index.php?rest_route=\/wp\/v2\/posts\/191799","targetHints":{"allow":["GET"]}}],"collection":[{"href":"https:\/\/diariodominicano.com\/index.php?rest_route=\/wp\/v2\/posts"}],"about":[{"href":"https:\/\/diariodominicano.com\/index.php?rest_route=\/wp\/v2\/types\/post"}],"author":[{"embeddable":true,"href":"https:\/\/diariodominicano.com\/index.php?rest_route=\/wp\/v2\/users\/3"}],"replies":[{"embeddable":true,"href":"https:\/\/diariodominicano.com\/index.php?rest_route=%2Fwp%2Fv2%2Fcomments&post=191799"}],"version-history":[{"count":0,"href":"https:\/\/diariodominicano.com\/index.php?rest_route=\/wp\/v2\/posts\/191799\/revisions"}],"wp:attachment":[{"href":"https:\/\/diariodominicano.com\/index.php?rest_route=%2Fwp%2Fv2%2Fmedia&parent=191799"}],"wp:term":[{"taxonomy":"category","embeddable":true,"href":"https:\/\/diariodominicano.com\/index.php?rest_route=%2Fwp%2Fv2%2Fcategories&post=191799"},{"taxonomy":"post_tag","embeddable":true,"href":"https:\/\/diariodominicano.com\/index.php?rest_route=%2Fwp%2Fv2%2Ftags&post=191799"}],"curies":[{"name":"wp","href":"https:\/\/api.w.org\/{rel}","templated":true}]}}