{"id":191797,"date":"2007-12-23T19:57:31","date_gmt":"2007-12-23T19:57:31","guid":{"rendered":"http:\/\/diariodominicano.ddns.net\/?p=191797"},"modified":"2007-12-23T19:57:31","modified_gmt":"2007-12-23T19:57:31","slug":"miguel-vargas-dice-pais-necesita-estadista-con-capacidad-gerencial","status":"publish","type":"post","link":"https:\/\/diariodominicano.com\/?p=191797","title":{"rendered":"Miguel Vargas dice pa\u00eds necesita estadista con capacidad gerencial"},"content":{"rendered":"<p><body><\/p>\n<p class=\"titulogrande1\">Miguel Vargas dice pa\u00eds necesita estadista con  capacidad gerencial <\/p>\n<p>&#13;<\/p>\n<p align=\"justify\" class=\"text1noticias\"><strong><img loading=\"lazy\" decoding=\"async\" src=\"http:\/\/localhost:8080\/pictures\/maldonado fiesta villa juana.jpg\" width=\"269\" height=\"184\" hspace=\"4\" align=\"left\" \/>Santo Domingo.- <\/strong>El ingeniero Miguel  Vargas, candidato presidencial del Partido Revolucionario Dominicano, dijo  estar convencido que por mandato de la voluntad popular asumir\u00e1 a partir del 16  de agosto la responsabilidad de conducir la Republica Dominicana  a una etapa de desarrollo y bienestar que se exprese en una mejor\u00eda en la  calidad de vida de la gente.<br \/>&#13;<br \/>\n  <br \/>&#13;<br \/>\n  Vargas Maldonado, hablando ante centenares de sus  seguidores congregados en el sector de Villa Juana, durante una cena ofrecida a  la comunidad por el movimiento de comerciantes y empresarios integrados en su  proyecto presidencial, manifest\u00f3 que sabe lo que tiene que hacer desde el  primer d\u00eda de gobierno para resolver los problemas que afectan a la mayor\u00eda del  pueblo dominicano.<br \/>&#13;<br \/>\n  <br \/>&#13;<br \/>\n  Agreg\u00f3,\u00a0 que a diferencia del actual gobierno que se  la ha pasado estudiando los temas nacionales en seminarios, talleres, foros y  congresos, \u00e9l sabe lo que tiene que hacer para enfrentar con \u00e9xito los grandes  desaf\u00edos que tiene el pa\u00eds para elevar los niveles de vida del pueblo y evitar  que cada cuatro a\u00f1os \u201cnos convirtamos en un pa\u00eds de primer piso\u201d.<br \/> &#13;<br \/>\n  <br \/>&#13;<br \/>\n  Sostuvo, que la sociedad dominicana requiere de un  estadista con la capacidad gerencial,\u00a0 la visi\u00f3n y la voluntad necesaria  para impulsar los grandes cambios y reformas que demanda el pa\u00eds a corto,  mediano y largo plazo.<br \/>&#13;<br \/>\n  <br \/>&#13;<br \/>\n  \u201cLa democracia dominicana no puede ser s\u00f3lo un  espacio para que la poblaci\u00f3n electoral ejerza\u00a0 su derecho al voto cada  cuatro a\u00f1os, sino que la\u00a0 misma debe tener un contenido de car\u00e1cter  econ\u00f3mico y social que responda a las legitimas aspiraciones del pueblo  dominicano\u201d, se\u00f1al\u00f3.<br \/>&#13;<br \/>\n<br \/>&#13;<br \/>\nMiguel Vargas, dijo adem\u00e1s que nuestro sistema democr\u00e1tico  tiene que enviar un mensaje diferente a la sociedad dominicano \u201cporque no se  justifica que durante los \u00faltimos 50 a\u00f1os, el liderazgo pol\u00edtico y social viene  pregonando un crecimiento econ\u00f3mico que no se ha reflejado positivamente en las  condiciones de vida de la gente\u201d, por lo que postul\u00f3 por una mejor distribuci\u00f3n  de las riquezas nacionales.<br \/>&#13;<br \/>\n<br \/>&#13;<br \/>\nEl candidato presidencial del PRD, critic\u00f3 en ese sentido  las pol\u00edticas p\u00fablicas implementadas en este gobierno por considerarlas  excluyentes y divorciadas de la realidad que vive la mayor\u00eda del pueblo  dominicano.<br \/>&#13;<br \/>\n<br \/>&#13;<br \/>\n\u201cEl candidato reeleccionista ha demostrado su indolencia  frente a la inseguridad ciudadana, el alto costo de la vida, el desempleo, la  baja calidad de la educaci\u00f3n, el deterioro del sistema de salud, y los  alarmantes niveles de corrupci\u00f3n que caracterizan su administraci\u00f3n, por lo que  ser\u00e1 derrotado en sus ambiciones reeleccionistas el pr\u00f3ximo 16 de mayo\u201d,  \u00a0manifest\u00f3 el candidato presidencial del partido blanco.<br \/>&#13;<br \/>\n<br \/>&#13;<br \/>\nEl ingeniero Miguel Vargas aprovech\u00f3 la ocasi\u00f3n para  destacar que a pesar de que el a\u00f1o que termina ha sido muy dif\u00edcil para el  pa\u00eds, por las improvisaciones y las pol\u00edticas equivocadas de este gobierno, el  pueblo dominicano puede tener la plena seguridad de que a partir del 16 de  agosto del pr\u00f3ximo a\u00f1o, el gobierno que \u00e9l encabezar\u00e1 tiene el compromiso de  restaurar las esperanzas perdidas y sentar las bases de una sociedad donde  impere la justicia social y la igualdad de oportunidades para todos.<\/p>\n<p>&#13;<\/p>\n<h6> 2007-12-23 19:57:31 <\/h6>\n<p><!--\n<link rel=\"stylesheet\" href=\"css\/bootstrap.min.css\">\n\n\n<ul class=\"pagination\">\n\t    \n\t\n\n<li >\n\t<a href='?page_no=34544'>Previous<\/a>\n\t<\/li>\n\n\n       \n    \n\n<li><a href='?page_no=1'>1<\/a><\/li>\n\n\n\n<li><a href='?page_no=2'>2<\/a><\/li>\n\n\n\n<li><a>...<\/a><\/li>\n\n\n\n<li><a href='?page_no=34543'>34543<\/a><\/li>\n\n\n\n<li><a href='?page_no=34544'>34544<\/a><\/li>\n\n\n\n<li class='active'><a>34545<\/a><\/li>\n\n\n\n<li><a href='?page_no=34546'>34546<\/a><\/li>\n\n\n\n<li><a href='?page_no=34547'>34547<\/a><\/li>\n\n\n\n<li><a>...<\/a><\/li>\n\n\n\n<li><a href='?page_no=36999'>36999<\/a><\/li>\n\n\n\n<li><a href='?page_no=37000'>37000<\/a><\/li>\n\n    \n\t\n\n<li >\n\t<a href='?page_no=34546'>Next<\/a>\n\t<\/li>\n\n\n    \n\n<li><a href='?page_no=37000'>Last &rsaquo;&rsaquo;<\/a><\/li>\n\n<\/ul>\n\n\n--><br \/>\n<\/body><\/p>\n","protected":false},"excerpt":{"rendered":"<p>Miguel Vargas dice pa\u00eds necesita estadista con capacidad gerencial &#13; Santo Domingo.- El ingeniero Miguel Vargas, candidato presidencial del Partido Revolucionario Dominicano, dijo estar convencido que por mandato de la voluntad popular asumir\u00e1 a partir del 16 de agosto la responsabilidad de conducir la Republica Dominicana a una etapa de desarrollo y bienestar que se [&hellip;]<\/p>\n","protected":false},"author":3,"featured_media":0,"comment_status":"open","ping_status":"open","sticky":false,"template":"","format":"standard","meta":{"footnotes":""},"categories":[22],"tags":[],"class_list":["post-191797","post","type-post","status-publish","format-standard","hentry","category-politica"],"_links":{"self":[{"href":"https:\/\/diariodominicano.com\/index.php?rest_route=\/wp\/v2\/posts\/191797","targetHints":{"allow":["GET"]}}],"collection":[{"href":"https:\/\/diariodominicano.com\/index.php?rest_route=\/wp\/v2\/posts"}],"about":[{"href":"https:\/\/diariodominicano.com\/index.php?rest_route=\/wp\/v2\/types\/post"}],"author":[{"embeddable":true,"href":"https:\/\/diariodominicano.com\/index.php?rest_route=\/wp\/v2\/users\/3"}],"replies":[{"embeddable":true,"href":"https:\/\/diariodominicano.com\/index.php?rest_route=%2Fwp%2Fv2%2Fcomments&post=191797"}],"version-history":[{"count":0,"href":"https:\/\/diariodominicano.com\/index.php?rest_route=\/wp\/v2\/posts\/191797\/revisions"}],"wp:attachment":[{"href":"https:\/\/diariodominicano.com\/index.php?rest_route=%2Fwp%2Fv2%2Fmedia&parent=191797"}],"wp:term":[{"taxonomy":"category","embeddable":true,"href":"https:\/\/diariodominicano.com\/index.php?rest_route=%2Fwp%2Fv2%2Fcategories&post=191797"},{"taxonomy":"post_tag","embeddable":true,"href":"https:\/\/diariodominicano.com\/index.php?rest_route=%2Fwp%2Fv2%2Ftags&post=191797"}],"curies":[{"name":"wp","href":"https:\/\/api.w.org\/{rel}","templated":true}]}}