{"id":191796,"date":"2007-12-23T21:19:17","date_gmt":"2007-12-23T21:19:17","guid":{"rendered":"http:\/\/diariodominicano.ddns.net\/?p=191796"},"modified":"2007-12-23T21:19:17","modified_gmt":"2007-12-23T21:19:17","slug":"amable-encabeza-reparto-miles-canastas-navidenas","status":"publish","type":"post","link":"https:\/\/diariodominicano.com\/?p=191796","title":{"rendered":"Amable encabeza reparto miles canastas navide\u00f1as"},"content":{"rendered":"<p><body><\/p>\n<p class=\"titulogrande1\"><strong>Amable encabeza reparto miles canastas navide\u00f1as<\/strong><\/p>\n<p>&#13;<\/p>\n<p><strong>TAMBIEN  DISTRIBUYO CERDOS, PAVOS Y GALLINAS VIVAS<\/strong><\/p>\n<p>&#13;<\/p>\n<p align=\"justify\" class=\"text1noticias\"><img loading=\"lazy\" decoding=\"async\" src=\"http:\/\/localhost:8080\/pictures\/amable canastas navidenas.jpg\" width=\"269\" height=\"360\" hspace=\"4\" align=\"left\" \/>Miles de personas de los estratos sociales m\u00e1s  humildes de la capital abarrotaron\u00a0 desde  tempranas horas de la ma\u00f1ana un tramo de la avenida M\u00e1ximo G\u00f3mez, donde viv\u00eda el  ex presidente Joaqu\u00edn Balaguer, para recibir canastas navide\u00f1as, juguetes y  otros obsequios de manos del candidato presidencial reformista, Amable Aristy  Castro.<\/p>\n<p>&#13;<\/p>\n<p align=\"justify\" class=\"text1noticias\">El reparto se inici\u00f3 poco despu\u00e9s de las ocho de la  ma\u00f1ana y se extendi\u00f3 hasta las siete de la noche, cuando se entregaron las  \u00faltimas canastas de m\u00e1s de 100 mil que se distribuyeron.<\/p>\n<p>&#13;<\/p>\n<p align=\"justify\" class=\"text1noticias\">La actividad cont\u00f3 con la presencia, adem\u00e1s del  candidato Aristy Castro, de las principales autoridades del Partido Reformista  Social Cristiano (PRSC), encabezadas por su presidente, ingeniero Federico Ant\u00fan  Batlle, as\u00ed como el presidente de la Fundaci\u00f3n Joaqu\u00edn  Balaguer, Rafael Bello Andino, y legisladores y regidores de la agrupaci\u00f3n  pol\u00edtica opositora.<\/p>\n<p>&#13;<\/p>\n<p align=\"justify\" class=\"text1noticias\">Adem\u00e1s de las canastas conteniendo alimentos, bebidas,  manzanas y dulces navide\u00f1os, se entregaron miles de cerdos, pavos y gallinas  vivas, as\u00ed como mu\u00f1ecas y bicicletas, adem\u00e1s de mosquiteros y canastillas para  mujeres embarazadas.<\/p>\n<p>&#13;<\/p>\n<p align=\"justify\" class=\"text1noticias\">La actividad, coordinada por An\u00edbal P\u00e1ez y el diputado  Ram\u00f3n Rogelio Genao, abarc\u00f3 varias cuadras, que incluyeron las avenidas Bol\u00edvar  y Pedro Henr\u00edquez Ure\u00f1a, donde se encontraban en\u00a0 filas doce furgones repletos de comida.<\/p>\n<p>&#13;<\/p>\n<p align=\"justify\" class=\"text1noticias\">Las personas que recib\u00edan las fundas se deten\u00edan para expresar  palabras de agradecimiento al candidato reformista y a la Fundaci\u00f3n Joaqu\u00edn  Balaguer por mantener esa tradici\u00f3n que inici\u00f3 el extinto l\u00edder reformista en  1961.<\/p>\n<p>&#13;<\/p>\n<p align=\"justify\" class=\"text1noticias\">Despu\u00e9s de la entrega de la canasta, Aristy Castro le  daba a cada persona dinero en efectivo para el transporte.<\/p>\n<p>&#13;<\/p>\n<p align=\"justify\" class=\"text1noticias\">El candidato reformista dijo, al responder preguntas  de los periodistas, que el 80 por ciento de la poblaci\u00f3n \u201csufre de una  enfermedad que se llama hambre y se cura con comida y es vergonzoso que un  gobierno rico permita que un pueblo se muera de hambre\u201d.<\/p>\n<p>&#13;<\/p>\n<p align=\"justify\" class=\"text1noticias\">Asegur\u00f3 que el 2008 ser\u00e1 el a\u00f1o de los pobres porque  \u00e9l ganar\u00e1 las elecciones para ayudar a ese segmento de la poblaci\u00f3n que pasa  todo tipo de calamidades.<\/p>\n<p>&#13;<\/p>\n<p align=\"justify\" class=\"text1noticias\">\u201cMi \u00fanico compromiso y mi \u00fanica alianza es con los  pobres, marginados, humildes y abandonados\u201d, expres\u00f3.<\/p>\n<p>&#13;<\/p>\n<p align=\"justify\" class=\"text1noticias\">Aristy Castro manifest\u00f3 en ese sentido que su  compromiso con los pobres va m\u00e1s all\u00e1 de una simple promesa, \u201cporque lo nuestro  es de acci\u00f3n y resultados\u201d.<\/p>\n<p>&#13;<\/p>\n<p align=\"justify\" class=\"text1noticias\">Dijo que Rep\u00fablica Dominicana solo ha tenido un  presidente que se ha preocupado por la clase pobre, que fue Joaqu\u00edn Balaguer.<\/p>\n<p>&#13;<\/p>\n<p align=\"justify\" class=\"text1noticias\">En la actividad  estuvieron presentes, tambi\u00e9n, los dirigentes reformistas Rafaela Alburquerque,  V\u00edctor G\u00f3mez Casanova, Johnny Jones, V\u00edctor Ito Bison\u00f3, Maria Rosa Belliard,  Ingrid Yeara, Bienvenida Mercado, Luisa Cruz, Daysi B\u00e1ez, y el general retirado  Lu\u00eds Maria P\u00e9rez Bello, entre otros.<\/p>\n<p>&#13;<\/p>\n<h6> 2007-12-23 21:19:17 <\/h6>\n<p><!--\n<link rel=\"stylesheet\" href=\"css\/bootstrap.min.css\">\n\n\n<ul class=\"pagination\">\n\t    \n\t\n\n<li >\n\t<a href='?page_no=34543'>Previous<\/a>\n\t<\/li>\n\n\n       \n    \n\n<li><a href='?page_no=1'>1<\/a><\/li>\n\n\n\n<li><a href='?page_no=2'>2<\/a><\/li>\n\n\n\n<li><a>...<\/a><\/li>\n\n\n\n<li><a href='?page_no=34542'>34542<\/a><\/li>\n\n\n\n<li><a href='?page_no=34543'>34543<\/a><\/li>\n\n\n\n<li class='active'><a>34544<\/a><\/li>\n\n\n\n<li><a href='?page_no=34545'>34545<\/a><\/li>\n\n\n\n<li><a href='?page_no=34546'>34546<\/a><\/li>\n\n\n\n<li><a>...<\/a><\/li>\n\n\n\n<li><a href='?page_no=36999'>36999<\/a><\/li>\n\n\n\n<li><a href='?page_no=37000'>37000<\/a><\/li>\n\n    \n\t\n\n<li >\n\t<a href='?page_no=34545'>Next<\/a>\n\t<\/li>\n\n\n    \n\n<li><a href='?page_no=37000'>Last &rsaquo;&rsaquo;<\/a><\/li>\n\n<\/ul>\n\n\n--><br \/>\n<\/body><\/p>\n","protected":false},"excerpt":{"rendered":"<p>Amable encabeza reparto miles canastas navide\u00f1as &#13; TAMBIEN DISTRIBUYO CERDOS, PAVOS Y GALLINAS VIVAS &#13; Miles de personas de los estratos sociales m\u00e1s humildes de la capital abarrotaron\u00a0 desde tempranas horas de la ma\u00f1ana un tramo de la avenida M\u00e1ximo G\u00f3mez, donde viv\u00eda el ex presidente Joaqu\u00edn Balaguer, para recibir canastas navide\u00f1as, juguetes y otros [&hellip;]<\/p>\n","protected":false},"author":3,"featured_media":0,"comment_status":"open","ping_status":"open","sticky":false,"template":"","format":"standard","meta":{"footnotes":""},"categories":[22],"tags":[],"class_list":["post-191796","post","type-post","status-publish","format-standard","hentry","category-politica"],"_links":{"self":[{"href":"https:\/\/diariodominicano.com\/index.php?rest_route=\/wp\/v2\/posts\/191796","targetHints":{"allow":["GET"]}}],"collection":[{"href":"https:\/\/diariodominicano.com\/index.php?rest_route=\/wp\/v2\/posts"}],"about":[{"href":"https:\/\/diariodominicano.com\/index.php?rest_route=\/wp\/v2\/types\/post"}],"author":[{"embeddable":true,"href":"https:\/\/diariodominicano.com\/index.php?rest_route=\/wp\/v2\/users\/3"}],"replies":[{"embeddable":true,"href":"https:\/\/diariodominicano.com\/index.php?rest_route=%2Fwp%2Fv2%2Fcomments&post=191796"}],"version-history":[{"count":0,"href":"https:\/\/diariodominicano.com\/index.php?rest_route=\/wp\/v2\/posts\/191796\/revisions"}],"wp:attachment":[{"href":"https:\/\/diariodominicano.com\/index.php?rest_route=%2Fwp%2Fv2%2Fmedia&parent=191796"}],"wp:term":[{"taxonomy":"category","embeddable":true,"href":"https:\/\/diariodominicano.com\/index.php?rest_route=%2Fwp%2Fv2%2Fcategories&post=191796"},{"taxonomy":"post_tag","embeddable":true,"href":"https:\/\/diariodominicano.com\/index.php?rest_route=%2Fwp%2Fv2%2Ftags&post=191796"}],"curies":[{"name":"wp","href":"https:\/\/api.w.org\/{rel}","templated":true}]}}