{"id":191793,"date":"2007-12-25T03:44:53","date_gmt":"2007-12-25T03:44:53","guid":{"rendered":"http:\/\/diariodominicano.ddns.net\/?p=191793"},"modified":"2007-12-25T03:44:53","modified_gmt":"2007-12-25T03:44:53","slug":"vincho-castillo-destaca-presencia-de-candidatos-presidenciales-cenando-con-familias-humildes","status":"publish","type":"post","link":"https:\/\/diariodominicano.com\/?p=191793","title":{"rendered":"Vincho Castillo destaca presencia de candidatos presidenciales cenando con familias humildes"},"content":{"rendered":"<p><body><\/p>\n<p align=\"justify\"><span class=\"titulogrande1\">Vincho  Castillo destaca presencia de candidatos presidenciales cenando con\u00a0 familias humildes <\/span><br \/>&#13;<br \/>\n\u00a0<br \/>&#13;<br \/>\n<strong>Por<\/strong> <span class=\"textogrande\">Roberto Rodr\u00edguez<br \/>&#13;<br \/>\n<br \/>&#13;<br \/>\n<\/span><span class=\"text1noticias\"><strong><img loading=\"lazy\" decoding=\"async\" src=\"http:\/\/localhost:8080\/pictures\/vincho castillo.jpg\" width=\"269\" height=\"178\" hspace=\"4\" align=\"left\" \/>Santo Domingo.- <\/strong>A juicio del doctor Marino Vinicio Castillo ,  presidente de la   Fuerza Nacional Progresista\u00a0  y asesor en materia de drogas del Poder Ejecutivo, consider\u00f3 este lunes que constituye un\u00a0 \u201csimbolismo\u00a0de car\u00e1cter electoral \u201cque los candidatos presidenciales cenen esta  noche buena con familias pobres. <\/span><\/p>\n<p>&#13;<\/p>\n<p align=\"justify\" class=\"text1noticias\"> El dirigente pol\u00edtico y  abogado dijo que la presencia de Leonel Fern\u00e1ndez, Presidente de la Republica , Miguel Vargas Maldonado candidato  presidencial del PRD y Amable Aristy Castro , candidato presidencial del  Partido Reformista, realizan ese tipo de actividad con los sectores pobres y  humildes , producto de la fiesta de navidad y nochebuena.<\/p>\n<p>&#13;<\/p>\n<p align=\"justify\" class=\"text1noticias\">Indic\u00f3 que vez como una simbolog\u00eda la actitud que han  asumido esos dirigentes pol\u00edticos , debido al\u00a0  proceso electoral que se avecina el\u00a0  pr\u00f3ximo a\u00f1o.<\/p>\n<p>&#13;<\/p>\n<p align=\"justify\" class=\"text1noticias\">Dijo que no le ve relevancia  a que \u201cAmable cene con una persona pobre\u201d ante la campa\u00f1a que lleva en los  diversos pueblos del pa\u00eds.<\/p>\n<p>&#13;<\/p>\n<p align=\"justify\" class=\"text1noticias\">Entretanto recomend\u00f3 al presidente Leonel Fern\u00e1ndez que piense en los pobres cuando no  est\u00e9 con ellos\u201d ante los problemas que padece la naci\u00f3n.<\/p>\n<p>&#13;<\/p>\n<p align=\"justify\" class=\"text1noticias\">Apunt\u00f3 que lo importante es que el Gobierno resuelva  los problemas de los pobres , los humildes y desamparados del pa\u00eds.<\/p>\n<p>&#13;<\/p>\n<p align=\"justify\" class=\"text1noticias\">El Presidente Leonel  Fern\u00e1ndez cenar\u00e1 en el barrio Jeringa de San Crist\u00f3bal, mientras que el  ingeniero Miguel\u00a0 Vargas lo har\u00e1 en el  sector La Barquita, de la Capital y Aristy Castro en  la ciudad de\u00a0 Hig\u00fcey.<\/p>\n<p>&#13;<\/p>\n<h6> 2007-12-25 03:44:53 <\/h6>\n<p><!--\n<link rel=\"stylesheet\" href=\"css\/bootstrap.min.css\">\n\n\n<ul class=\"pagination\">\n\t    \n\t\n\n<li >\n\t<a href='?page_no=34540'>Previous<\/a>\n\t<\/li>\n\n\n       \n    \n\n<li><a href='?page_no=1'>1<\/a><\/li>\n\n\n\n<li><a href='?page_no=2'>2<\/a><\/li>\n\n\n\n<li><a>...<\/a><\/li>\n\n\n\n<li><a href='?page_no=34539'>34539<\/a><\/li>\n\n\n\n<li><a href='?page_no=34540'>34540<\/a><\/li>\n\n\n\n<li class='active'><a>34541<\/a><\/li>\n\n\n\n<li><a href='?page_no=34542'>34542<\/a><\/li>\n\n\n\n<li><a href='?page_no=34543'>34543<\/a><\/li>\n\n\n\n<li><a>...<\/a><\/li>\n\n\n\n<li><a href='?page_no=36999'>36999<\/a><\/li>\n\n\n\n<li><a href='?page_no=37000'>37000<\/a><\/li>\n\n    \n\t\n\n<li >\n\t<a href='?page_no=34542'>Next<\/a>\n\t<\/li>\n\n\n    \n\n<li><a href='?page_no=37000'>Last &rsaquo;&rsaquo;<\/a><\/li>\n\n<\/ul>\n\n\n--><br \/>\n<\/body><\/p>\n","protected":false},"excerpt":{"rendered":"<p>Vincho Castillo destaca presencia de candidatos presidenciales cenando con\u00a0 familias humildes &#13; \u00a0&#13; Por Roberto Rodr\u00edguez&#13; &#13; Santo Domingo.- A juicio del doctor Marino Vinicio Castillo , presidente de la Fuerza Nacional Progresista\u00a0 y asesor en materia de drogas del Poder Ejecutivo, consider\u00f3 este lunes que constituye un\u00a0 \u201csimbolismo\u00a0de car\u00e1cter electoral \u201cque los candidatos presidenciales [&hellip;]<\/p>\n","protected":false},"author":3,"featured_media":0,"comment_status":"open","ping_status":"open","sticky":false,"template":"","format":"standard","meta":{"footnotes":""},"categories":[22],"tags":[],"class_list":["post-191793","post","type-post","status-publish","format-standard","hentry","category-politica"],"_links":{"self":[{"href":"https:\/\/diariodominicano.com\/index.php?rest_route=\/wp\/v2\/posts\/191793","targetHints":{"allow":["GET"]}}],"collection":[{"href":"https:\/\/diariodominicano.com\/index.php?rest_route=\/wp\/v2\/posts"}],"about":[{"href":"https:\/\/diariodominicano.com\/index.php?rest_route=\/wp\/v2\/types\/post"}],"author":[{"embeddable":true,"href":"https:\/\/diariodominicano.com\/index.php?rest_route=\/wp\/v2\/users\/3"}],"replies":[{"embeddable":true,"href":"https:\/\/diariodominicano.com\/index.php?rest_route=%2Fwp%2Fv2%2Fcomments&post=191793"}],"version-history":[{"count":0,"href":"https:\/\/diariodominicano.com\/index.php?rest_route=\/wp\/v2\/posts\/191793\/revisions"}],"wp:attachment":[{"href":"https:\/\/diariodominicano.com\/index.php?rest_route=%2Fwp%2Fv2%2Fmedia&parent=191793"}],"wp:term":[{"taxonomy":"category","embeddable":true,"href":"https:\/\/diariodominicano.com\/index.php?rest_route=%2Fwp%2Fv2%2Fcategories&post=191793"},{"taxonomy":"post_tag","embeddable":true,"href":"https:\/\/diariodominicano.com\/index.php?rest_route=%2Fwp%2Fv2%2Ftags&post=191793"}],"curies":[{"name":"wp","href":"https:\/\/api.w.org\/{rel}","templated":true}]}}