{"id":191791,"date":"2007-12-25T19:01:36","date_gmt":"2007-12-25T19:01:36","guid":{"rendered":"http:\/\/diariodominicano.ddns.net\/?p=191791"},"modified":"2007-12-25T19:01:36","modified_gmt":"2007-12-25T19:01:36","slug":"en-cena-nochebuena-amable-combatire-pobreza-extrema-de-forma-frontal","status":"publish","type":"post","link":"https:\/\/diariodominicano.com\/?p=191791","title":{"rendered":"En cena nochebuena:  Amable: \u201cCombatir\u00e9 pobreza extrema de forma frontal\u201d"},"content":{"rendered":"<p><body><\/p>\n<p align=\"justify\" class=\"titulogrande1\">En cena nochebuena: <strong>Amable \u201cCombatir\u00e9 pobreza extrema de forma frontal\u201d<\/strong><\/p>\n<p>&#13;<\/p>\n<p align=\"justify\" class=\"text1noticias\"><img loading=\"lazy\" decoding=\"async\" src=\"http:\/\/localhost:8080\/pictures\/amable cena nochebuena.jpg\" width=\"269\" height=\"407\" hspace=\"4\" align=\"left\" \/>El candidato  presidencial reformista, Amable Aristy Castro, declar\u00f3 que combatir\u00e1 de forma  frontal la pobreza extrema en que viven millones de dominicanos con un programa  bien estructurado que ayudar\u00e1 a la creaci\u00f3n de miles de empleos bien  remunerados.<\/p>\n<p>&#13;<\/p>\n<p align=\"justify\" class=\"text1noticias\">Dijo que la  pobreza e indigencia que golpea a la mayor\u00eda de la poblaci\u00f3n amerita de  atenci\u00f3n r\u00e1pida, pero para ello se necesita de un presidente con sensibilidad  social y humana \u201cque se entregue en cuerpo y alma a trabajar por los pobres\u201d.<\/p>\n<p>&#13;<\/p>\n<p align=\"justify\" class=\"text1noticias\">\u201cY nosotros lo  vamos hacer cuando asumamos el poder en agosto de 2008, porque nos consterna y  nos duele la situaci\u00f3n infrahumana en que viven los pobres\u201d, agreg\u00f3.<\/p>\n<p>&#13;<\/p>\n<p align=\"justify\" class=\"text1noticias\">Aristy Castro  dijo que desarrollar\u00e1 un programa bien estructurado para combatir con  eficiencia la pobreza, creando empleos suficientes en todo el pa\u00eds para que la  gente tenga donde ganarse el sustento diario.<\/p>\n<p>&#13;<\/p>\n<p align=\"justify\" class=\"text1noticias\">Adem\u00e1s, agreg\u00f3,  el programa incluir\u00e1 \u00a0la construcci\u00f3n de  millares de viviendas econ\u00f3micas para que esas personas que hoy viven en casas  de hojalatas y piso de tierra puedan vivir con dignidad en un techo propio,  digno y decente.<\/p>\n<p>&#13;<\/p>\n<p align=\"justify\" class=\"text1noticias\">\u201cY vamos a  mejorar sustancialmente los servicios de educaci\u00f3n, salud y agua potable, as\u00ed  como el transporte p\u00fablico de pasajeros y la energ\u00eda el\u00e9ctrica para que llegue  m\u00e1s barata a la poblaci\u00f3n\u201d, apunt\u00f3.<\/p>\n<p>&#13;<\/p>\n<p align=\"justify\" class=\"text1noticias\">Amable Aristy  habl\u00f3 en esos t\u00e9rminos previo a la cena de Nochebuena en el populoso sector de  \u201cLa Florida\u201d,  en Higuey, donde comparti\u00f3 con cientos de personas humildes de la barriada, en donde  se sirvi\u00f3 cerdos asados, pavos, pollos horneados, ensalada, espaguetis,  manzanas, uva y licores.<\/p>\n<p>&#13;<\/p>\n<p align=\"justify\" class=\"text1noticias\">Sostuvo que su  meta es eliminar la frontera de la desesperanza en la que vive una gran parte  de la poblaci\u00f3n dominicana.<\/p>\n<p>&#13;<\/p>\n<p align=\"justify\" class=\"text1noticias\">Se comprometi\u00f3,  adem\u00e1s, a pavimentar las calles de la barriada, donde dijo viven familias muy  humildes, pero decentes, trabajadoras y con mucho deseo de superaci\u00f3n. <\/p>\n<p>&#13;<\/p>\n<p align=\"justify\" class=\"text1noticias\">El aspirante a la Presidencia de la Rep\u00fablica lleg\u00f3 al lugar  poco despu\u00e9s de las siete de la noche, donde fue recibido con una gran  algarab\u00eda y consignas pol\u00edticas alusivas a su candidatura.<\/p>\n<p>&#13;<\/p>\n<p align=\"justify\" class=\"text1noticias\">Comparti\u00f3 con  los presentes durante toda la noche, movi\u00e9ndose de una mesa a otra, y  escuchando con atenci\u00f3n todo lo que les dec\u00edan.<\/p>\n<p>&#13;<\/p>\n<p align=\"justify\" class=\"text1noticias\">Algunos de los  comensales aprovecharon la ocasi\u00f3n para hacerle cuentos y chistes, lo que  Amable Aristy disfrutaba de buenas ganas, incluso hubo momento que se le vio  re\u00edr a carcajadas.<\/p>\n<p>&#13;<\/p>\n<h6> 2007-12-25 19:01:36 <\/h6>\n<p><!--\n<link rel=\"stylesheet\" href=\"css\/bootstrap.min.css\">\n\n\n<ul class=\"pagination\">\n\t    \n\t\n\n<li >\n\t<a href='?page_no=34538'>Previous<\/a>\n\t<\/li>\n\n\n       \n    \n\n<li><a href='?page_no=1'>1<\/a><\/li>\n\n\n\n<li><a href='?page_no=2'>2<\/a><\/li>\n\n\n\n<li><a>...<\/a><\/li>\n\n\n\n<li><a href='?page_no=34537'>34537<\/a><\/li>\n\n\n\n<li><a href='?page_no=34538'>34538<\/a><\/li>\n\n\n\n<li class='active'><a>34539<\/a><\/li>\n\n\n\n<li><a href='?page_no=34540'>34540<\/a><\/li>\n\n\n\n<li><a href='?page_no=34541'>34541<\/a><\/li>\n\n\n\n<li><a>...<\/a><\/li>\n\n\n\n<li><a href='?page_no=36999'>36999<\/a><\/li>\n\n\n\n<li><a href='?page_no=37000'>37000<\/a><\/li>\n\n    \n\t\n\n<li >\n\t<a href='?page_no=34540'>Next<\/a>\n\t<\/li>\n\n\n    \n\n<li><a href='?page_no=37000'>Last &rsaquo;&rsaquo;<\/a><\/li>\n\n<\/ul>\n\n\n--><br \/>\n<\/body><\/p>\n","protected":false},"excerpt":{"rendered":"<p>En cena nochebuena: Amable \u201cCombatir\u00e9 pobreza extrema de forma frontal\u201d &#13; El candidato presidencial reformista, Amable Aristy Castro, declar\u00f3 que combatir\u00e1 de forma frontal la pobreza extrema en que viven millones de dominicanos con un programa bien estructurado que ayudar\u00e1 a la creaci\u00f3n de miles de empleos bien remunerados. &#13; Dijo que la pobreza e [&hellip;]<\/p>\n","protected":false},"author":3,"featured_media":0,"comment_status":"open","ping_status":"open","sticky":false,"template":"","format":"standard","meta":{"footnotes":""},"categories":[22],"tags":[],"class_list":["post-191791","post","type-post","status-publish","format-standard","hentry","category-politica"],"_links":{"self":[{"href":"https:\/\/diariodominicano.com\/index.php?rest_route=\/wp\/v2\/posts\/191791","targetHints":{"allow":["GET"]}}],"collection":[{"href":"https:\/\/diariodominicano.com\/index.php?rest_route=\/wp\/v2\/posts"}],"about":[{"href":"https:\/\/diariodominicano.com\/index.php?rest_route=\/wp\/v2\/types\/post"}],"author":[{"embeddable":true,"href":"https:\/\/diariodominicano.com\/index.php?rest_route=\/wp\/v2\/users\/3"}],"replies":[{"embeddable":true,"href":"https:\/\/diariodominicano.com\/index.php?rest_route=%2Fwp%2Fv2%2Fcomments&post=191791"}],"version-history":[{"count":0,"href":"https:\/\/diariodominicano.com\/index.php?rest_route=\/wp\/v2\/posts\/191791\/revisions"}],"wp:attachment":[{"href":"https:\/\/diariodominicano.com\/index.php?rest_route=%2Fwp%2Fv2%2Fmedia&parent=191791"}],"wp:term":[{"taxonomy":"category","embeddable":true,"href":"https:\/\/diariodominicano.com\/index.php?rest_route=%2Fwp%2Fv2%2Fcategories&post=191791"},{"taxonomy":"post_tag","embeddable":true,"href":"https:\/\/diariodominicano.com\/index.php?rest_route=%2Fwp%2Fv2%2Ftags&post=191791"}],"curies":[{"name":"wp","href":"https:\/\/api.w.org\/{rel}","templated":true}]}}