{"id":191789,"date":"2007-12-25T23:10:02","date_gmt":"2007-12-25T23:10:02","guid":{"rendered":"http:\/\/diariodominicano.ddns.net\/?p=191789"},"modified":"2007-12-25T23:10:02","modified_gmt":"2007-12-25T23:10:02","slug":"jose-montas-destaca-sensibilidad-del-presidente-leonel-fernandez","status":"publish","type":"post","link":"https:\/\/diariodominicano.com\/?p=191789","title":{"rendered":"Jos\u00e9 Mont\u00e1s destaca sensibilidad del presidente Leonel Fern\u00e1ndez"},"content":{"rendered":"<p><body><\/p>\n<p class=\"titulogrande1\">Jos\u00e9 Mont\u00e1s destaca sensibilidad del presidente Leonel Fern\u00e1ndez<\/p>\n<p>&#13;<\/p>\n<p align=\"justify\" class=\"text1noticias\"><strong><img loading=\"lazy\" decoding=\"async\" src=\"http:\/\/localhost:8080\/pictures\/jose montas con leonel.jpg\" width=\"269\" height=\"184\" hspace=\"4\" align=\"left\" \/>SAN CRISTOBAL.- <\/strong>El alcalde de San Crist\u00f3bal, Jos\u00e9 Mont\u00e1s, destac\u00f3  la sensibilidad humana del\u00a0presidente Leonel Fern\u00e1ndez, quien cen\u00f3 en  Nochebuena con los habitantes del sector Jeringa, de esta ciudad. <\/p>\n<p>&#13;<\/p>\n<p align=\"justify\" class=\"text1noticias\">La presencia del Presidente en esa cena colectiva, en donde  participaron cientos de familias de ese sector es una muestra m\u00e1s de la forma  sencilla y pr\u00e1ctica como se comporta, manifest\u00f3 Mont\u00e1s.<\/p>\n<p>&#13;<\/p>\n<p align=\"justify\" class=\"text1noticias\">Resalt\u00f3 tambi\u00e9n sus grandes  virtudes como estadista al traer mensajes de esperanzas realizables a corto  tiempo a los residentes en ese marginado barrio.<\/p>\n<p>&#13;<\/p>\n<p align=\"justify\" class=\"text1noticias\">Explic\u00f3 que los residentes en Jeringa, pudieron compartir con el Mandatario. Dijo que  por primera vez en la historia del pa\u00eds un Presidente cena con los habitantes  de una comunidad.<\/p>\n<p>&#13;<\/p>\n<p align=\"justify\" class=\"text1noticias\">Este es un hecho hist\u00f3rico y trascendental lo que ha acontecido en  el pa\u00eds con la presencia del presidente Fern\u00e1ndez en esa cena con su pueblo,  indic\u00f3.<\/p>\n<p>&#13;<\/p>\n<p align=\"justify\" class=\"text1noticias\">El presidente cen\u00f3 en compa\u00f1\u00eda de varias personas del barrio,  entre las que figuraba la se\u00f1ora Miguelina Aracena, due\u00f1a de la casa visitada  por Fern\u00e1ndez y en cuyo lado fue instalada una carpa para albergar a los dem\u00e1s  comensales.\u00a0<\/p>\n<p>&#13;<\/p>\n<p align=\"justify\" class=\"text1noticias\">Entre los que cenaron con Presidente estuvieron la primera dama,  Margarita Cede\u00f1o, el vicepresidente Rafael Alburquerque, el senador Tommy Gal\u00e1n  y el alcalde Mont\u00e1s.\u00a0<\/p>\n<p>&#13;<\/p>\n<p align=\"justify\" class=\"text1noticias\">Tambi\u00e9n los diputados Gamalier Mont\u00e1s, Tulio Jim\u00e9nez y el  productor de televisi\u00f3n Rafael Corpor\u00e1n de los Santos, entre otros.<\/p>\n<p>&#13;<\/p>\n<h6> 2007-12-25 23:10:02 <\/h6>\n<p><!--\n<link rel=\"stylesheet\" href=\"css\/bootstrap.min.css\">\n\n\n<ul class=\"pagination\">\n\t    \n\t\n\n<li >\n\t<a href='?page_no=34536'>Previous<\/a>\n\t<\/li>\n\n\n       \n    \n\n<li><a href='?page_no=1'>1<\/a><\/li>\n\n\n\n<li><a href='?page_no=2'>2<\/a><\/li>\n\n\n\n<li><a>...<\/a><\/li>\n\n\n\n<li><a href='?page_no=34535'>34535<\/a><\/li>\n\n\n\n<li><a href='?page_no=34536'>34536<\/a><\/li>\n\n\n\n<li class='active'><a>34537<\/a><\/li>\n\n\n\n<li><a href='?page_no=34538'>34538<\/a><\/li>\n\n\n\n<li><a href='?page_no=34539'>34539<\/a><\/li>\n\n\n\n<li><a>...<\/a><\/li>\n\n\n\n<li><a href='?page_no=36999'>36999<\/a><\/li>\n\n\n\n<li><a href='?page_no=37000'>37000<\/a><\/li>\n\n    \n\t\n\n<li >\n\t<a href='?page_no=34538'>Next<\/a>\n\t<\/li>\n\n\n    \n\n<li><a href='?page_no=37000'>Last &rsaquo;&rsaquo;<\/a><\/li>\n\n<\/ul>\n\n\n--><br \/>\n<\/body><\/p>\n","protected":false},"excerpt":{"rendered":"<p>Jos\u00e9 Mont\u00e1s destaca sensibilidad del presidente Leonel Fern\u00e1ndez &#13; SAN CRISTOBAL.- El alcalde de San Crist\u00f3bal, Jos\u00e9 Mont\u00e1s, destac\u00f3 la sensibilidad humana del\u00a0presidente Leonel Fern\u00e1ndez, quien cen\u00f3 en Nochebuena con los habitantes del sector Jeringa, de esta ciudad. &#13; La presencia del Presidente en esa cena colectiva, en donde participaron cientos de familias de ese [&hellip;]<\/p>\n","protected":false},"author":3,"featured_media":0,"comment_status":"open","ping_status":"open","sticky":false,"template":"","format":"standard","meta":{"footnotes":""},"categories":[22],"tags":[],"class_list":["post-191789","post","type-post","status-publish","format-standard","hentry","category-politica"],"_links":{"self":[{"href":"https:\/\/diariodominicano.com\/index.php?rest_route=\/wp\/v2\/posts\/191789","targetHints":{"allow":["GET"]}}],"collection":[{"href":"https:\/\/diariodominicano.com\/index.php?rest_route=\/wp\/v2\/posts"}],"about":[{"href":"https:\/\/diariodominicano.com\/index.php?rest_route=\/wp\/v2\/types\/post"}],"author":[{"embeddable":true,"href":"https:\/\/diariodominicano.com\/index.php?rest_route=\/wp\/v2\/users\/3"}],"replies":[{"embeddable":true,"href":"https:\/\/diariodominicano.com\/index.php?rest_route=%2Fwp%2Fv2%2Fcomments&post=191789"}],"version-history":[{"count":0,"href":"https:\/\/diariodominicano.com\/index.php?rest_route=\/wp\/v2\/posts\/191789\/revisions"}],"wp:attachment":[{"href":"https:\/\/diariodominicano.com\/index.php?rest_route=%2Fwp%2Fv2%2Fmedia&parent=191789"}],"wp:term":[{"taxonomy":"category","embeddable":true,"href":"https:\/\/diariodominicano.com\/index.php?rest_route=%2Fwp%2Fv2%2Fcategories&post=191789"},{"taxonomy":"post_tag","embeddable":true,"href":"https:\/\/diariodominicano.com\/index.php?rest_route=%2Fwp%2Fv2%2Ftags&post=191789"}],"curies":[{"name":"wp","href":"https:\/\/api.w.org\/{rel}","templated":true}]}}