{"id":191788,"date":"2007-12-26T02:54:53","date_gmt":"2007-12-26T02:54:53","guid":{"rendered":"http:\/\/diariodominicano.ddns.net\/?p=191788"},"modified":"2007-12-26T02:54:53","modified_gmt":"2007-12-26T02:54:53","slug":"brasil-la-paradoja","status":"publish","type":"post","link":"https:\/\/diariodominicano.com\/?p=191788","title":{"rendered":"Brasil, la paradoja"},"content":{"rendered":"<p><body><\/p>\n<p align=\"justify\" class=\"titulogrande1\">Brasil, la paradoja<\/p>\n<p>&#13;<\/p>\n<p align=\"justify\" class=\"text1noticias\"><img loading=\"lazy\" decoding=\"async\" src=\"http:\/\/localhost:8080\/pictures\/lula cargando nina.jpg\" width=\"269\" height=\"366\" hspace=\"4\" align=\"left\" \/>Brasil  es una paradoja con forma de pa\u00eds. Visto desde el punto de la macroeconom\u00eda, va  bien: creci\u00f3 un 5,2% en el \u00faltimo a\u00f1o hasta septiembre, en comparaci\u00f3n con el  periodo entre octubre de 2005 y septiembre de 2006, y su crecimiento econ\u00f3mico  en 2006 fue del 3,8%. <br \/>&#13;<br \/>\n  <br \/>&#13;<br \/>\n  Adem\u00e1s, tiene todas sus cuentas en orden y los inversores  y banqueros se declaran satisfechos.<br \/>&#13;<br \/>\n  <br \/>&#13;<br \/>\n  Sin  embargo, como ha escrito la columnista pol\u00edtica de Folha de S\u00e3o Paulo Eliane  Cantanh\u00eade, Brasil va bien, pero los brasile\u00f1os no tanto. \u00bfPor qu\u00e9? \u00bfQu\u00e9 impide  al pa\u00eds crecer al ritmo de las naciones en desarrollo, como India? Lo cierto es  que Brasil sigue siendo un pa\u00eds de inmensas potencialidades \u2014propias en muchos  aspectos del primer mundo\u2014, pero al mismo tiempo su motor renquea como el de un  viejo avi\u00f3n al que le cuesta trabajo despegar.<br \/>&#13;<br \/>\n  <br \/>&#13;<br \/>\n  Seg\u00fan  los analistas pol\u00edticos independientes, uno de los problemas m\u00e1s graves del  Gobierno de Luiz In\u00e1cio Lula da Silva es que, a pesar de tener te\u00f3ricamente la  mayor\u00eda en el Congreso, en la pr\u00e1ctica no consigue aprobar las grandes leyes  sin las cuales el pa\u00eds no consigue dar el salto que necesita, como las  relativas a las reformas pol\u00edtica, fiscal y de la Seguridad Social  y a los problemas de la violencia y la educaci\u00f3n, una asignatura en la que  Brasil se sit\u00faa en el furg\u00f3n de cola del mundo.<br \/>&#13;<br \/>\n  <br \/>&#13;<br \/>\n  El  problema del Congreso es que los diputados y senadores brasile\u00f1os no conocen la  obediencia y la fidelidad a sus propios partidos, y acaban votando como  quieren, a pesar de las consignas de los l\u00edderes de sus formaciones. Se pudo  comprobar recientemente, cuando Lula perdi\u00f3 en el Senado una importante  votaci\u00f3n para renovar un impuesto de 20.000 millones de d\u00f3lares anuales, el  llamado impuesto del cheque. El Gobierno ten\u00eda votos suficientes para conseguir  la pr\u00f3rroga de la tasa, pero siete de los senadores supuestamente afines le  negaron su apoyo.<br \/>&#13;<br \/>\n  <br \/>&#13;<br \/>\n  En  los \u00faltimos 19 a\u00f1os, de 2.110 enmiendas constitucionales presentadas, el  Congreso s\u00f3lo aprob\u00f3 19. De 30.297 proyectos, \u00fanicamente 458 obtuvieron  respaldo. Al mismo tiempo, el Congreso se queja de las dificultades que  encuentra para legislar, porque el Gobierno suspende su actividad  constantemente presentando proyectos de ley con car\u00e1cter de urgencia. El  resultado es una especie de par\u00e1lisis del Legislativo.<br \/>&#13;<br \/>\n  <br \/>&#13;<br \/>\n  De  ah\u00ed la dificultad en aprobar cualquier reforma seria. Hay proyectos que se  arrastran en el Parlamento desde hace 10 a\u00f1os, ya bajo las presidencias de  Itamar Franco y Fernando Henrique Cardoso. Lula, desesperado, lleg\u00f3 a decir a  un grupo de empresarios que ten\u00eda un demonio en su interior que le impulsaba a  cerrar el Parlamento. Y \u00e9ste, a su vez, se queja de que el Ejecutivo le impide  de actuar.<br \/>&#13;<br \/>\n  <br \/>&#13;<br \/>\n  Con  este panorama, los analistas son pr\u00e1cticamente un\u00e1nimes al vaticinar que Brasil  no podr\u00e1 crecer al ritmo de las econom\u00edas en desarrollo, ni podr\u00e1 reducir el  abismo de injusticia en la distribuci\u00f3n de la renta, ni resolver el problema de  la educaci\u00f3n, con siete millones de j\u00f3venes que no estudian ni trabajan y  muchos ni\u00f1os que, tras los cuatro primeros a\u00f1os de escolaridad, siguen siendo  analfabetos. Tampoco podr\u00e1 hacer frente a la violencia, que est\u00e1 llevando al  pa\u00eds a blindarse f\u00edsicamente y a las ciudades, a favelizarse, debido a la  escasez de viviendas \u2014son necesarias, al menos, ocho millones\u2014 y a la violencia  generada por el tr\u00e1fico de drogas, que anida en el territorio de nadie de las  favelas. Como tampoco podr\u00e1 acabar con el absurdo de una carga tributaria que  roza el 40% y que lastra el crecimiento de las empresas.<br \/>&#13;<br \/>\n  <br \/>&#13;<br \/>\n\u00c9stos  son los grandes desaf\u00edos que afrontar\u00e1 Lula en los tres a\u00f1os que le quedan de  Gobierno. Por el momento, s\u00f3lo tiene la certeza de la imperiosa necesidad de  mejorar las relaciones con el Parlamento y con sus aliados pol\u00edticos. Porque,  tras los esc\u00e1ndalos de corrupci\u00f3n de su primer mandato, sabe que no sirve de  nada la pol\u00edtica de compra de votos de congresistas, ya sea con cargos o con  dinero, porque al final no da resultados y acaba poniendo en peligro la  credibilidad de las instituciones democr\u00e1ticas.<br \/>&#13;<br \/>\n<br \/>&#13;<br \/>\n  <strong>Juan Arias<\/strong> 26\/12\/2007 \/El Pa\u00eds<\/p>\n<p>&#13;<\/p>\n<h6> 2007-12-26 02:54:53 <\/h6>\n<p><!--\n<link rel=\"stylesheet\" href=\"css\/bootstrap.min.css\">\n\n\n<ul class=\"pagination\">\n\t    \n\t\n\n<li >\n\t<a href='?page_no=34535'>Previous<\/a>\n\t<\/li>\n\n\n       \n    \n\n<li><a href='?page_no=1'>1<\/a><\/li>\n\n\n\n<li><a href='?page_no=2'>2<\/a><\/li>\n\n\n\n<li><a>...<\/a><\/li>\n\n\n\n<li><a href='?page_no=34534'>34534<\/a><\/li>\n\n\n\n<li><a href='?page_no=34535'>34535<\/a><\/li>\n\n\n\n<li class='active'><a>34536<\/a><\/li>\n\n\n\n<li><a href='?page_no=34537'>34537<\/a><\/li>\n\n\n\n<li><a href='?page_no=34538'>34538<\/a><\/li>\n\n\n\n<li><a>...<\/a><\/li>\n\n\n\n<li><a href='?page_no=36999'>36999<\/a><\/li>\n\n\n\n<li><a href='?page_no=37000'>37000<\/a><\/li>\n\n    \n\t\n\n<li >\n\t<a href='?page_no=34537'>Next<\/a>\n\t<\/li>\n\n\n    \n\n<li><a href='?page_no=37000'>Last &rsaquo;&rsaquo;<\/a><\/li>\n\n<\/ul>\n\n\n--><br \/>\n<\/body><\/p>\n","protected":false},"excerpt":{"rendered":"<p>Brasil, la paradoja &#13; Brasil es una paradoja con forma de pa\u00eds. Visto desde el punto de la macroeconom\u00eda, va bien: creci\u00f3 un 5,2% en el \u00faltimo a\u00f1o hasta septiembre, en comparaci\u00f3n con el periodo entre octubre de 2005 y septiembre de 2006, y su crecimiento econ\u00f3mico en 2006 fue del 3,8%. &#13; &#13; Adem\u00e1s, [&hellip;]<\/p>\n","protected":false},"author":3,"featured_media":0,"comment_status":"open","ping_status":"open","sticky":false,"template":"","format":"standard","meta":{"footnotes":""},"categories":[22],"tags":[],"class_list":["post-191788","post","type-post","status-publish","format-standard","hentry","category-politica"],"_links":{"self":[{"href":"https:\/\/diariodominicano.com\/index.php?rest_route=\/wp\/v2\/posts\/191788","targetHints":{"allow":["GET"]}}],"collection":[{"href":"https:\/\/diariodominicano.com\/index.php?rest_route=\/wp\/v2\/posts"}],"about":[{"href":"https:\/\/diariodominicano.com\/index.php?rest_route=\/wp\/v2\/types\/post"}],"author":[{"embeddable":true,"href":"https:\/\/diariodominicano.com\/index.php?rest_route=\/wp\/v2\/users\/3"}],"replies":[{"embeddable":true,"href":"https:\/\/diariodominicano.com\/index.php?rest_route=%2Fwp%2Fv2%2Fcomments&post=191788"}],"version-history":[{"count":0,"href":"https:\/\/diariodominicano.com\/index.php?rest_route=\/wp\/v2\/posts\/191788\/revisions"}],"wp:attachment":[{"href":"https:\/\/diariodominicano.com\/index.php?rest_route=%2Fwp%2Fv2%2Fmedia&parent=191788"}],"wp:term":[{"taxonomy":"category","embeddable":true,"href":"https:\/\/diariodominicano.com\/index.php?rest_route=%2Fwp%2Fv2%2Fcategories&post=191788"},{"taxonomy":"post_tag","embeddable":true,"href":"https:\/\/diariodominicano.com\/index.php?rest_route=%2Fwp%2Fv2%2Ftags&post=191788"}],"curies":[{"name":"wp","href":"https:\/\/api.w.org\/{rel}","templated":true}]}}