{"id":191787,"date":"2007-12-26T02:59:12","date_gmt":"2007-12-26T02:59:12","guid":{"rendered":"http:\/\/diariodominicano.ddns.net\/?p=191787"},"modified":"2007-12-26T02:59:12","modified_gmt":"2007-12-26T02:59:12","slug":"zapatero-descansa-en-donana","status":"publish","type":"post","link":"https:\/\/diariodominicano.com\/?p=191787","title":{"rendered":"Zapatero descansa en Do\u00f1ana"},"content":{"rendered":"<p><body><\/p>\n<p align=\"justify\"><strong class=\"titulogrande1\">Zapatero  descansa en Do\u00f1ana<\/strong><br \/>&#13;<br \/>\n  <br \/>&#13;<br \/>\n    <strong>El presidente del  Gobierno ha viajado a C\u00e1diz para pasar unos d\u00edas de vacaciones en el Palacio de  las Marismillas <\/strong><\/p>\n<p>&#13;<\/p>\n<p align=\"justify\" class=\"text1noticias\"><strong>MADRID.-<\/strong> El presidente del Gobierno, Jos\u00e9 Luis Rodr\u00edguez  Zapatero, lleg\u00f3 ayer por la tarde a Sanl\u00facar de Barrameda (C\u00e1diz) para pasar  unos d\u00edas de descanso en el Palacio de las Marismillas, situado a la otra  orilla del Guadalquivir, en el Espacio Natural de Do\u00f1ana.<br \/>&#13;<br \/>\n  <br \/>&#13;<br \/>\n  El presidente del Ejecutivo lleg\u00f3 a la playa de Bajo de Gu\u00eda en  coche oficial a las 19:30 horas, donde fue recibido en el paseo mar\u00edtimo por la  alcaldesa de Sanl\u00facar, Irene Garc\u00eda, y por el equipo de gobierno municipal.<br \/>&#13;<br \/>\n  <br \/>&#13;<br \/>\n  Antes de cruzar en barcaza hacia el Espacio Natural de Do\u00f1ana,  que engloba los parques nacional y natural del mismo nombre, Zapater\u00f3 salud\u00f3 a  un grupo de ciudadanos y visitantes que se encontraban en la zona, a los que  felicit\u00f3 la Navidad  y con los que se hizo fotograf\u00edas.<br \/>&#13;<br \/>\n  <br \/>&#13;<br \/>\n  Uno de los propietarios del restaurante El Mirador de Do\u00f1ana,  Jos\u00e9 Lazareno, explic\u00f3 que el presidente del Gobierno se acerc\u00f3 a saludarle  porque ya se conoc\u00edan de otras veces. \u00abNos hemos preguntado por las  respectivas familias y nos hemos felicitado las fiestas navide\u00f1as\u00bb, dijo.<br \/>&#13;<br \/>\n  <br \/>&#13;<br \/>\n  La \u00faltima ocasi\u00f3n que el presidente del Ejecutivo espa\u00f1ol estuvo  en el Palacio de las Marismillas fue el pasado agosto, cuando pas\u00f3 unos d\u00edas de  descanso veraniego junto a su familia. Tambi\u00e9n disfrutaron de unos d\u00edas de  descanso all\u00ed durante las pasadas Navidades y en Semana Santa.<br \/>&#13;<br \/>\n  <br \/>&#13;<br \/>\n  El Palacio de las Marismillas, y las cerca de 10.500 hect\u00e1reas  de terreno que tiene asociadas, es de titularidad estatal y se ha convertido en  uno de los parajes favoritos de los mandatarios espa\u00f1oles para descansar.<br \/>&#13;<br \/>\n  <br \/>&#13;<br \/>\n  El ex presidente Felipe Gonz\u00e1lez sol\u00eda veranear en Do\u00f1ana, donde  recibi\u00f3 a varios jefes de estado, y Jos\u00e9 Mar\u00eda Aznar tambi\u00e9n utiliz\u00f3 su  infraestructura para invitar a otros presidentes como el brit\u00e1nico Tony Blair,  el mexicano Vicente Fox o el colombiano \u00c1lvaro Uribe.<br \/>&#13;<br \/>\n  <br \/>&#13;<br \/>\n  <strong>EFE<\/strong> &#8211; Madrid &#8211; 26\/12\/2007 <\/p>\n<p>&#13;<\/p>\n<h6> 2007-12-26 02:59:12 <\/h6>\n<p><!--\n<link rel=\"stylesheet\" href=\"css\/bootstrap.min.css\">\n\n\n<ul class=\"pagination\">\n\t    \n\t\n\n<li >\n\t<a href='?page_no=34534'>Previous<\/a>\n\t<\/li>\n\n\n       \n    \n\n<li><a href='?page_no=1'>1<\/a><\/li>\n\n\n\n<li><a href='?page_no=2'>2<\/a><\/li>\n\n\n\n<li><a>...<\/a><\/li>\n\n\n\n<li><a href='?page_no=34533'>34533<\/a><\/li>\n\n\n\n<li><a href='?page_no=34534'>34534<\/a><\/li>\n\n\n\n<li class='active'><a>34535<\/a><\/li>\n\n\n\n<li><a href='?page_no=34536'>34536<\/a><\/li>\n\n\n\n<li><a href='?page_no=34537'>34537<\/a><\/li>\n\n\n\n<li><a>...<\/a><\/li>\n\n\n\n<li><a href='?page_no=36999'>36999<\/a><\/li>\n\n\n\n<li><a href='?page_no=37000'>37000<\/a><\/li>\n\n    \n\t\n\n<li >\n\t<a href='?page_no=34536'>Next<\/a>\n\t<\/li>\n\n\n    \n\n<li><a href='?page_no=37000'>Last &rsaquo;&rsaquo;<\/a><\/li>\n\n<\/ul>\n\n\n--><br \/>\n<\/body><\/p>\n","protected":false},"excerpt":{"rendered":"<p>Zapatero descansa en Do\u00f1ana&#13; &#13; El presidente del Gobierno ha viajado a C\u00e1diz para pasar unos d\u00edas de vacaciones en el Palacio de las Marismillas &#13; MADRID.- El presidente del Gobierno, Jos\u00e9 Luis Rodr\u00edguez Zapatero, lleg\u00f3 ayer por la tarde a Sanl\u00facar de Barrameda (C\u00e1diz) para pasar unos d\u00edas de descanso en el Palacio de [&hellip;]<\/p>\n","protected":false},"author":3,"featured_media":0,"comment_status":"open","ping_status":"open","sticky":false,"template":"","format":"standard","meta":{"footnotes":""},"categories":[22],"tags":[],"class_list":["post-191787","post","type-post","status-publish","format-standard","hentry","category-politica"],"_links":{"self":[{"href":"https:\/\/diariodominicano.com\/index.php?rest_route=\/wp\/v2\/posts\/191787","targetHints":{"allow":["GET"]}}],"collection":[{"href":"https:\/\/diariodominicano.com\/index.php?rest_route=\/wp\/v2\/posts"}],"about":[{"href":"https:\/\/diariodominicano.com\/index.php?rest_route=\/wp\/v2\/types\/post"}],"author":[{"embeddable":true,"href":"https:\/\/diariodominicano.com\/index.php?rest_route=\/wp\/v2\/users\/3"}],"replies":[{"embeddable":true,"href":"https:\/\/diariodominicano.com\/index.php?rest_route=%2Fwp%2Fv2%2Fcomments&post=191787"}],"version-history":[{"count":0,"href":"https:\/\/diariodominicano.com\/index.php?rest_route=\/wp\/v2\/posts\/191787\/revisions"}],"wp:attachment":[{"href":"https:\/\/diariodominicano.com\/index.php?rest_route=%2Fwp%2Fv2%2Fmedia&parent=191787"}],"wp:term":[{"taxonomy":"category","embeddable":true,"href":"https:\/\/diariodominicano.com\/index.php?rest_route=%2Fwp%2Fv2%2Fcategories&post=191787"},{"taxonomy":"post_tag","embeddable":true,"href":"https:\/\/diariodominicano.com\/index.php?rest_route=%2Fwp%2Fv2%2Ftags&post=191787"}],"curies":[{"name":"wp","href":"https:\/\/api.w.org\/{rel}","templated":true}]}}