{"id":191786,"date":"2007-12-26T03:14:33","date_gmt":"2007-12-26T03:14:33","guid":{"rendered":"http:\/\/diariodominicano.ddns.net\/?p=191786"},"modified":"2007-12-26T03:14:33","modified_gmt":"2007-12-26T03:14:33","slug":"los-candidatos-cenaron-con-centenares-de-familias-pobres-los-del-prd-y-el-prsc-mantienen-linea-de-ataque-contra-leonel","status":"publish","type":"post","link":"https:\/\/diariodominicano.com\/?p=191786","title":{"rendered":"Los candidatos cenaron con centenares de familias pobres; los del PRD y el PRSC mantienen l\u00ednea de ataque contra Leonel"},"content":{"rendered":"<p><body><\/p>\n<p align=\"justify\"><span class=\"titulogrande1\">Los candidatos cenaron con  centenares de familias pobres; los del  PRD y el PRSC mantienen l\u00ednea de ataque contra Leonel<\/span><br \/>&#13;<br \/>\n  <br \/>&#13;<br \/>\n    <strong>Fern\u00e1ndez fue el \u00fanico que no emiti\u00f3 ning\u00fan tipo de  declaraciones en la cena y seg\u00fan la direcci\u00f3n de prensa presidencial, acudi\u00f3 al  lugar en su condici\u00f3n de gobernante en un gesto de solidaridad con las familias  pobres\u201d. <br \/>&#13;<br \/>\n    <\/strong><br \/>&#13;<br \/>\n    <strong>Comieron y disfrutaron  animadamente en los barrios marginados<\/strong><\/p>\n<p>&#13;<\/p>\n<p align=\"justify\" class=\"text1noticias\"><strong>SANTO DOMINGO.- <\/strong>Los  candidatos presidenciales de los partidos de la Liberaci\u00f3n Dominicana  (PLD), Revolucionario Dominicano (PRD) y Reformista Social Cristiano (PRSC)  iniciaron una nueva modalidad para  conquistar los votos: cenaron en Nochebuena con centenares de familias pobres  en sectores marginados en distintos puntos del pa\u00eds. <br \/>&#13;<br \/>\n  <br \/>&#13;<br \/>\n  A juzgar por las f\u00edlmicas y fotos que distribuyen los  equipos de prensa del presidente Leonel Fern\u00e1ndez y los candidatos del PRD,  Miguel Vargas Maldonado, del reformista Amable Aristy Castro, estos comieron y  disfrutaron animadamente con familias pobres en Nochebuena. <br \/>&#13;<br \/>\n  <br \/>&#13;<br \/>\n  No obstante, Fern\u00e1ndez fue el \u00fanico que no emiti\u00f3  ning\u00fan tipo de declaraciones en la cena y seg\u00fan la direcci\u00f3n de prensa  presidencial, acudi\u00f3 al lugar en su condici\u00f3n de gobernante en un gesto de  solidaridad con las familias pobres\u201d. <br \/>&#13;<br \/>\n  <br \/>&#13;<br \/>\n  En el encuentro del Presidente con los moradores de  Jeringa, San Crist\u00f3bal, no se present\u00f3 ning\u00fan tipo de propaganda del PLD. Por  el contrario, Vargas Maldonado y Aristy Castro aprovecharon el escenario para  lanzar una andanada de cr\u00edticas contra el gobernante el \u201cd\u00eda de Nochebuena\u201d. <br \/>&#13;<br \/>\n  <br \/>&#13;<br \/>\n  El candidato del PRD consider\u00f3 que el \u201cPresidente \u00a0volvi\u00f3 a mentir al pueblo\u201d cuando afirm\u00f3 que  no se puede cumplir con las necesidades financieras de la educaci\u00f3n y salud  p\u00fablicas. <br \/>&#13;<br \/>\n  <br \/>&#13;<br \/>\n  Afirm\u00f3 que Fern\u00e1ndez ha declarado en m\u00faltiples  ocasiones que no se necesita la presencia del FMI a partir de enero de 2008,  \u201cde modo que mintieron entonces o est\u00e1n mintiendo ahora, con lo que reiteran su  conducta de disfrazar con palabras bonitas lo que son sus verdaderas  intenciones\u201d. <br \/>&#13;<br \/>\n  <br \/>&#13;<br \/>\n  Aristy Castro calific\u00f3 de \u00a0\u201cinsensible\u201d a Fern\u00e1ndez y dijo que si el PRSC  llega al poder combatir\u00e1 de forma  frontal la pobreza extrema en que viven millones de dominicanos con un programa  bien estructurado que ayudar\u00e1 a la creaci\u00f3n de miles de empleos bien  remunerados. Dijo que la pobreza e indigencia que golpea a la mayor\u00eda de la  poblaci\u00f3n amerita de atenci\u00f3n r\u00e1pida, pero para ello se necesita de un  presidente con sensibilidad social y humana,\u201cque se entregue en cuerpo y alma a  trabajar por los pobres\u201d. <\/p>\n<p>&#13;<\/p>\n<p align=\"justify\" class=\"text1noticias\"><strong>El Presidente en San Crist\u00f3bal <\/strong> <br \/>&#13;<br \/>\n  <br \/>&#13;<br \/>\n  Esto es un sue\u00f1o, no logro despertar, no lo puedo  creer, desde que me pidieron que recibiera al Presidente en mi casa no he  podido comer nada, s\u00f3lo t\u00e9 de manzanilla y juguito\u201d. El testimonio es de Miguelina Camarena, quien se gana la vida con  una fritura, su humilde vivienda del empobrecido sector Jeringa, San Crist\u00f3bal,  fue elegida por el presidente Leonel Fern\u00e1ndez y la primera dama Margarita  Cede\u00f1o para cenar en Nochebuena. <br \/>&#13;<br \/>\n  <br \/>&#13;<br \/>\n  Ella, madre de siete hijos, su esposo agricultor, est\u00e1  enfermo, sufre de problemas renales. La casa era de cart\u00f3n, y playwood  deteriorado, pero para acoger al Presidente las autoridades la repararon con  madera y cinc nuevos. Una vivienda vieja y deteriorada que sufri\u00f3 los da\u00f1os de  las\u00a0 tormentas, Olga y Noel. <br \/>&#13;<br \/>\n  <br \/>&#13;<br \/>\n  Obras P\u00fablicas y Edesur se encargaron de reparar las calles y el tendido el\u00e9ctrico del lugar.  <br \/>&#13;<br \/>\n  <br \/>&#13;<br \/>\n  La casa es alquilada, paga mil pesos de renta mensual. <\/p>\n<p>&#13;<\/p>\n<p align=\"justify\" class=\"text1noticias\"><strong>Vargas Maldonado  en Santiago <\/strong> <br \/>&#13;<br \/>\n  <br \/>&#13;<br \/>\n  El candidato presidencial del PRD, realiz\u00f3 \u201cal  almuerzo de solidaridad\u201d, en que el d\u00eda de Nochebuena comparti\u00f3 en un ambiente  familiar y de camarader\u00eda con los damnificados de Rafey, en Santiago de los  Caballeros. <br \/>&#13;<br \/>\n  <br \/>&#13;<br \/>\n  Esta provincia fue duramente golpeada por las  inundaciones causadas \u201cpor la liberaci\u00f3n abrupta de las aguas de la presa de  Tavera\u201d durante la tormenta Olga, dice un comunicado de prensa del PRD.<br \/>&#13;<br \/>\n  <br \/>&#13;<br \/>\nEl almuerzo se  efectu\u00f3 en la iglesia Cat\u00f3lica de la comunidad de Rafey. El candidato  presidencial del PRD tambi\u00e9n almorz\u00f3 con damnificados del sector de Bella  Vista. Adem\u00e1s de la comida, Vargas Maldonado conversaba animadamente con los  damnificados y le explicaba su programa de gobierno a favor de los pobres.<br \/>&#13;<br \/>\n<br \/>&#13;<br \/>\nLe promet\u00eda que  de llegar al Gobierno desarrollar\u00eda a partir del 16 de agosto un proyecto de naci\u00f3n  en el que la acci\u00f3n del Gobierno est\u00e9 centrada en satisfacer las necesidades de  la gente. <br \/>&#13;<br \/>\n<br \/>&#13;<br \/>\n  <strong>Amable Aristy en  Hig\u00fcey <\/strong> <br \/>&#13;<br \/>\n  <br \/>&#13;<br \/>\n  El candidato reformista organiz\u00f3 su cena de Nochebuena  en el populoso sector de \u201cLa   Florida\u201d, en Higuey, donde comparti\u00f3 con cientos de personas  humildes de la barriada. All\u00ed se sirvi\u00f3 cerdos asados, pavos, pollos horneados,  ensalada, espaguetis, manzanas, uva y licores. <br \/>&#13;<br \/>\n  <br \/>&#13;<br \/>\n  Aristy Castro\u00a0 lleg\u00f3  al lugar poco despu\u00e9s de las siete de la noche; fue recibido con una gran  algarab\u00eda y consignas pol\u00edticas alusivas a su candidatura.<br \/>&#13;<br \/>\n  <br \/>&#13;<br \/>\nComparti\u00f3 con  los presentes toda la noche, movi\u00e9ndose de una mesa a otra, escuchando con  atenci\u00f3n todo lo que les dec\u00edan. Algunos de los comensales aprovecharon la  ocasi\u00f3n para hacerle cuentos y chistes, lo que Amable Aristy disfrutaba de  buenas ganas, incluso hubo momento que se le vio re\u00edr a carcajadas. <br \/>&#13;<br \/>\n<br \/>&#13;<br \/>\nLes prometi\u00f3 pavimentar las calles de la barriada,  donde dijo viven familias muy humildes, pero decentes, trabajadoras y con mucho  deseo de superaci\u00f3n. <\/p>\n<p>&#13;<\/p>\n<h6> 2007-12-26 03:14:33 <\/h6>\n<p><!--\n<link rel=\"stylesheet\" href=\"css\/bootstrap.min.css\">\n\n\n<ul class=\"pagination\">\n\t    \n\t\n\n<li >\n\t<a href='?page_no=34533'>Previous<\/a>\n\t<\/li>\n\n\n       \n    \n\n<li><a href='?page_no=1'>1<\/a><\/li>\n\n\n\n<li><a href='?page_no=2'>2<\/a><\/li>\n\n\n\n<li><a>...<\/a><\/li>\n\n\n\n<li><a href='?page_no=34532'>34532<\/a><\/li>\n\n\n\n<li><a href='?page_no=34533'>34533<\/a><\/li>\n\n\n\n<li class='active'><a>34534<\/a><\/li>\n\n\n\n<li><a href='?page_no=34535'>34535<\/a><\/li>\n\n\n\n<li><a href='?page_no=34536'>34536<\/a><\/li>\n\n\n\n<li><a>...<\/a><\/li>\n\n\n\n<li><a href='?page_no=36999'>36999<\/a><\/li>\n\n\n\n<li><a href='?page_no=37000'>37000<\/a><\/li>\n\n    \n\t\n\n<li >\n\t<a href='?page_no=34535'>Next<\/a>\n\t<\/li>\n\n\n    \n\n<li><a href='?page_no=37000'>Last &rsaquo;&rsaquo;<\/a><\/li>\n\n<\/ul>\n\n\n--><br \/>\n<\/body><\/p>\n","protected":false},"excerpt":{"rendered":"<p>Los candidatos cenaron con centenares de familias pobres; los del PRD y el PRSC mantienen l\u00ednea de ataque contra Leonel&#13; &#13; Fern\u00e1ndez fue el \u00fanico que no emiti\u00f3 ning\u00fan tipo de declaraciones en la cena y seg\u00fan la direcci\u00f3n de prensa presidencial, acudi\u00f3 al lugar en su condici\u00f3n de gobernante en un gesto de solidaridad [&hellip;]<\/p>\n","protected":false},"author":3,"featured_media":0,"comment_status":"open","ping_status":"open","sticky":false,"template":"","format":"standard","meta":{"footnotes":""},"categories":[22],"tags":[],"class_list":["post-191786","post","type-post","status-publish","format-standard","hentry","category-politica"],"_links":{"self":[{"href":"https:\/\/diariodominicano.com\/index.php?rest_route=\/wp\/v2\/posts\/191786","targetHints":{"allow":["GET"]}}],"collection":[{"href":"https:\/\/diariodominicano.com\/index.php?rest_route=\/wp\/v2\/posts"}],"about":[{"href":"https:\/\/diariodominicano.com\/index.php?rest_route=\/wp\/v2\/types\/post"}],"author":[{"embeddable":true,"href":"https:\/\/diariodominicano.com\/index.php?rest_route=\/wp\/v2\/users\/3"}],"replies":[{"embeddable":true,"href":"https:\/\/diariodominicano.com\/index.php?rest_route=%2Fwp%2Fv2%2Fcomments&post=191786"}],"version-history":[{"count":0,"href":"https:\/\/diariodominicano.com\/index.php?rest_route=\/wp\/v2\/posts\/191786\/revisions"}],"wp:attachment":[{"href":"https:\/\/diariodominicano.com\/index.php?rest_route=%2Fwp%2Fv2%2Fmedia&parent=191786"}],"wp:term":[{"taxonomy":"category","embeddable":true,"href":"https:\/\/diariodominicano.com\/index.php?rest_route=%2Fwp%2Fv2%2Fcategories&post=191786"},{"taxonomy":"post_tag","embeddable":true,"href":"https:\/\/diariodominicano.com\/index.php?rest_route=%2Fwp%2Fv2%2Ftags&post=191786"}],"curies":[{"name":"wp","href":"https:\/\/api.w.org\/{rel}","templated":true}]}}