{"id":191785,"date":"2007-12-26T03:21:09","date_gmt":"2007-12-26T03:21:09","guid":{"rendered":"http:\/\/diariodominicano.ddns.net\/?p=191785"},"modified":"2007-12-26T03:21:09","modified_gmt":"2007-12-26T03:21:09","slug":"intercambio-raul-con-la-poblacion-del-distrito-electoral-de-fidel","status":"publish","type":"post","link":"https:\/\/diariodominicano.com\/?p=191785","title":{"rendered":"Intercambi\u00f3 Ra\u00fal con la poblaci\u00f3n del distrito electoral de Fidel"},"content":{"rendered":"<p><body><\/p>\n<p align=\"justify\"><strong class=\"titulogrande1\">Intercambi\u00f3 Ra\u00fal con la poblaci\u00f3n del distrito electoral  de Fidel<\/strong><strong><br \/>&#13;<br \/>\n      <br \/>&#13;<br \/>\n  <\/strong><strong>POR Jos\u00e9 Antonio Torres<\/strong><strong> <\/strong><br \/>&#13;<br \/>\n  <br \/>&#13;<br \/>\n  <span class=\"text1noticias\"><strong><img loading=\"lazy\" decoding=\"async\" src=\"http:\/\/localhost:8080\/pictures\/raul castro pic.jpg\" width=\"269\" height=\"175\" hspace=\"4\" align=\"left\" \/>SANTIAGO DE CUBA.-<\/strong> El General de Ej\u00e9rcito  Ra\u00fal Castro Ruz, Primer Vicepresidente de los Consejos de Estado y de  Ministros, particip\u00f3 ayer en los encuentros barriales de presentaci\u00f3n de los  candidatos a diputados al Parlamento y delegados a la Asamblea Provincial  del Poder Popular con vistas a las elecciones del pr\u00f3ximo 20 de enero.<br \/>&#13;<br \/>\n  <br \/>&#13;<br \/>\n  En emotivos contactos con la poblaci\u00f3n del distrito  electoral n\u00famero siete de la   Ciudad H\u00e9roe, el Segundo Secretario del Partido dijo que  cumpl\u00eda una encomienda del Comandante en Jefe Fidel Castro para que lo  representara en estos intercambios durante el recorrido que realizan los  candidatos, pues a\u00fan se mantiene en proceso de recuperaci\u00f3n satisfactoria.<br \/>&#13;<br \/>\n  <br \/>&#13;<br \/>\n  Fidel se recupera, lee m\u00e1s que nunca,  escribe, las decisiones trascendentales se le consultan, ha ganado en peso  corporal, todos los d\u00edas realiza ejercicios y les env\u00eda un fuerte abrazo,  coment\u00f3 el Ministro de las FAR.<br \/>&#13;<br \/>\n  <br \/>&#13;<br \/>\n  Nuestro Caguair\u00e1n hace honor al nombre de  ese recio \u00e1rbol por la calidad y voluntad moral que posee, expres\u00f3.<br \/>&#13;<br \/>\n  <br \/>&#13;<br \/>\n  Ra\u00fal, acompa\u00f1ado por los miembros del Bur\u00f3  Pol\u00edtico, Misael Enamorado D\u00e1ger y el General de Cuerpo de Ej\u00e9rcito Ram\u00f3n  Espinosa Mart\u00edn, Jefe del Ej\u00e9rcito Oriental, dialog\u00f3 con electores de los  Consejos Populares de El Cobre, Jos\u00e9 Mart\u00ed zona Norte, Manuel Isla y Boniato.<br \/>&#13;<br \/>\n  <br \/>&#13;<br \/>\n  Estos contactos de los nominados con los  electores, en los que Fidel ha participado tradicionalmente, son una muestra de  la voluntad popular de elegir a los m\u00e1s capaces y a los de mayores m\u00e9ritos para  representarlos en las diferentes estructuras de gobierno, afirm\u00f3. <br \/>&#13;<br \/>\n  <br \/>&#13;<br \/>\n  El Segundo Secretario destac\u00f3 el alto  honor que ten\u00eda de cumplir con la misi\u00f3n encomendada por el Comandante en Jefe  de saludar a sus electores y subray\u00f3 la admiraci\u00f3n que sent\u00eda hacia los otros  candidatos a diputados y 10 nominados a delegados por este distrito electoral.  <br \/>&#13;<br \/>\n  <br \/>&#13;<br \/>\n  Todos son de origen muy humilde, nacidos de las entra\u00f1as del pueblo, una  verdadera muestra de lo que es una Revoluci\u00f3n. <br \/>&#13;<br \/>\n  <br \/>&#13;<br \/>\n  M\u00e1s adelante expres\u00f3 que cuando acompa\u00f1aba  al presidente Hugo Ch\u00e1vez en el gigantesco y hermoso recibimiento que le  hicieron los santiagueros a ese querido, entra\u00f1able y generoso amigo de Cuba,  le coment\u00e9 cuando nos acerc\u00e1bamos al cementerio de Santa Ifigenia a rendirles  honores a Mart\u00ed y a todos los ca\u00eddos en nuestras luchas por la independencia,  que si cre\u00eda que los norteamericanos un d\u00eda podr\u00edan contra este digno pueblo.<br \/>&#13;<br \/>\n  <br \/>&#13;<br \/>\n  Me dijo que no, y a\u00f1ad\u00ed que eso mismo  pensaba yo. Esa alegr\u00eda, esos rostros no se pod\u00edan conseguir a punta de  bayoneta. Tan emocionado estaba \u00e9l, como estaba yo. Por tanto le ratifiqu\u00e9 una  vez m\u00e1s como dijimos en un momento memorable de la historia\u2014 que Santiago  sigue siendo Santiago.<br \/>&#13;<br \/>\n  <br \/>&#13;<br \/>\n  Al valorar la calidad democr\u00e1tica de nuestro  proceso revolucionario caracterizado por la participaci\u00f3n de los ciudadanos,  manifest\u00f3 que nuestros enemigos hablan de democracia, nos critican porque seg\u00fan  ellos aqu\u00ed no hay elecciones, pero si se estudiasen uno por uno todos los  pa\u00edses de este planeta, en algunos hay una democracia ajustada a su sistema de  clases, pero no podemos decir que ninguno sea m\u00e1s democr\u00e1tico que el nuestro.<br \/>&#13;<br \/>\n  <br \/>&#13;<br \/>\n  Ra\u00fal sustent\u00f3 su afirmaci\u00f3n con el ejemplo  de los Estados Unidos, que se autotitula la democracia m\u00e1s grande del mundo y  supuestamente tiene dos partidos, pero no hay nada m\u00e1s parecido que un  dem\u00f3crata a un republicano. Un presidente republicano organiz\u00f3 la invasi\u00f3n a  Playa Gir\u00f3n y un mandatario dem\u00f3crata la ejecut\u00f3 inmoralmente, record\u00f3.<br \/>&#13;<br \/>\n  <br \/>&#13;<br \/>\n  Subray\u00f3 que en ning\u00fan lugar del mundo se  seleccionan los candidatos como en Cuba, donde lo hace el pueblo, y acto  seguido abund\u00f3 que como es l\u00f3gico nada es perfecto y nuestro sistema tiene que  seguir profundizando en sus concepciones democr\u00e1ticas.<br \/>&#13;<br \/>\n  <br \/>&#13;<br \/>\n  En esa idea, plante\u00f3 que en Cuba tenemos un  solo Partido, pero tenemos que convertirnos en el Partido m\u00e1s democr\u00e1tico que  exista, donde se discuta m\u00e1s, que existan diferencias, no antag\u00f3nicas, y que se  emitan en el lugar que correspondan, que cada uno diga lo que desee, dentro del  orden establecido, respetando siempre el lugar adecuado, en el momento oportuno  y de forma correcta. Hay que luchar para que sea as\u00ed, sin miedo de ninguna  clase, que cada cual exprese lo que sienta. <br \/>&#13;<br \/>\n  <br \/>&#13;<br \/>\n  Record\u00f3 que una especial muestra de  democracia ha sido la discusi\u00f3n popular a ra\u00edz del discurso que pronunci\u00f3 el  pasado 26 de Julio en Camag\u00fcey por encomienda del Partido y que fue aprobado  por Fidel. De ese an\u00e1lisis han salido miles de planteamientos e  insatisfacciones, pero nadie impugn\u00f3 al sistema, a la Revoluci\u00f3n.<br \/>&#13;<br \/>\n  <br \/>&#13;<br \/>\n  En los intercambios con los electores,  Ra\u00fal explic\u00f3 el esfuerzo del Estado por resarcir los da\u00f1os provocados por las  intensas lluvias en la regi\u00f3n oriental, y adelant\u00f3 algunas de las mejoras que  paulatinamente recibir\u00e1 Santiago de Cuba en materia de suministro de agua y  transporte urbano.<br \/>&#13;<br \/>\n  <br \/>&#13;<br \/>\n  En cada uno de los consejos populares  donde dialog\u00f3 francamente con el pueblo, ratific\u00f3 la convicci\u00f3n de que sin  maquinaria pol\u00edtica, ni farsa electorera, la respuesta que dar\u00e1n los cubanos el  pr\u00f3ximo 20 de enero refrendar\u00e1 su decisi\u00f3n de que el sistema social, consagrado  en la Constituci\u00f3n,  sea \u00fanico y perdurable.<br \/>&#13;<br \/>\n  <br \/>&#13;<br \/>\nGranma<\/span><\/p>\n<p>&#13;<\/p>\n<h6> 2007-12-26 03:21:09 <\/h6>\n<p><!--\n<link rel=\"stylesheet\" href=\"css\/bootstrap.min.css\">\n\n\n<ul class=\"pagination\">\n\t    \n\t\n\n<li >\n\t<a href='?page_no=34532'>Previous<\/a>\n\t<\/li>\n\n\n       \n    \n\n<li><a href='?page_no=1'>1<\/a><\/li>\n\n\n\n<li><a href='?page_no=2'>2<\/a><\/li>\n\n\n\n<li><a>...<\/a><\/li>\n\n\n\n<li><a href='?page_no=34531'>34531<\/a><\/li>\n\n\n\n<li><a href='?page_no=34532'>34532<\/a><\/li>\n\n\n\n<li class='active'><a>34533<\/a><\/li>\n\n\n\n<li><a href='?page_no=34534'>34534<\/a><\/li>\n\n\n\n<li><a href='?page_no=34535'>34535<\/a><\/li>\n\n\n\n<li><a>...<\/a><\/li>\n\n\n\n<li><a href='?page_no=36999'>36999<\/a><\/li>\n\n\n\n<li><a href='?page_no=37000'>37000<\/a><\/li>\n\n    \n\t\n\n<li >\n\t<a href='?page_no=34534'>Next<\/a>\n\t<\/li>\n\n\n    \n\n<li><a href='?page_no=37000'>Last &rsaquo;&rsaquo;<\/a><\/li>\n\n<\/ul>\n\n\n--><br \/>\n<\/body><\/p>\n","protected":false},"excerpt":{"rendered":"<p>Intercambi\u00f3 Ra\u00fal con la poblaci\u00f3n del distrito electoral de Fidel&#13; &#13; POR Jos\u00e9 Antonio Torres &#13; &#13; SANTIAGO DE CUBA.- El General de Ej\u00e9rcito Ra\u00fal Castro Ruz, Primer Vicepresidente de los Consejos de Estado y de Ministros, particip\u00f3 ayer en los encuentros barriales de presentaci\u00f3n de los candidatos a diputados al Parlamento y delegados a [&hellip;]<\/p>\n","protected":false},"author":3,"featured_media":0,"comment_status":"open","ping_status":"open","sticky":false,"template":"","format":"standard","meta":{"footnotes":""},"categories":[22],"tags":[],"class_list":["post-191785","post","type-post","status-publish","format-standard","hentry","category-politica"],"_links":{"self":[{"href":"https:\/\/diariodominicano.com\/index.php?rest_route=\/wp\/v2\/posts\/191785","targetHints":{"allow":["GET"]}}],"collection":[{"href":"https:\/\/diariodominicano.com\/index.php?rest_route=\/wp\/v2\/posts"}],"about":[{"href":"https:\/\/diariodominicano.com\/index.php?rest_route=\/wp\/v2\/types\/post"}],"author":[{"embeddable":true,"href":"https:\/\/diariodominicano.com\/index.php?rest_route=\/wp\/v2\/users\/3"}],"replies":[{"embeddable":true,"href":"https:\/\/diariodominicano.com\/index.php?rest_route=%2Fwp%2Fv2%2Fcomments&post=191785"}],"version-history":[{"count":0,"href":"https:\/\/diariodominicano.com\/index.php?rest_route=\/wp\/v2\/posts\/191785\/revisions"}],"wp:attachment":[{"href":"https:\/\/diariodominicano.com\/index.php?rest_route=%2Fwp%2Fv2%2Fmedia&parent=191785"}],"wp:term":[{"taxonomy":"category","embeddable":true,"href":"https:\/\/diariodominicano.com\/index.php?rest_route=%2Fwp%2Fv2%2Fcategories&post=191785"},{"taxonomy":"post_tag","embeddable":true,"href":"https:\/\/diariodominicano.com\/index.php?rest_route=%2Fwp%2Fv2%2Ftags&post=191785"}],"curies":[{"name":"wp","href":"https:\/\/api.w.org\/{rel}","templated":true}]}}