{"id":191783,"date":"2007-12-26T03:38:19","date_gmt":"2007-12-26T03:38:19","guid":{"rendered":"http:\/\/diariodominicano.ddns.net\/?p=191783"},"modified":"2007-12-26T03:38:19","modified_gmt":"2007-12-26T03:38:19","slug":"no-existe-ninguna-revolucion-que-no-haya-tenido-un-reves-y-otro-reves-lo-que-hay-es-que-persistir-analizar-los-problemas-y-seguir-hacia-delante","status":"publish","type":"post","link":"https:\/\/diariodominicano.com\/?p=191783","title":{"rendered":"No existe ninguna Revoluci\u00f3n que no haya tenido un rev\u00e9s y otro rev\u00e9s; lo que hay es que persistir, analizar los problemas y seguir hacia delante"},"content":{"rendered":"<p><body><\/p>\n<p align=\"justify\"><span class=\"titulogrande1\"><strong>No existe ninguna Revoluci\u00f3n que no haya tenido un rev\u00e9s y  otro rev\u00e9s; lo que hay es que persistir, analizar los problemas y seguir hacia  delante<\/strong><\/span><strong><br \/>&#13;<br \/>\n  <br \/>&#13;<br \/>\n<\/strong><strong>Intervenci\u00f3n  del General de Ej\u00e9rcito Ra\u00fal Castro Ruz, Primer Vicepresidente de los Consejos  de Estado y de Ministros, en la firma de acuerdos entre los gobiernos de la Rep\u00fablica de Cuba y la Rep\u00fablica Bolivariana  de Venezuela, como parte de la Alternativa Bolivariana  para las Am\u00e9ricas, efectuada en el sal\u00f3n Sierra Maestra del hotel Meli\u00e1-Santiago.  Santiago de Cuba, 22 de diciembre de 2007, \u00abA\u00f1o 49 de la Revoluci\u00f3n\u00bb. <\/strong><strong> <\/strong><br \/>&#13;<br \/>\n  <br \/>&#13;<br \/>\n  <strong>(Versiones Taquigr\u00e1ficas \u2013 Consejo de  Estado)<\/strong><br \/>&#13;<br \/>\n  <br \/>&#13;<br \/>\n  <span class=\"text1noticias\"><img loading=\"lazy\" decoding=\"async\" src=\"http:\/\/localhost:8080\/pictures\/raul castro 2.jpg\" width=\"269\" height=\"368\" hspace=\"4\" align=\"left\" \/>Queridos compa\u00f1eros venezolanos, cubanos,  santiagueras y santiagueros:<br \/>&#13;<br \/>\n  <br \/>&#13;<br \/>\n  Creo que hoy hemos tenido el privilegio, a pesar  del intenso d\u00eda que hemos vivido, emocionante d\u00eda que hemos vivido en la cuna  de la Revoluci\u00f3n,  en la Ciudad H\u00e9roe  de Santiago de Cuba, hemos tenido el privilegio, repito, de o\u00edr esta magn\u00edfica,  podr\u00eda decir, conferencia magistral (El presidente Ch\u00e1vez dice: \u00abUna avalancha\u00bb).  M\u00e1s que magistral, es una avalancha, como \u00e9l dice. Yo creo que ha sido un honor  real para nosotros, y cuando igual que anoche dije en la refiner\u00eda: \u00ab\u00bfQu\u00e9  tiempo le damos a Ch\u00e1vez para hablar?\u00bb Y el p\u00fablico dijo que todo el que  quisiera, y as\u00ed lo repet\u00ed hoy, hoy hubi\u00e9ramos estado dispuestos a o\u00edrlo hasta  ma\u00f1ana.<br \/>&#13;<br \/>\n  <br \/>&#13;<br \/>\n  Como les dec\u00eda hace un momento, quiero  mostrarle el fusil de Fidel.<br \/>&#13;<br \/>\n  <br \/>&#13;<br \/>\n  Yo creo que esta visita del compa\u00f1ero  Ch\u00e1vez y su delegaci\u00f3n ha sido realmente hist\u00f3rica; todas lo han sido, desde el  primer d\u00eda que lleg\u00f3 a Cuba, acabado de salir de la prisi\u00f3n, que Fidel lo fue a  recibir; con esa visi\u00f3n larga que tiene Fidel lo fue a recibir al aeropuerto.  Creo que una de las ni\u00f1as dijo: \u00abAll\u00e1 abajo est\u00e1 Fidel.\u00bb \u00bfFue en esa  ocasi\u00f3n? (El presidente Ch\u00e1vez le dice que s\u00ed.) \u00c9l no se lo esperaba, que Fidel  fuera a recibirlo. Yo no lo conoc\u00eda en aquel momento, pero segu\u00ed su discurso,  su conferencia, que dio una magn\u00edfica en el Aula Magna de la Universidad de La Habana, en la universidad  de la colina.<br \/>&#13;<br \/>\n  <br \/>&#13;<br \/>\n  <strong>Hugo Ch\u00e1vez<\/strong>.\u2014Se apareci\u00f3 Fidel all\u00e1 tambi\u00e9n.<br \/>&#13;<br \/>\n  <br \/>&#13;<br \/>\n  <strong>Gral. de Ej\u00e9rcito Ra\u00fal Castro<\/strong>.\u2014Que no estaba previsto, se te apareci\u00f3.<br \/>&#13;<br \/>\n  <br \/>&#13;<br \/>\n  <strong>Hugo Ch\u00e1vez<\/strong>.\u2014No, no, y Fidel parec\u00eda exactamente como cuando  uno presentaba un examen y ten\u00eda un observador, un maestro ah\u00ed, pero muy  severo. Fidel estaba en primera fila mir\u00e1ndome as\u00ed (Risas), con esta mirada  (Hace gesto). Yo sent\u00ed la mirada evaluadora y dije: \u00abEste hombre viene  aqu\u00ed a ver qu\u00e9 es lo que yo soy\u00bb (Risas).<br \/>&#13;<br \/>\n  <br \/>&#13;<br \/>\n  <strong>Gral. de Ej\u00e9rcito Ra\u00fal Castro<\/strong>.\u2014Y parece que tuvo una buena visi\u00f3n. Queda mucho  por hacer todav\u00eda.<br \/>&#13;<br \/>\n  <br \/>&#13;<br \/>\n  Yo creo que a esa an\u00e9cdota que se conoce,  que el d\u00eda 18, hace cuatro d\u00edas, se cumplieron 51 a\u00f1os, cuando despu\u00e9s del  desastre de Alegr\u00eda de P\u00edo el 5 de diciembre de ese a\u00f1o 1956, donde fuimos  sorprendidos y destruido nuestro destacamento de guerrilleros, que acababa de  desembarcar tres d\u00edas antes, 13 d\u00edas despu\u00e9s nos unimos en la monta\u00f1a \u2014eso era  en el llano, cerca de la costa, de donde ni siquiera se ve\u00edan las monta\u00f1as de  la zona occidental de la   Sierra Maestra\u2014, y cuando en un lugar conocido por Cinco  Palmas de Vicana, los campesinos nos unieron a los dos grupos, Fidel con dos  fusiles \u2014ese es uno de ellos (Se\u00f1ala)\u2014, porque uno de los tres compa\u00f1eros hab\u00eda  perdido el fusil, y un peque\u00f1o grupo que lleg\u00f3 conmigo, con cinco fusiles,  despu\u00e9s del abrazo inicial me separ\u00f3 y me pregunt\u00f3: \u00ab\u00bfCu\u00e1ntos fusiles  traes?\u00bb Digo: \u00abCinco\u00bb, me comunic\u00f3 inmediatamente: \u00abY dos  que tengo yo, siete. \u00a1Ahora s\u00ed ganamos la guerra!\u00bb (Risas y aplausos.)<br \/>&#13;<br \/>\n  <br \/>&#13;<br \/>\n  Yo no me atrev\u00ed a escribir en el diario lo  que pens\u00e9 (Risas), porque, realmente, se lo dije despu\u00e9s de la guerra: \u00abYo  pens\u00e9 que te hab\u00edas vuelto loco\u00bb (Risas).<br \/>&#13;<br \/>\n  <br \/>&#13;<br \/>\n  Un d\u00eda en el Parlamento me pregunt\u00f3:  \u00abNo me vengas a decir que t\u00fa no ten\u00edas fe en el triunfo.\u00bb <br \/>&#13;<br \/>\n  <br \/>&#13;<br \/>\n  Digo:  \u00abS\u00ed, yo ten\u00eda fe en el triunfo, pero no de nosotros\u00bb (Risas). Siete  fusiles contra unos 80 000 que pod\u00eda tener Batista, contando el ej\u00e9rcito, la  marina, la aviaci\u00f3n, unidades represivas que ten\u00edan unas cuantas, etc\u00e9tera.<br \/>&#13;<br \/>\n  <br \/>&#13;<br \/>\n  Entonces, el Moncada es parecido al 4 de  Febrero. \u00bfQu\u00e9 pretendimos? Como ya dijo alguien, un cl\u00e1sico del marxismo:  \u00abTomar el cielo por asalto\u00bb, como trataron de hacer los comuneros de  Par\u00eds en 1871.<br \/>&#13;<br \/>\n  <br \/>&#13;<br \/>\n  El Moncada fue tratar de tomar el cielo  por asalto, y el 4 de Febrero fue tratar de tomar el cielo por asalto: un  fracaso, no pol\u00edtico, porque no lo fue el 4 de Febrero ni lo fue el 26 de  Julio. <br \/>&#13;<br \/>\n  <br \/>&#13;<br \/>\n  Pol\u00edticamente tiene su importancia y se desprendi\u00f3 del 26 de Julio la  famosa <strong>Historia me absolver\u00e1<\/strong>, que tuvo la virtud de reclutar a miles de  cubanos, entre muchos de ellos a Frank Pa\u00eds y a muchos santiagueros, algunos  muertos en la lucha, y tuvo la virtud tambi\u00e9n de reclutar al Che Guevara antes  de conocer a Fidel; porque yo conoc\u00ed al Che cuando nos liberaron. Los cubanos  que regresaron en aquel momento del exilio me dieron los datos de \u00e9l para que  lo ubicara (El presidente Ch\u00e1vez pregunta si est\u00e1n en M\u00e9xico). Estando \u00e9l en  M\u00e9xico, porque lo hab\u00edan expulsado de Guatemala cuando derrocaron a Arbenz en  1954, con la invasi\u00f3n de Castillo Armas, que ya est\u00e1bamos presos.<br \/>&#13;<br \/>\n  <br \/>&#13;<br \/>\n  El Che, cuando lo conoc\u00ed, dice \u2014porque el  26 de Julio originalmente era de mucha heterogeneidad ideol\u00f3gica: todos contra  Batista, pero unos pensaban de una forma y otros de otra\u2014: \u00abMenos fulano,  mengano y zutano, que son gente progresista y se expresan y piensan dentro del  esp\u00edritu de lo que dec\u00eda Fidel en <strong>la Historia me absolver\u00e1<\/strong>, los dem\u00e1s  no.\u00bb<br \/>&#13;<br \/>\n  <br \/>&#13;<br \/>\n  Por eso, una semana despu\u00e9s llega Fidel y  en la avenida Insurgente, donde yo ten\u00eda un cuartico, al frente hab\u00eda un  peque\u00f1o restaurante y ah\u00ed nos reunimos los tres, estuvimos toda la madrugada  hablando y el Che, entonces, se une a nosotros. Ya \u00e9ramos tres, y en la futura  expedici\u00f3n, puso una condici\u00f3n: que si quedaba vivo, hab\u00eda que ayudarlo a ir a  su pa\u00eds a hacer lo mismo. Por eso hubo que cumplirlo (Aplausos).<br \/>&#13;<br \/>\n  <br \/>&#13;<br \/>\n  Por eso, creo que es en el discurso de la  despedida del Che, en la Plaza  de la Revoluci\u00f3n,  que Fidel cuenta esa an\u00e9cdota y concluye diciendo: \u00abEl Che y Ra\u00fal fueron  los dos primeros que se inscribieron para lo que despu\u00e9s ser\u00eda el futuro  desembarco del Granma.\u00bb<br \/>&#13;<br \/>\n  <br \/>&#13;<br \/>\n  Otro rev\u00e9s, despu\u00e9s de tanto sacrificio,  bueno, el Moncada: recoger, comprar armas, con escasez de dinero, con  persecuci\u00f3n, y fracasa, militarmente hablando, como dije.<br \/>&#13;<br \/>\n  <br \/>&#13;<br \/>\n  El desembarco del Granma: tantas  ilusiones, tanto esfuerzo y a los tres d\u00edas del desembarco, de que el segundo  jefe de la expedici\u00f3n, Juan Manuel M\u00e1rquez \u2014quien muri\u00f3 unos d\u00edas despu\u00e9s, o lo  asesinaron a \u00e9l solo, bastante destruido f\u00edsicamente ya\u2014, dijo: \u00abEsto, en  vez de un desembarco, es un naufragio\u00bb, otro rev\u00e9s. <br \/>&#13;<br \/>\n  <br \/>&#13;<br \/>\n  Encontrarnos en la Sierra Maestra y  decir: \u00abAhora s\u00ed con siete fusiles ganamos la guerra.\u00bb <br \/>&#13;<br \/>\n  <br \/>&#13;<br \/>\n  Empezamos a  levantar presi\u00f3n y entonces en nuestras filas capturan a un gu\u00eda de confianza,  el de m\u00e1s confianza, despu\u00e9s de dos combates victoriosos, La Plata, el 17 de enero de  1957. <br \/>&#13;<br \/>\n  <br \/>&#13;<br \/>\n  Un poco r\u00e1pido Fidel quer\u00eda hacer algo para demostrarle a la opini\u00f3n  p\u00fablica que exist\u00edamos, no como dec\u00eda Batista que ya est\u00e1bamos aniquilados y  que Fidel no hab\u00eda venido, que se hab\u00eda quedado en M\u00e9xico. Cinco d\u00edas despu\u00e9s  nos caen atr\u00e1s tropas elites de paracaidistas, en los Llanos del Infierno, al  oeste del Pico Turquino \u2014que hoy observ\u00e9 y seguramente ustedes tambi\u00e9n le  pasaron cerca, antes de aterrizar en Santiago\u2014, se les produjeron cinco bajas a  paracaidistas y nosotros ni un ara\u00f1azo, y les ocupamos el primer fusil Garand,  que lo ocup\u00f3 el Che. En ese combate, igual que en todos los dem\u00e1s, como  dec\u00edamos, el primer disparo fue por ese fusil.<br \/>&#13;<br \/>\n  <br \/>&#13;<br \/>\n  Entonces, capturan a ese gu\u00eda de  confianza, de triste recordaci\u00f3n \u2014que los hijos se los criamos despu\u00e9s, fueron  hasta oficiales de las fuerzas armadas, un par de mellizos que ten\u00eda\u2014 cay\u00f3  prisionero, lo llevaron a un campamento donde estaban todos los barcos en la  costa, en un lugar al que le dicen El Macho, casi en los l\u00edmites de la  provincia de Santiago de Cuba con Granma, en el sur de la Sierra Maestra, le  muestran varias compa\u00f1\u00edas del Ej\u00e9rcito, y nosotros ser\u00edamos 17 \u00f3 18  guerrilleros; y, adem\u00e1s, lo presionaron.<br \/>&#13;<br \/>\n  <br \/>&#13;<br \/>\n\u00c9l pudo haber aceptado y despu\u00e9s  escaparse, como hicieron otros y no informaban; incluso, algunos se aparecieron  con veneno que les dio el enemigo, que aceptaron, pero se presentaron a Fidel:  \u00abJefe, mire, esto es para usted, creo que esto es un veneno.\u00bb Como  hizo Gilberto Cardero, que est\u00e1 vivo y lleg\u00f3 a comandante, cruz\u00f3 conmigo en  1958 de la Sierra   Maestra al Segundo Frente. A ese un pariente cercano enfermo  se le estaba muriendo, se le autoriz\u00f3 y lo capturan; no lo torturaron, pero lo  tallaron \u2014como decimos nosotros\u2014 para que matara a Fidel. \u00c9l dijo: \u00abS\u00ed. \u00bfY  c\u00f3mo?\u00bb Dice: \u00abBueno, mira, ll\u00e9vate este veneno.\u00bb Un d\u00eda va \u00e9l  vestido de civil, con una columna, en camiones del ej\u00e9rcito hacia la Sierra, cayeron en una  emboscada que el Che les hizo. Fidel se exhibi\u00f3 en un aserr\u00edo \u2014ya estoy al  terminar, mis conferencias son m\u00e1s peque\u00f1as que las de Ch\u00e1vez\u2014 llamado Pino del  Agua, Fidel se exhibi\u00f3 all\u00ed y sigui\u00f3 como rumbo a Santiago, hacia el este y  dej\u00f3 al Che emboscado, con un refuerzo de la columna de Fidel, porque dijo:  \u00abAhora creen que yo fui para ac\u00e1 y van a subir\u00bb, y as\u00ed fue. <br \/>&#13;<br \/>\n<br \/>&#13;<br \/>\nIba uno  con una camisa blanca, que siempre le tir\u00e1bamos a ese primero, que eran los  gu\u00edas, por suerte no se le mat\u00f3, se le hicieron varias bajas, y como cinco o  seis d\u00edas despu\u00e9s se nos aparece Gilberto Cardero, ripiado y ara\u00f1ado por  dondequiera, y sac\u00f3 un pomito chiquito: \u00abMire, Fidel, esto es para  usted\u00bb, era un veneno. Y se salv\u00f3 de milagro, porque se tir\u00f3 de cabeza del  cami\u00f3n cuando empez\u00f3 el combate.<br \/>&#13;<br \/>\n<br \/>&#13;<br \/>\nBien, es decir que tuvimos fracaso tras  fracaso, pero \u00e9ramos persistentes. Y, adem\u00e1s, si nos ponemos a ver la historia,  y el presidente Ch\u00e1vez sabe bastante de historia, \u00bfverdad?, toda revoluci\u00f3n de  verdad \u2014que no han sido muchas en el mundo, hablo de revoluciones de verdad\u2014,  no existe ninguna sin que haya tenido muchos reveses, un rev\u00e9s y otro rev\u00e9s; lo  que hay es que persistir, analizar los problemas y seguir hacia delante  (Aplausos).<br \/>&#13;<br \/>\n<br \/>&#13;<br \/>\nEste fusil m\u00e1s la historia que ustedes  conocen, la resume. Miren eso, \u00a1qu\u00e9 joya! (Aplausos.) Como ustedes ven, tiene  dos gatillos, 30.06, belga, \u00e9l mismo lo afin\u00f3, lo acer\u00f3.<br \/>&#13;<br \/>\n<br \/>&#13;<br \/>\n  <strong>Hugo Ch\u00e1vez<\/strong>.\u2014\u00bfD\u00f3nde lo consiguieron?<br \/>&#13;<br \/>\n  <br \/>&#13;<br \/>\n  <strong>General de Ej\u00e9rcito Ra\u00fal Castro<\/strong>.\u2014\u00bfEste? En armer\u00edas, porque este es un fusil de  cacer\u00eda tambi\u00e9n; en armer\u00edas, en M\u00e9xico. Era para tiro de precisi\u00f3n, y Fidel  era de los que part\u00eda un plato de canto a 700 metros, en Los  Gamitos. Pero para eso hace falta mucha&#8230; Si uno lo carga y dispara con el  primer gatillo, tiene que hacer un esfuerzo, y cualquier movimiento lo hace  fallar (manipula el fusil); pero si lo carga y le da al segundo gatillo, aqu\u00ed  solo \u2014doble pelo, creo que lo llaman\u2014 es rozar. Miren esto, \u00a1c\u00f3mo lo cuidaba  \u00e9l! Solo dej\u00f3 de usarlo los \u00faltimos d\u00edas de la guerra, cuando ya triunfante el  proceso contra el dictador P\u00e9rez Jim\u00e9nez, el contralmirante Wolfgang  Larraz\u00e1bal, que ocupaba la presidencia provisional en ese momento, creo que nos  mand\u00f3 unos 200 Garand y un Fal, que ya el Ej\u00e9rcito Nacional Venezolano contaba con  este fusil belga, autom\u00e1tico y semiautom\u00e1tico del mismo calibre, pero un gran  fusil el Fal \u2014con ese fue a Venezuela\u2014, y fue solo cuando dej\u00f3 de usarlo. Toma  (Le ofrece a Ch\u00e1vez) (Aplausos).<br \/>&#13;<br \/>\n  <br \/>&#13;<br \/>\n  Yo creo que con el fusil de Fidel en el  lado derecho y el machete de Maceo en el izquierdo, Ch\u00e1vez es invencible  (Aplausos) (El presidente Ch\u00e1vez le dice: \u00abY el escapulario de Maisanta  aqu\u00ed\u00bb). Y el escapulario de Maisanta. Igual que nuestro pueblo, que hoy  nos dio una magn\u00edfica demostraci\u00f3n de solidaridad, patriotismo, como se\u00f1alaba  Lage en sus palabras. Yo le dec\u00eda al presidente Ch\u00e1vez, que trataba a veces de  aguantarlo por la espalda, porque se emocionaba y soltaba las dos manos,  saludaba aqu\u00ed, saludaba ac\u00e1: \u00ab\u00bfT\u00fa crees que el imperialismo pueda derrotar  a este pueblo?\u00bb, en este caso representando al pueblo cubano. \u00a1No puede!  Ese pueblo que fue ah\u00ed, que hasta estuve criticando al Partido y al Gobierno,  que en algunos lugares los movilizaron demasiado temprano, sobre todo entre  Versalles y la salida al aeropuerto \u2014retiro la cr\u00edtica por como se port\u00f3 el  pueblo (Aplausos)\u2014 en su af\u00e1n de asegurar todo. Esa alegr\u00eda ni con un soldado  con bayoneta detr\u00e1s de cada uno de los ciudadanos se puede lograr. \u00a1Y miren que  tenemos problemas de todo tipo! Si lo sabr\u00e9 yo que ya tengo recogidas millones  de opiniones despu\u00e9s del discurso del 26 de Julio. <br \/>&#13;<br \/>\n  <br \/>&#13;<br \/>\n  Pero ese es un pueblo revolucionario: con  qu\u00e9 alegr\u00eda, c\u00f3mo lloraban, c\u00f3mo le tiraban las mujeres besos a Ch\u00e1vez, sobre  todo las de edad madura (Risas), \u00e9l mismo lo dec\u00eda, \u00e9l mismo lo dec\u00eda; las  j\u00f3venes se fijaron m\u00e1s en m\u00ed (Risas y aplausos).<br \/>&#13;<br \/>\n  <br \/>&#13;<br \/>\n  Mira al viejo general que fue profesor  tuyo, le pregunt\u00e9 la edad hoy en el aeropuerto y se qued\u00f3 sorprendido, yo soy  m\u00e1s viejo que \u00e9l (Aplausos).<br \/>&#13;<br \/>\n  <br \/>&#13;<br \/>\n  Bueno, creo que vamos a devolverle a Fidel  su fusil, se lo cuidamos aqu\u00ed en Santiago de Cuba. Es un s\u00edmbolo no solo de  nuestras fuerzas armadas, sino de nuestro pueblo.<br \/>&#13;<br \/>\n  <br \/>&#13;<br \/>\n\u00bfEntonces despedimos a Ch\u00e1vez ya?  (Aplausos.) Lo invitamos a que vuelva el d\u00eda que \u00e9l escoja, cuando ya empecemos  a materializar, en la parte que les toca a los santiagueros, los acuerdos que  hoy firmamos.<br \/>&#13;<br \/>\n<br \/>&#13;<br \/>\n\u00a1Viva Ch\u00e1vez!<br \/>&#13;<br \/>\n<br \/>&#13;<br \/>\n\u00a1Viva Fidel!<br \/>&#13;<br \/>\n<br \/>&#13;<br \/>\nGranma<\/span><\/p>\n<p>&#13;<\/p>\n<h6> 2007-12-26 03:38:19 <\/h6>\n<p><!--\n<link rel=\"stylesheet\" href=\"css\/bootstrap.min.css\">\n\n\n<ul class=\"pagination\">\n\t    \n\t\n\n<li >\n\t<a href='?page_no=34530'>Previous<\/a>\n\t<\/li>\n\n\n       \n    \n\n<li><a href='?page_no=1'>1<\/a><\/li>\n\n\n\n<li><a href='?page_no=2'>2<\/a><\/li>\n\n\n\n<li><a>...<\/a><\/li>\n\n\n\n<li><a href='?page_no=34529'>34529<\/a><\/li>\n\n\n\n<li><a href='?page_no=34530'>34530<\/a><\/li>\n\n\n\n<li class='active'><a>34531<\/a><\/li>\n\n\n\n<li><a href='?page_no=34532'>34532<\/a><\/li>\n\n\n\n<li><a href='?page_no=34533'>34533<\/a><\/li>\n\n\n\n<li><a>...<\/a><\/li>\n\n\n\n<li><a href='?page_no=36999'>36999<\/a><\/li>\n\n\n\n<li><a href='?page_no=37000'>37000<\/a><\/li>\n\n    \n\t\n\n<li >\n\t<a href='?page_no=34532'>Next<\/a>\n\t<\/li>\n\n\n    \n\n<li><a href='?page_no=37000'>Last &rsaquo;&rsaquo;<\/a><\/li>\n\n<\/ul>\n\n\n--><br \/>\n<\/body><\/p>\n","protected":false},"excerpt":{"rendered":"<p>No existe ninguna Revoluci\u00f3n que no haya tenido un rev\u00e9s y otro rev\u00e9s; lo que hay es que persistir, analizar los problemas y seguir hacia delante&#13; &#13; Intervenci\u00f3n del General de Ej\u00e9rcito Ra\u00fal Castro Ruz, Primer Vicepresidente de los Consejos de Estado y de Ministros, en la firma de acuerdos entre los gobiernos de la [&hellip;]<\/p>\n","protected":false},"author":3,"featured_media":0,"comment_status":"open","ping_status":"open","sticky":false,"template":"","format":"standard","meta":{"footnotes":""},"categories":[22],"tags":[],"class_list":["post-191783","post","type-post","status-publish","format-standard","hentry","category-politica"],"_links":{"self":[{"href":"https:\/\/diariodominicano.com\/index.php?rest_route=\/wp\/v2\/posts\/191783","targetHints":{"allow":["GET"]}}],"collection":[{"href":"https:\/\/diariodominicano.com\/index.php?rest_route=\/wp\/v2\/posts"}],"about":[{"href":"https:\/\/diariodominicano.com\/index.php?rest_route=\/wp\/v2\/types\/post"}],"author":[{"embeddable":true,"href":"https:\/\/diariodominicano.com\/index.php?rest_route=\/wp\/v2\/users\/3"}],"replies":[{"embeddable":true,"href":"https:\/\/diariodominicano.com\/index.php?rest_route=%2Fwp%2Fv2%2Fcomments&post=191783"}],"version-history":[{"count":0,"href":"https:\/\/diariodominicano.com\/index.php?rest_route=\/wp\/v2\/posts\/191783\/revisions"}],"wp:attachment":[{"href":"https:\/\/diariodominicano.com\/index.php?rest_route=%2Fwp%2Fv2%2Fmedia&parent=191783"}],"wp:term":[{"taxonomy":"category","embeddable":true,"href":"https:\/\/diariodominicano.com\/index.php?rest_route=%2Fwp%2Fv2%2Fcategories&post=191783"},{"taxonomy":"post_tag","embeddable":true,"href":"https:\/\/diariodominicano.com\/index.php?rest_route=%2Fwp%2Fv2%2Ftags&post=191783"}],"curies":[{"name":"wp","href":"https:\/\/api.w.org\/{rel}","templated":true}]}}