{"id":191781,"date":"2007-12-26T16:09:50","date_gmt":"2007-12-26T16:09:50","guid":{"rendered":"http:\/\/diariodominicano.ddns.net\/?p=191781"},"modified":"2007-12-26T16:09:50","modified_gmt":"2007-12-26T16:09:50","slug":"camara-de-diputados-conocera-esta-tarde-ley-de-gastos","status":"publish","type":"post","link":"https:\/\/diariodominicano.com\/?p=191781","title":{"rendered":"C\u00e1mara de Diputados conocer\u00e1 esta tarde ley de gastos"},"content":{"rendered":"<p><body><\/p>\n<p class=\"titulogrande1\"><strong>C\u00e1mara de Diputados conocer\u00e1 esta tarde ley de gastos <\/strong><\/p>\n<p>&#13;<\/p>\n<p align=\"justify\" class=\"text1noticias\"><strong><img loading=\"lazy\" decoding=\"async\" src=\"http:\/\/localhost:8080\/pictures\/vocero diputados pld.jpg\" width=\"269\" height=\"216\" hspace=\"4\" align=\"left\" \/>SANTO  DOMINGO.-<\/strong> La C\u00e1mara  de Diputados convoc\u00f3 a sesionar esta tarde a las 3:00\u00a0 para conocer el proyecto de Presupuesto de  Ingresos y Ley de Gastos P\u00fablico del 2008, sometido por el Poder Ejecutivo el  pasado lunes, por RD$300 mil millones. <\/p>\n<p>&#13;<\/p>\n<p align=\"justify\" class=\"text1noticias\">De  inmediato, surgieron entre los voceros de los partidos pol\u00edticos en el Senado y  la C\u00e1mara de  Diputados posiciones encontradas sobre el trato que tendr\u00e1 en el Congreso\u00a0 esa pieza. <\/p>\n<p>&#13;<\/p>\n<p align=\"justify\" class=\"text1noticias\">Mientras,  Alejandro Mont\u00e1s, vocero de los diputados del Partido de la Liberac\u00f3n Dominicana  (PLD), afirm\u00f3 que el proyecto ser\u00e1 aprobado tal y c\u00f3mo lo envi\u00f3 el Poder  Ejecutivo.<\/p>\n<p>&#13;<\/p>\n<p align=\"justify\" class=\"text1noticias\">Diego  Aquino Acosta, voz autorizada de los pelede\u00edstas en el Senado, precisa que la  pieza debe ser modificada para atender las peticiones de mayores partidas  presupuestarias que hacen diferentes instituciones gubernamentales.<\/p>\n<p>&#13;<\/p>\n<p align=\"justify\" class=\"text1noticias\">Roberto  Rodr\u00edguez, vocero de los senadores del Partido Revolucionario Dominicano (PRD)  y Adriano S\u00e1nchez Roa, del Partido Reformista Social Cristiano (PRSC) han  reiterado que esa iniciativa debe ser modificada, para que las partidas  asignadas a los ayuntamientos, Suprema Corte de Justicia y el Congreso se  correspondan con el mandato de la   Ley. <\/p>\n<p>&#13;<\/p>\n<h6> 2007-12-26 16:09:50 <\/h6>\n<p><!--\n<link rel=\"stylesheet\" href=\"css\/bootstrap.min.css\">\n\n\n<ul class=\"pagination\">\n\t    \n\t\n\n<li >\n\t<a href='?page_no=34528'>Previous<\/a>\n\t<\/li>\n\n\n       \n    \n\n<li><a href='?page_no=1'>1<\/a><\/li>\n\n\n\n<li><a href='?page_no=2'>2<\/a><\/li>\n\n\n\n<li><a>...<\/a><\/li>\n\n\n\n<li><a href='?page_no=34527'>34527<\/a><\/li>\n\n\n\n<li><a href='?page_no=34528'>34528<\/a><\/li>\n\n\n\n<li class='active'><a>34529<\/a><\/li>\n\n\n\n<li><a href='?page_no=34530'>34530<\/a><\/li>\n\n\n\n<li><a href='?page_no=34531'>34531<\/a><\/li>\n\n\n\n<li><a>...<\/a><\/li>\n\n\n\n<li><a href='?page_no=36999'>36999<\/a><\/li>\n\n\n\n<li><a href='?page_no=37000'>37000<\/a><\/li>\n\n    \n\t\n\n<li >\n\t<a href='?page_no=34530'>Next<\/a>\n\t<\/li>\n\n\n    \n\n<li><a href='?page_no=37000'>Last &rsaquo;&rsaquo;<\/a><\/li>\n\n<\/ul>\n\n\n--><br \/>\n<\/body><\/p>\n","protected":false},"excerpt":{"rendered":"<p>C\u00e1mara de Diputados conocer\u00e1 esta tarde ley de gastos &#13; SANTO DOMINGO.- La C\u00e1mara de Diputados convoc\u00f3 a sesionar esta tarde a las 3:00\u00a0 para conocer el proyecto de Presupuesto de Ingresos y Ley de Gastos P\u00fablico del 2008, sometido por el Poder Ejecutivo el pasado lunes, por RD$300 mil millones. &#13; De inmediato, surgieron [&hellip;]<\/p>\n","protected":false},"author":3,"featured_media":0,"comment_status":"open","ping_status":"open","sticky":false,"template":"","format":"standard","meta":{"footnotes":""},"categories":[22],"tags":[],"class_list":["post-191781","post","type-post","status-publish","format-standard","hentry","category-politica"],"_links":{"self":[{"href":"https:\/\/diariodominicano.com\/index.php?rest_route=\/wp\/v2\/posts\/191781","targetHints":{"allow":["GET"]}}],"collection":[{"href":"https:\/\/diariodominicano.com\/index.php?rest_route=\/wp\/v2\/posts"}],"about":[{"href":"https:\/\/diariodominicano.com\/index.php?rest_route=\/wp\/v2\/types\/post"}],"author":[{"embeddable":true,"href":"https:\/\/diariodominicano.com\/index.php?rest_route=\/wp\/v2\/users\/3"}],"replies":[{"embeddable":true,"href":"https:\/\/diariodominicano.com\/index.php?rest_route=%2Fwp%2Fv2%2Fcomments&post=191781"}],"version-history":[{"count":0,"href":"https:\/\/diariodominicano.com\/index.php?rest_route=\/wp\/v2\/posts\/191781\/revisions"}],"wp:attachment":[{"href":"https:\/\/diariodominicano.com\/index.php?rest_route=%2Fwp%2Fv2%2Fmedia&parent=191781"}],"wp:term":[{"taxonomy":"category","embeddable":true,"href":"https:\/\/diariodominicano.com\/index.php?rest_route=%2Fwp%2Fv2%2Fcategories&post=191781"},{"taxonomy":"post_tag","embeddable":true,"href":"https:\/\/diariodominicano.com\/index.php?rest_route=%2Fwp%2Fv2%2Ftags&post=191781"}],"curies":[{"name":"wp","href":"https:\/\/api.w.org\/{rel}","templated":true}]}}