{"id":191779,"date":"2007-12-26T17:18:53","date_gmt":"2007-12-26T17:18:53","guid":{"rendered":"http:\/\/diariodominicano.ddns.net\/?p=191779"},"modified":"2007-12-26T17:18:53","modified_gmt":"2007-12-26T17:18:53","slug":"pide-a-congresistas-incrementen-presupuesto-para-educacion","status":"publish","type":"post","link":"https:\/\/diariodominicano.com\/?p=191779","title":{"rendered":"PIDE A CONGRESISTAS INCREMENTEN PRESUPUESTO PARA EDUCACION"},"content":{"rendered":"<p><body><\/p>\n<style type=\"text\/css\"><![CDATA[\n<!--\n.style1 {\n\tfont-size: 14px\n}\n-->\n]]><\/style>\n<p>&#13;<\/p>\n<p align=\"justify\"><strong class=\"titulogrande1 style1\">PIDE  A CONGRESISTAS INCREMENTEN PRESUPUESTO PARA EDUCACION<\/strong><br \/>&#13;<br \/>\n  <br \/>&#13;<br \/>\n    <strong>Una sociedad que no invierte  lo necesario en educaci\u00f3n, jam\u00e1s llegar\u00e1 a la modernidad<\/strong><\/p>\n<p>&#13;<\/p>\n<p align=\"justify\" class=\"text1noticias\"><strong><img loading=\"lazy\" decoding=\"async\" src=\"http:\/\/localhost:8080\/pictures\/Belarminio Ramirez.jpg\" width=\"269\" height=\"348\" hspace=\"4\" align=\"left\" \/>SANTO DOMINGO.-<\/strong> El polit\u00f3logo y profesor universitario Belarminio  Ram\u00edrez Morillo hizo un llamado a los Diputados de la Naci\u00f3n, a fin de que  incrementen la partida presupuestaria que propuso el Poder Ejecutivo para la Secretar\u00eda de Estado de  Educaci\u00f3n para el a\u00f1o 2008.<\/p>\n<p>&#13;<\/p>\n<p align=\"justify\" class=\"text1noticias\">El escritor y pol\u00edtico sostuvo que un presupuesto de 31,471.1 millones  de pesos contemplados para el a\u00f1o 2008, es una asignaci\u00f3n p\u00edrrica que  contribuir\u00e1 a empeorar la calidad de la educaci\u00f3n en momentos en que esta debe  ser la prioridad para el gobierno y diversos sectores de la vida nacional.<\/p>\n<p>&#13;<\/p>\n<p align=\"justify\" class=\"text1noticias\">Manifest\u00f3 que una sociedad que no invierte los recursos necesarios en la  educaci\u00f3n jam\u00e1s puede llegar a la modernidad. Record\u00f3 la frase de Jos\u00e9 Mart\u00ed de  que \u201cser culto es el \u00fanico camino para ser libre.\u201d<\/p>\n<p>&#13;<\/p>\n<p align=\"justify\" class=\"text1noticias\">Record\u00f3 que en varias ocasiones el Presidente Leonel Fern\u00e1ndez ha  se\u00f1alado que el desarrollo econ\u00f3mico y cultural de un pueblo s\u00f3lo es posible a  trav\u00e9s de grandes inversiones en la educaci\u00f3n.<\/p>\n<p>&#13;<\/p>\n<p align=\"justify\" class=\"text1noticias\">Dijo que la p\u00e9sima inversi\u00f3n p\u00fablica en la educaci\u00f3n es uno de los  factores que m\u00e1s ha contribuido al deterioro de los niveles de vida de las  familias pobre\u00a0 y de clase media.<\/p>\n<p>&#13;<\/p>\n<p align=\"justify\" class=\"text1noticias\">Adujo que es alto el porcentaje de hogares dominicanos que tienen que  dedicar hasta el 25% de sus ingresos al pago de Colegios, debido a la  insuficiencia de instalaciones p\u00fablicas y de maestros para afrontar las  demandas de la poblaci\u00f3n.<\/p>\n<p>&#13;<\/p>\n<p align=\"justify\" class=\"text1noticias\">Manifest\u00f3 que una gran parte de las familias tienen a sus hijos  estudiando en Colegios Privados, no por gusto, no por deseo, si no por la falta  de planteles p\u00fablicos.<\/p>\n<p>&#13;<\/p>\n<p align=\"justify\" class=\"text1noticias\">Argument\u00f3 que la forma m\u00e1s f\u00e1cil y efectiva que tiene el gobierno para  mejorar los niveles de vida de las familias dominicanas es haciendo grandes  inversiones en la educaci\u00f3n.<\/p>\n<p>&#13;<\/p>\n<h6> 2007-12-26 17:18:53 <\/h6>\n<p><!--\n<link rel=\"stylesheet\" href=\"css\/bootstrap.min.css\">\n\n\n<ul class=\"pagination\">\n\t    \n\t\n\n<li >\n\t<a href='?page_no=34526'>Previous<\/a>\n\t<\/li>\n\n\n       \n    \n\n<li><a href='?page_no=1'>1<\/a><\/li>\n\n\n\n<li><a href='?page_no=2'>2<\/a><\/li>\n\n\n\n<li><a>...<\/a><\/li>\n\n\n\n<li><a href='?page_no=34525'>34525<\/a><\/li>\n\n\n\n<li><a href='?page_no=34526'>34526<\/a><\/li>\n\n\n\n<li class='active'><a>34527<\/a><\/li>\n\n\n\n<li><a href='?page_no=34528'>34528<\/a><\/li>\n\n\n\n<li><a href='?page_no=34529'>34529<\/a><\/li>\n\n\n\n<li><a>...<\/a><\/li>\n\n\n\n<li><a href='?page_no=36999'>36999<\/a><\/li>\n\n\n\n<li><a href='?page_no=37000'>37000<\/a><\/li>\n\n    \n\t\n\n<li >\n\t<a href='?page_no=34528'>Next<\/a>\n\t<\/li>\n\n\n    \n\n<li><a href='?page_no=37000'>Last &rsaquo;&rsaquo;<\/a><\/li>\n\n<\/ul>\n\n\n--><br \/>\n<\/body><\/p>\n","protected":false},"excerpt":{"rendered":"<p>&#13; PIDE A CONGRESISTAS INCREMENTEN PRESUPUESTO PARA EDUCACION&#13; &#13; Una sociedad que no invierte lo necesario en educaci\u00f3n, jam\u00e1s llegar\u00e1 a la modernidad &#13; SANTO DOMINGO.- El polit\u00f3logo y profesor universitario Belarminio Ram\u00edrez Morillo hizo un llamado a los Diputados de la Naci\u00f3n, a fin de que incrementen la partida presupuestaria que propuso el Poder [&hellip;]<\/p>\n","protected":false},"author":3,"featured_media":0,"comment_status":"open","ping_status":"open","sticky":false,"template":"","format":"standard","meta":{"footnotes":""},"categories":[22],"tags":[],"class_list":["post-191779","post","type-post","status-publish","format-standard","hentry","category-politica"],"_links":{"self":[{"href":"https:\/\/diariodominicano.com\/index.php?rest_route=\/wp\/v2\/posts\/191779","targetHints":{"allow":["GET"]}}],"collection":[{"href":"https:\/\/diariodominicano.com\/index.php?rest_route=\/wp\/v2\/posts"}],"about":[{"href":"https:\/\/diariodominicano.com\/index.php?rest_route=\/wp\/v2\/types\/post"}],"author":[{"embeddable":true,"href":"https:\/\/diariodominicano.com\/index.php?rest_route=\/wp\/v2\/users\/3"}],"replies":[{"embeddable":true,"href":"https:\/\/diariodominicano.com\/index.php?rest_route=%2Fwp%2Fv2%2Fcomments&post=191779"}],"version-history":[{"count":0,"href":"https:\/\/diariodominicano.com\/index.php?rest_route=\/wp\/v2\/posts\/191779\/revisions"}],"wp:attachment":[{"href":"https:\/\/diariodominicano.com\/index.php?rest_route=%2Fwp%2Fv2%2Fmedia&parent=191779"}],"wp:term":[{"taxonomy":"category","embeddable":true,"href":"https:\/\/diariodominicano.com\/index.php?rest_route=%2Fwp%2Fv2%2Fcategories&post=191779"},{"taxonomy":"post_tag","embeddable":true,"href":"https:\/\/diariodominicano.com\/index.php?rest_route=%2Fwp%2Fv2%2Ftags&post=191779"}],"curies":[{"name":"wp","href":"https:\/\/api.w.org\/{rel}","templated":true}]}}