{"id":191777,"date":"2007-12-26T19:54:10","date_gmt":"2007-12-26T19:54:10","guid":{"rendered":"http:\/\/diariodominicano.ddns.net\/?p=191777"},"modified":"2007-12-26T19:54:10","modified_gmt":"2007-12-26T19:54:10","slug":"eliseo-christopher-ramirez-presidente-del-movimiento-empleo-se-reune-en-en-new-jersey-para-conformar-directivas-en-apoyo-a-la-repostulacion-del-presidente-fernandez","status":"publish","type":"post","link":"https:\/\/diariodominicano.com\/?p=191777","title":{"rendered":"Eliseo Christopher Ram\u00edrez presidente del movimiento (empleo) se re\u00fane en en New Jersey para conformar directivas en apoyo a la repostulaci\u00f3n del presidente Fern\u00e1ndez"},"content":{"rendered":"<p><body><\/p>\n<p align=\"justify\"><span class=\"titulogrande1\">Eliseo Christopher Ram\u00edrez presidente del movimiento (empleo)  se re\u00fane en en New Jersey para conformar directivas en apoyo a la repostulaci\u00f3n  del presidente Fern\u00e1ndez <\/span><br \/>&#13;<br \/>\n    <br \/>&#13;<br \/>\n    <span class=\"text1noticias\"><strong><img loading=\"lazy\" decoding=\"async\" src=\"http:\/\/localhost:8080\/pictures\/eliseo cristopher.jpg\" width=\"269\" height=\"182\" hspace=\"4\" align=\"left\" \/>NUEVA JERSEY.-<\/strong> El presidente de movimiento Empresarios  Medianos y Peque\u00f1os con Leonel (EMPLEO), Eliseo Cristopher Ram\u00edrez, se  encuentra en Estados Unidos sosteniendo reuniones para la conformaci\u00f3n en este  pa\u00eds de las directivas de las filiales de ese movimiento que apoya la  repostulaci\u00f3n del presidente dominicano Leonel Fern\u00e1ndez.<\/span><\/p>\n<p>&#13;<\/p>\n<p align=\"justify\" class=\"text1noticias\">Ram\u00edrez en las reuniones sostenidas ha destacado la  estabilidad econ\u00f3mica de Rep\u00fablica Dominicana tras el ascenso en el 2004, del  actual Mandatario.<\/p>\n<p>&#13;<\/p>\n<p align=\"justify\" class=\"text1noticias\">\u00abPara el a\u00f1o entrante, el 2008 se ha pronosticado desde  ya un crecimiento de un 5.8%\u00bb, dijo. <\/p>\n<p>&#13;<\/p>\n<p align=\"justify\" class=\"text1noticias\">Ponder\u00f3 la seguridad jur\u00eddica existente para con los  inversionistas extranjeros, lo que ha dado lugar a que importantes figuras de  talla mundial incursionen en negocios en la Rep\u00fablica Dominicana.<\/p>\n<p>&#13;<\/p>\n<p align=\"justify\" class=\"text1noticias\">Entre \u00e9stos cit\u00f3 al magnate Donald Trumph al cantante Julio  C\u00e9sar y al actor Vin Diesel, entre.<\/p>\n<p>&#13;<\/p>\n<p align=\"justify\" class=\"text1noticias\">El presidente de EMPLEO les manifest\u00f3 a los presentes en una  reuni\u00f3n en Nueva Jersey, que \u00abs\u00f3lo Leonel Fern\u00e1ndez garantiza que el  crecimiento econ\u00f3mico de la Rep\u00fablica Dominicana se mantenga\u00bb.<\/p>\n<p>&#13;<\/p>\n<p align=\"justify\" class=\"text1noticias\">El dirigente pol\u00edtico y empresario tambi\u00e9n se reuni\u00f3 con  dominicanos residentes en Nueva York.<\/p>\n<p>&#13;<\/p>\n<p align=\"justify\" class=\"text1noticias\">Lo mismo har\u00e1 con otros dominicanos en Filadelfia y Miami.  Retornar\u00e1 a su pa\u00eds el domingo.<\/p>\n<p>&#13;<\/p>\n<p align=\"justify\" class=\"text1noticias\">Las directivas de EMPLEO en Estados Unidos ser\u00e1n  juramentadas luego de la proclamaci\u00f3n del candidato presidencial Leonel  Fern\u00e1ndez que ser\u00e1 el 25 de enero.<\/p>\n<p>&#13;<\/p>\n<h6> 2007-12-26 19:54:10 <\/h6>\n<p><!--\n<link rel=\"stylesheet\" href=\"css\/bootstrap.min.css\">\n\n\n<ul class=\"pagination\">\n\t    \n\t\n\n<li >\n\t<a href='?page_no=34524'>Previous<\/a>\n\t<\/li>\n\n\n       \n    \n\n<li><a href='?page_no=1'>1<\/a><\/li>\n\n\n\n<li><a href='?page_no=2'>2<\/a><\/li>\n\n\n\n<li><a>...<\/a><\/li>\n\n\n\n<li><a href='?page_no=34523'>34523<\/a><\/li>\n\n\n\n<li><a href='?page_no=34524'>34524<\/a><\/li>\n\n\n\n<li class='active'><a>34525<\/a><\/li>\n\n\n\n<li><a href='?page_no=34526'>34526<\/a><\/li>\n\n\n\n<li><a href='?page_no=34527'>34527<\/a><\/li>\n\n\n\n<li><a>...<\/a><\/li>\n\n\n\n<li><a href='?page_no=36999'>36999<\/a><\/li>\n\n\n\n<li><a href='?page_no=37000'>37000<\/a><\/li>\n\n    \n\t\n\n<li >\n\t<a href='?page_no=34526'>Next<\/a>\n\t<\/li>\n\n\n    \n\n<li><a href='?page_no=37000'>Last &rsaquo;&rsaquo;<\/a><\/li>\n\n<\/ul>\n\n\n--><br \/>\n<\/body><\/p>\n","protected":false},"excerpt":{"rendered":"<p>Eliseo Christopher Ram\u00edrez presidente del movimiento (empleo) se re\u00fane en en New Jersey para conformar directivas en apoyo a la repostulaci\u00f3n del presidente Fern\u00e1ndez &#13; &#13; NUEVA JERSEY.- El presidente de movimiento Empresarios Medianos y Peque\u00f1os con Leonel (EMPLEO), Eliseo Cristopher Ram\u00edrez, se encuentra en Estados Unidos sosteniendo reuniones para la conformaci\u00f3n en este pa\u00eds [&hellip;]<\/p>\n","protected":false},"author":3,"featured_media":0,"comment_status":"open","ping_status":"open","sticky":false,"template":"","format":"standard","meta":{"footnotes":""},"categories":[22],"tags":[],"class_list":["post-191777","post","type-post","status-publish","format-standard","hentry","category-politica"],"_links":{"self":[{"href":"https:\/\/diariodominicano.com\/index.php?rest_route=\/wp\/v2\/posts\/191777","targetHints":{"allow":["GET"]}}],"collection":[{"href":"https:\/\/diariodominicano.com\/index.php?rest_route=\/wp\/v2\/posts"}],"about":[{"href":"https:\/\/diariodominicano.com\/index.php?rest_route=\/wp\/v2\/types\/post"}],"author":[{"embeddable":true,"href":"https:\/\/diariodominicano.com\/index.php?rest_route=\/wp\/v2\/users\/3"}],"replies":[{"embeddable":true,"href":"https:\/\/diariodominicano.com\/index.php?rest_route=%2Fwp%2Fv2%2Fcomments&post=191777"}],"version-history":[{"count":0,"href":"https:\/\/diariodominicano.com\/index.php?rest_route=\/wp\/v2\/posts\/191777\/revisions"}],"wp:attachment":[{"href":"https:\/\/diariodominicano.com\/index.php?rest_route=%2Fwp%2Fv2%2Fmedia&parent=191777"}],"wp:term":[{"taxonomy":"category","embeddable":true,"href":"https:\/\/diariodominicano.com\/index.php?rest_route=%2Fwp%2Fv2%2Fcategories&post=191777"},{"taxonomy":"post_tag","embeddable":true,"href":"https:\/\/diariodominicano.com\/index.php?rest_route=%2Fwp%2Fv2%2Ftags&post=191777"}],"curies":[{"name":"wp","href":"https:\/\/api.w.org\/{rel}","templated":true}]}}