{"id":191776,"date":"2007-12-27T01:31:00","date_gmt":"2007-12-27T01:31:00","guid":{"rendered":"http:\/\/diariodominicano.ddns.net\/?p=191776"},"modified":"2007-12-27T01:31:00","modified_gmt":"2007-12-27T01:31:00","slug":"amable-aristy-dice-concurrira-solo-a-las-elecciones-pero-aliado-a-pobres-y-excluidos","status":"publish","type":"post","link":"https:\/\/diariodominicano.com\/?p=191776","title":{"rendered":"Amable Aristy dice: Concurrir\u00e1 solo a las elecciones, pero aliado a pobres y excluidos"},"content":{"rendered":"<p><body><\/p>\n<p align=\"justify\" class=\"titulogrande1\"><strong>Amable Aristy dice:<\/strong> <strong>Concurrir\u00e1 solo a las elecciones,<\/strong> <strong>pero aliado a pobres y excluidos<\/strong><\/p>\n<p>&#13;<\/p>\n<p align=\"justify\" class=\"text1noticias\"><img loading=\"lazy\" decoding=\"async\" src=\"http:\/\/localhost:8080\/pictures\/amable gobierno de la manana.jpg\" width=\"269\" height=\"355\" hspace=\"4\" align=\"left\" \/>El candidato  presidencial del Partido Reformista Social Cristiano (PRSC), Amable Aristy,  descart\u00f3 cualquier tipo de alianza con los partidos de la Liberaci\u00f3n Dominicana  (PLD) y Revolucionario Dominicano (PRD) con miras a las elecciones del pr\u00f3ximo  a\u00f1o, porque dijo que los malos gobiernos de ambas agrupaciones han frustrado al  pueblo.<\/p>\n<p>&#13;<\/p>\n<p align=\"justify\" class=\"text1noticias\">\u201cYo tengo  formalizado un acuerdo electoral para los comicios de 2008, pero con los  pobres, marginados y excluidos para instaurar en el pa\u00eds un gobierno humanista,  donde los pobres ser\u00e1n los primeros\u201d, resalt\u00f3.<\/p>\n<p>&#13;<\/p>\n<p align=\"justify\" class=\"text1noticias\"> Aristy Castro  dijo que tanto el PLD y como el PRD han frustrado al pueblo dominicano \u201cpor lo  que ninguno puede pretender que ocurra una amnesia colectiva que les abra paso  para volver al poder\u201d.<\/p>\n<p>&#13;<\/p>\n<p align=\"justify\" class=\"text1noticias\">Entiende que es  pr\u00e1cticamente imposible que los dominicanos reelijan al presidente Fern\u00e1ndez,  porque de hacerlo estar\u00edan votando por la construcci\u00f3n de otro metro y por el  desabastecimiento de los hospitales, donde los m\u00e9dicos tienen que atender a los  pacientes en los pasillos por falta de camas, equipos y medicina.<\/p>\n<p>&#13;<\/p>\n<p align=\"justify\" class=\"text1noticias\">Agreg\u00f3 que en  este gobierno las escuelas carecen de pupitres y los maestros ganan sueldos de  miseria, lo que obliga a las comunidades a protestar y exigir por los medios de  comunicaci\u00f3n que atiendan la educaci\u00f3n p\u00fablica.<\/p>\n<p>&#13;<\/p>\n<p align=\"justify\" class=\"text1noticias\">Amable Aristy  dijo que el presidente Fern\u00e1ndez significa desempleo, alto costo de la vida,  impuestos, combustibles por las nubes, inseguridad ciudadana y falta de  oportunidades para la juventud, las mujeres y la mayor\u00eda de la poblaci\u00f3n.<\/p>\n<p>&#13;<\/p>\n<p align=\"justify\" class=\"text1noticias\">Consider\u00f3  igualmente imposible el retorno del PRD-PPH porque entiende que est\u00e1 muy fresco  en la memoria de los dominicanos \u201cel descalabro econ\u00f3mico ocurrido en esa  administraci\u00f3n\u201d.<\/p>\n<p>&#13;<\/p>\n<p align=\"justify\" class=\"text1noticias\">El aspirante a la Presidencia de la Rep\u00fablica, quien habl\u00f3  en el programa radial \u201cEl Gobierno de la Ma\u00f1ana\u201d que se produce por la emisora La Z-101, reiter\u00f3 que \u201caqu\u00ed habr\u00e1  segunda vuelta y la propuesta del Gobierno de los pobres que nosotros y el PRSC  encabezamos, estar\u00e1 compitiendo en esas elecciones y de las que seguro  saldremos victorioso\u201d.<\/p>\n<p>&#13;<\/p>\n<p align=\"justify\" class=\"text1noticias\">Amable Aristy  neg\u00f3 que en la reuni\u00f3n que sostuvo recientemente con el presidente de la Rep\u00fablica, en el Palacio  Nacional, se hablara de alianza con miras a las elecciones generales del  pr\u00f3ximo a\u00f1o.<\/p>\n<p>&#13;<\/p>\n<p align=\"justify\" class=\"text1noticias\">Dijo que  particip\u00f3 en la reun\u00edan en su condici\u00f3n de secretario general de la Liga Municipal Dominicana  (LMD).<\/p>\n<p>&#13;<\/p>\n<h6> 2007-12-27 01:31:00 <\/h6>\n<p><!--\n<link rel=\"stylesheet\" href=\"css\/bootstrap.min.css\">\n\n\n<ul class=\"pagination\">\n\t    \n\t\n\n<li >\n\t<a href='?page_no=34523'>Previous<\/a>\n\t<\/li>\n\n\n       \n    \n\n<li><a href='?page_no=1'>1<\/a><\/li>\n\n\n\n<li><a href='?page_no=2'>2<\/a><\/li>\n\n\n\n<li><a>...<\/a><\/li>\n\n\n\n<li><a href='?page_no=34522'>34522<\/a><\/li>\n\n\n\n<li><a href='?page_no=34523'>34523<\/a><\/li>\n\n\n\n<li class='active'><a>34524<\/a><\/li>\n\n\n\n<li><a href='?page_no=34525'>34525<\/a><\/li>\n\n\n\n<li><a href='?page_no=34526'>34526<\/a><\/li>\n\n\n\n<li><a>...<\/a><\/li>\n\n\n\n<li><a href='?page_no=36999'>36999<\/a><\/li>\n\n\n\n<li><a href='?page_no=37000'>37000<\/a><\/li>\n\n    \n\t\n\n<li >\n\t<a href='?page_no=34525'>Next<\/a>\n\t<\/li>\n\n\n    \n\n<li><a href='?page_no=37000'>Last &rsaquo;&rsaquo;<\/a><\/li>\n\n<\/ul>\n\n\n--><br \/>\n<\/body><\/p>\n","protected":false},"excerpt":{"rendered":"<p>Amable Aristy dice: Concurrir\u00e1 solo a las elecciones, pero aliado a pobres y excluidos &#13; El candidato presidencial del Partido Reformista Social Cristiano (PRSC), Amable Aristy, descart\u00f3 cualquier tipo de alianza con los partidos de la Liberaci\u00f3n Dominicana (PLD) y Revolucionario Dominicano (PRD) con miras a las elecciones del pr\u00f3ximo a\u00f1o, porque dijo que los [&hellip;]<\/p>\n","protected":false},"author":3,"featured_media":0,"comment_status":"open","ping_status":"open","sticky":false,"template":"","format":"standard","meta":{"footnotes":""},"categories":[22],"tags":[],"class_list":["post-191776","post","type-post","status-publish","format-standard","hentry","category-politica"],"_links":{"self":[{"href":"https:\/\/diariodominicano.com\/index.php?rest_route=\/wp\/v2\/posts\/191776","targetHints":{"allow":["GET"]}}],"collection":[{"href":"https:\/\/diariodominicano.com\/index.php?rest_route=\/wp\/v2\/posts"}],"about":[{"href":"https:\/\/diariodominicano.com\/index.php?rest_route=\/wp\/v2\/types\/post"}],"author":[{"embeddable":true,"href":"https:\/\/diariodominicano.com\/index.php?rest_route=\/wp\/v2\/users\/3"}],"replies":[{"embeddable":true,"href":"https:\/\/diariodominicano.com\/index.php?rest_route=%2Fwp%2Fv2%2Fcomments&post=191776"}],"version-history":[{"count":0,"href":"https:\/\/diariodominicano.com\/index.php?rest_route=\/wp\/v2\/posts\/191776\/revisions"}],"wp:attachment":[{"href":"https:\/\/diariodominicano.com\/index.php?rest_route=%2Fwp%2Fv2%2Fmedia&parent=191776"}],"wp:term":[{"taxonomy":"category","embeddable":true,"href":"https:\/\/diariodominicano.com\/index.php?rest_route=%2Fwp%2Fv2%2Fcategories&post=191776"},{"taxonomy":"post_tag","embeddable":true,"href":"https:\/\/diariodominicano.com\/index.php?rest_route=%2Fwp%2Fv2%2Ftags&post=191776"}],"curies":[{"name":"wp","href":"https:\/\/api.w.org\/{rel}","templated":true}]}}