{"id":191774,"date":"2007-12-27T03:42:51","date_gmt":"2007-12-27T03:42:51","guid":{"rendered":"http:\/\/diariodominicano.ddns.net\/?p=191774"},"modified":"2007-12-27T03:42:51","modified_gmt":"2007-12-27T03:42:51","slug":"bonetti-no-le-confiere-importancia-a-criticas-de-foro-social-alternativo","status":"publish","type":"post","link":"https:\/\/diariodominicano.com\/?p=191774","title":{"rendered":"Bonetti no le confiere importancia a cr\u00edticas de Foro Social Alternativo"},"content":{"rendered":"<p><body><\/p>\n<p class=\"titulogrande1\">Bonetti\u00a0no le confiere importancia a cr\u00edticas de Foro  Social Alternativo<\/p>\n<p>&#13;<\/p>\n<p align=\"justify\" class=\"text1noticias\"><strong>SANTO DOMINGO.- <\/strong>El secretario  Administrativo de la   Presidencia, Luis Manuel Bonetti, le rest\u00f3 peso pol\u00edtico al Foro Social Alternativo y afirm\u00f3 que ning\u00fan  planteamiento de ese organismo le merece su opini\u00f3n. <\/p>\n<p>&#13;<\/p>\n<p align=\"justify\" class=\"text1noticias\">Dijo a los periodistas que no sab\u00eda  qu\u00e9 era el Foro Social y dijo que este organismo no ha tenido capacidad para  paralizar el pa\u00eds en una huelga nacional.\u201dY qu\u00e9 es eso, yo no se lo es eso\u201d,  respondi\u00f3 el funcionario a los periodistas que le pidieron su opini\u00f3n en el  sentido de que este a\u00f1o ha sido muy negativo para el pa\u00eds. \u00a0El Foro Social  Alternativo expres\u00f3 su inconformidad con respecto a la pol\u00edtica econ\u00f3mica del  Gobierno en el 2007, alegando que este fue \u201cun p\u00e9simo a\u00f1o para pa\u00eds\u201d. <\/p>\n<p>&#13;<\/p>\n<p align=\"justify\" class=\"text1noticias\">Indica en un documento que el  presupuesto de 2008 refleja la tendencia del Poder Ejecutivo de  no favorecer un mayor fondo para la inversi\u00f3n social en salud, seguridad  social, educaci\u00f3n y viviendas. <br \/>&#13;<br \/>\n  <br \/>&#13;<br \/>\nSostiene que la corrupci\u00f3n domin\u00f3 el escenario  pol\u00edtico, ya que se crearon cargos cuya n\u00f3mina cubrir\u00e1 el capital del a\u00f1o  entrante. <\/p>\n<p>&#13;<\/p>\n<p align=\"justify\" class=\"text1noticias\">En rueda de prensa, V\u00edctor  Ger\u00f3nimo, coordinador del Foro Social Alternativo, dijo que el jefe de la Polic\u00eda Nacional  \u00b3se dedic\u00f3 a limpiar su imagen cuando en el mes de noviembre el n\u00famero de  muertos lleg\u00f3 a 55 en menos de 20 d\u00edas\u201d. <\/p>\n<p>&#13;<\/p>\n<p align=\"justify\" class=\"text1noticias\">Asimismo, se quej\u00f3 de la reacci\u00f3n  de \u201cindiferencia, manipulaci\u00f3n y politiqueria \u00a0que  atribuy\u00f3 al Gobierno\u201d en las huelgas  generales del nueve de julio y dos de octubre de 2007, y de que el Gobierno no  haya logrado detener el desempleo. <\/p>\n<p>&#13;<\/p>\n<h6> 2007-12-27 03:42:51 <\/h6>\n<p><!--\n<link rel=\"stylesheet\" href=\"css\/bootstrap.min.css\">\n\n\n<ul class=\"pagination\">\n\t    \n\t\n\n<li >\n\t<a href='?page_no=34521'>Previous<\/a>\n\t<\/li>\n\n\n       \n    \n\n<li><a href='?page_no=1'>1<\/a><\/li>\n\n\n\n<li><a href='?page_no=2'>2<\/a><\/li>\n\n\n\n<li><a>...<\/a><\/li>\n\n\n\n<li><a href='?page_no=34520'>34520<\/a><\/li>\n\n\n\n<li><a href='?page_no=34521'>34521<\/a><\/li>\n\n\n\n<li class='active'><a>34522<\/a><\/li>\n\n\n\n<li><a href='?page_no=34523'>34523<\/a><\/li>\n\n\n\n<li><a href='?page_no=34524'>34524<\/a><\/li>\n\n\n\n<li><a>...<\/a><\/li>\n\n\n\n<li><a href='?page_no=36999'>36999<\/a><\/li>\n\n\n\n<li><a href='?page_no=37000'>37000<\/a><\/li>\n\n    \n\t\n\n<li >\n\t<a href='?page_no=34523'>Next<\/a>\n\t<\/li>\n\n\n    \n\n<li><a href='?page_no=37000'>Last &rsaquo;&rsaquo;<\/a><\/li>\n\n<\/ul>\n\n\n--><br \/>\n<\/body><\/p>\n","protected":false},"excerpt":{"rendered":"<p>Bonetti\u00a0no le confiere importancia a cr\u00edticas de Foro Social Alternativo &#13; SANTO DOMINGO.- El secretario Administrativo de la Presidencia, Luis Manuel Bonetti, le rest\u00f3 peso pol\u00edtico al Foro Social Alternativo y afirm\u00f3 que ning\u00fan planteamiento de ese organismo le merece su opini\u00f3n. &#13; Dijo a los periodistas que no sab\u00eda qu\u00e9 era el Foro Social [&hellip;]<\/p>\n","protected":false},"author":3,"featured_media":0,"comment_status":"open","ping_status":"open","sticky":false,"template":"","format":"standard","meta":{"footnotes":""},"categories":[22],"tags":[],"class_list":["post-191774","post","type-post","status-publish","format-standard","hentry","category-politica"],"_links":{"self":[{"href":"https:\/\/diariodominicano.com\/index.php?rest_route=\/wp\/v2\/posts\/191774","targetHints":{"allow":["GET"]}}],"collection":[{"href":"https:\/\/diariodominicano.com\/index.php?rest_route=\/wp\/v2\/posts"}],"about":[{"href":"https:\/\/diariodominicano.com\/index.php?rest_route=\/wp\/v2\/types\/post"}],"author":[{"embeddable":true,"href":"https:\/\/diariodominicano.com\/index.php?rest_route=\/wp\/v2\/users\/3"}],"replies":[{"embeddable":true,"href":"https:\/\/diariodominicano.com\/index.php?rest_route=%2Fwp%2Fv2%2Fcomments&post=191774"}],"version-history":[{"count":0,"href":"https:\/\/diariodominicano.com\/index.php?rest_route=\/wp\/v2\/posts\/191774\/revisions"}],"wp:attachment":[{"href":"https:\/\/diariodominicano.com\/index.php?rest_route=%2Fwp%2Fv2%2Fmedia&parent=191774"}],"wp:term":[{"taxonomy":"category","embeddable":true,"href":"https:\/\/diariodominicano.com\/index.php?rest_route=%2Fwp%2Fv2%2Fcategories&post=191774"},{"taxonomy":"post_tag","embeddable":true,"href":"https:\/\/diariodominicano.com\/index.php?rest_route=%2Fwp%2Fv2%2Ftags&post=191774"}],"curies":[{"name":"wp","href":"https:\/\/api.w.org\/{rel}","templated":true}]}}