{"id":191773,"date":"2007-12-27T03:45:53","date_gmt":"2007-12-27T03:45:53","guid":{"rendered":"http:\/\/diariodominicano.ddns.net\/?p=191773"},"modified":"2007-12-27T03:45:53","modified_gmt":"2007-12-27T03:45:53","slug":"pld-felicita-al-presidente-leonel-fernandez","status":"publish","type":"post","link":"https:\/\/diariodominicano.com\/?p=191773","title":{"rendered":"PLD felicita al Presidente Leonel Fern\u00e1ndez"},"content":{"rendered":"<p><body><\/p>\n<p class=\"titulogrande1\">PLD felicita al Presidente Leonel Fern\u00e1ndez<\/p>\n<p>&#13;<\/p>\n<p align=\"justify\" class=\"text1noticias\"><strong>SANTO DOMINGO.-<\/strong> El Partido de la Liberaci\u00f3n Dominicana  (PLD) felicit\u00f3 este mi\u00e9rcoles 26 de diciembre a su presidente y titular del  Poder Ejecutivo, doctor Leonel Fern\u00e1ndez, en ocasi\u00f3n del 54 aniversario de su  nacimiento. <\/p>\n<p>&#13;<\/p>\n<p align=\"justify\" class=\"text1noticias\">La felicitaci\u00f3n es el tema principal del  editorial de la fecha en el vocero radial del partido morado, La Voz del PLD. <\/p>\n<p>&#13;<\/p>\n<p align=\"justify\" class=\"text1noticias\">\u00abHoy cumple a\u00f1os el compa\u00f1ero Leonel,  motivo de orgullo para las mujeres y hombres que militamos en el partido, los  cuales por esta v\u00eda le enviamos unas felicitaciones c\u00e1lidas y un sincero deseo  de muchos a\u00f1os de vida, de fortaleza, de inteligencia, de sabidur\u00eda y  creatividad para seguir enrumbando la naci\u00f3n por los senderos del crecimiento,  del desarrollo, del progreso\u00bb, se cita en una nota de la Secretar\u00eda de  Comunicaciones del PLD. <\/p>\n<p>&#13;<\/p>\n<p align=\"justify\" class=\"text1noticias\">Refiere asimismo que el Partido de la Liberaci\u00f3n Dominicana  vio crecer al compa\u00f1ero Leonel, y el compa\u00f1ero Leonel Creci\u00f3 a la par con el  PLD, \u00aby eso lo reconocemos\u00bb. <\/p>\n<p>&#13;<\/p>\n<p align=\"justify\" class=\"text1noticias\">La Voz del PLD expresa que el ahora presidente  del partido y de la   Rep\u00fablica fue primero circulista, miembro, dirigente  estudiantil, profesor universitario, activista nacional, titular de varias  secretarias, miembro del Comit\u00e9 Central, miembro del Comit\u00e9 Pol\u00edtico, candidato  a la Vicepresidencia  de la Rep\u00fablica,  candidato a la Presidencia  y triunfador en dos comicios generales. <\/p>\n<p>&#13;<\/p>\n<p align=\"justify\" class=\"text1noticias\">Puntualiz\u00f3 que el doctor Leonel Fern\u00e1ndez  acompa\u00f1\u00f3 al l\u00edder hist\u00f3rico, fundador y guia del PLD, profesor Juan Bosch, en  la boleta electoral de 1994; y que dos a\u00f1os despu\u00e9s Bosch\u00a0 le vio escoger  candidato a la Presidencia  y supervis\u00f3 su primer ejercicio como jefe de la Naci\u00f3n. <br \/>&#13;<br \/>\n  \u00a0 <br \/>&#13;<br \/>\n  La Voz del PLD record\u00f3 que en un momento Bosch  compar\u00f3 a Fern\u00e1ndez con una piedra preciosa de gran brillo. <\/p>\n<p>&#13;<\/p>\n<p align=\"justify\" class=\"text1noticias\">\u00abEsa ha sido la t\u00f3nica del ciudadano  ejemplar que hoy ocupa la   Presidencia de la Rep\u00fablica en cuyo rol act\u00faa con responsabilidad y  visi\u00f3n de futuro\u00bb, manifiesta el \u00f3rgano de difusi\u00f3n radial del Partido de la Liberaci\u00f3n Dominicana. <\/p>\n<p>&#13;<\/p>\n<p align=\"justify\" class=\"text1noticias\">Agrega  que las ejecutor\u00edas del presidente Leonel Fern\u00e1ndez se enmarcan en la propuesta  de naci\u00f3n que el Partido de la   Liberaci\u00f3n  Dominicana present\u00f3 al electorado en las  elecciones del 2004,\u00a0 cuyas metas y objetivos se vienen cumpliendo paso a  paso. <\/p>\n<p>&#13;<\/p>\n<p align=\"justify\" class=\"text1noticias\">\u00abEn v\u00edsperas estamos de que concluya  el a\u00f1o 2007, y ah\u00ed tenemos los resultados de un crecimiento del Producto  Interno de un 8 por ciento, entre los m\u00e1s altos del mundo, una inflaci\u00f3n de un  solo digito e incremento de las reservas de divisas; todo ello pese a la crisis  del 2003-04 y al desproporcionado aumento de los precios del petr\u00f3leo que ha  promediado cerca de los 60 d\u00f3lares el barril, lo que hace afirmar a  investigadores y economistas que estamos ante la presencia de un verdadero  milagro econ\u00f3mico\u00bb, proclama La   Voz del PLD. <\/p>\n<p>&#13;<\/p>\n<p align=\"justify\" class=\"text1noticias\">El \u00a0editorial del espacio pol\u00edtico reconoce el  empe\u00f1o del presidente Fern\u00e1ndez, y se hace eco de los parabienes deseados por  militantes, miembros y dirigentes, que ven en el mandatario \u00bb un ejemplo  de laboriosidad y unidad para \u00a0 procurar el bienestar y desarrollo del pueblo  dominicano, que bien se lo merece\u00bb. <\/p>\n<p>&#13;<\/p>\n<p align=\"justify\" class=\"text1noticias\">\u00abFelicidades compa\u00f1ero  Presidente\u00bb, concluye citando el despacho de prensa de la Secretar\u00eda de  Comunicaciones del PLD. <\/p>\n<p>&#13;<\/p>\n<p align=\"justify\" class=\"text1noticias\">El presidente Leonel Antonio Fern\u00e1ndez  Reyna naci\u00f3 el 26 de diciembre de 1953 fruto del matrimonio de Jos\u00e9 Antonio  Fern\u00e1ndez Collado y Yolanda Reyna Romero. <\/p>\n<p>&#13;<\/p>\n<p align=\"justify\" class=\"text1noticias\">El presidente Fern\u00e1ndez procre\u00f3 de su  primer matrimonio a Nicole y Omar, y de sus nupcias con la doctora Margarita  Cede\u00f1o de Fern\u00e1ndez, Primera Dama de la Rep\u00fablica, procre\u00f3 a la ni\u00f1a Yolanda Am\u00e9rica. <\/p>\n<p>&#13;<\/p>\n<h6> 2007-12-27 03:45:53 <\/h6>\n<p><!--\n<link rel=\"stylesheet\" href=\"css\/bootstrap.min.css\">\n\n\n<ul class=\"pagination\">\n\t    \n\t\n\n<li >\n\t<a href='?page_no=34520'>Previous<\/a>\n\t<\/li>\n\n\n       \n    \n\n<li><a href='?page_no=1'>1<\/a><\/li>\n\n\n\n<li><a href='?page_no=2'>2<\/a><\/li>\n\n\n\n<li><a>...<\/a><\/li>\n\n\n\n<li><a href='?page_no=34519'>34519<\/a><\/li>\n\n\n\n<li><a href='?page_no=34520'>34520<\/a><\/li>\n\n\n\n<li class='active'><a>34521<\/a><\/li>\n\n\n\n<li><a href='?page_no=34522'>34522<\/a><\/li>\n\n\n\n<li><a href='?page_no=34523'>34523<\/a><\/li>\n\n\n\n<li><a>...<\/a><\/li>\n\n\n\n<li><a href='?page_no=36999'>36999<\/a><\/li>\n\n\n\n<li><a href='?page_no=37000'>37000<\/a><\/li>\n\n    \n\t\n\n<li >\n\t<a href='?page_no=34522'>Next<\/a>\n\t<\/li>\n\n\n    \n\n<li><a href='?page_no=37000'>Last &rsaquo;&rsaquo;<\/a><\/li>\n\n<\/ul>\n\n\n--><br \/>\n<\/body><\/p>\n","protected":false},"excerpt":{"rendered":"<p>PLD felicita al Presidente Leonel Fern\u00e1ndez &#13; SANTO DOMINGO.- El Partido de la Liberaci\u00f3n Dominicana (PLD) felicit\u00f3 este mi\u00e9rcoles 26 de diciembre a su presidente y titular del Poder Ejecutivo, doctor Leonel Fern\u00e1ndez, en ocasi\u00f3n del 54 aniversario de su nacimiento. &#13; La felicitaci\u00f3n es el tema principal del editorial de la fecha en el [&hellip;]<\/p>\n","protected":false},"author":3,"featured_media":0,"comment_status":"open","ping_status":"open","sticky":false,"template":"","format":"standard","meta":{"footnotes":""},"categories":[22],"tags":[],"class_list":["post-191773","post","type-post","status-publish","format-standard","hentry","category-politica"],"_links":{"self":[{"href":"https:\/\/diariodominicano.com\/index.php?rest_route=\/wp\/v2\/posts\/191773","targetHints":{"allow":["GET"]}}],"collection":[{"href":"https:\/\/diariodominicano.com\/index.php?rest_route=\/wp\/v2\/posts"}],"about":[{"href":"https:\/\/diariodominicano.com\/index.php?rest_route=\/wp\/v2\/types\/post"}],"author":[{"embeddable":true,"href":"https:\/\/diariodominicano.com\/index.php?rest_route=\/wp\/v2\/users\/3"}],"replies":[{"embeddable":true,"href":"https:\/\/diariodominicano.com\/index.php?rest_route=%2Fwp%2Fv2%2Fcomments&post=191773"}],"version-history":[{"count":0,"href":"https:\/\/diariodominicano.com\/index.php?rest_route=\/wp\/v2\/posts\/191773\/revisions"}],"wp:attachment":[{"href":"https:\/\/diariodominicano.com\/index.php?rest_route=%2Fwp%2Fv2%2Fmedia&parent=191773"}],"wp:term":[{"taxonomy":"category","embeddable":true,"href":"https:\/\/diariodominicano.com\/index.php?rest_route=%2Fwp%2Fv2%2Fcategories&post=191773"},{"taxonomy":"post_tag","embeddable":true,"href":"https:\/\/diariodominicano.com\/index.php?rest_route=%2Fwp%2Fv2%2Ftags&post=191773"}],"curies":[{"name":"wp","href":"https:\/\/api.w.org\/{rel}","templated":true}]}}