{"id":191771,"date":"2007-12-27T19:27:00","date_gmt":"2007-12-27T19:27:00","guid":{"rendered":"http:\/\/diariodominicano.ddns.net\/?p=191771"},"modified":"2007-12-27T19:27:00","modified_gmt":"2007-12-27T19:27:00","slug":"miguel-vargas-afirma-crecimiento-de-su-candidatura-refleja-justeza-de-su-propuesta-y-rechazo-a-reeleccion","status":"publish","type":"post","link":"https:\/\/diariodominicano.com\/?p=191771","title":{"rendered":"Miguel Vargas afirma crecimiento de su candidatura refleja justeza de su propuesta y rechazo a reelecci\u00f3n"},"content":{"rendered":"<p><body><\/p>\n<p align=\"justify\"><strong class=\"titulogrande1\">Miguel  Vargas afirma crecimiento de su candidatura refleja justeza de su propuesta y  rechazo a reelecci\u00f3n<\/strong><br \/>&#13;<br \/>\n    <strong>\u00a0<\/strong> <br \/>&#13;<br \/>\n    <span class=\"text1noticias\"><strong><img loading=\"lazy\" decoding=\"async\" src=\"http:\/\/localhost:8080\/pictures\/maldonado candidatura.jpg\" width=\"269\" height=\"335\" hspace=\"4\" align=\"left\" \/>Santo Domingo.-<\/strong> El ingeniero Miguel Vargas expres\u00f3 esta ma\u00f1ana  su satisfacci\u00f3n por el avance creciente y sostenido que registra su candidatura  presidencial, lo cual atribuy\u00f3 a la certeza de su propuestas de realizar a  partir del 16 de agosto una gesti\u00f3n de gobierno focalizada en garantizar una  estabilidad y un crecimiento de la econom\u00eda que sirvan al desarrollo humano y  al fortalecimiento de las fuerzas productivas del pa\u00eds. <br \/>&#13;<br \/>\n    <br \/>&#13;<br \/>\n    Al agradecer los informes de los trabajos de crecimiento que le presentaron 98  movimientos que respaldan su candidatura, expres\u00f3, que la reelecci\u00f3n no tiene  ninguna posibilidad en las elecciones del pr\u00f3ximo 16 de mayo, ya que todas las  encuestas reflejan un rechazo generalizado de la poblaci\u00f3n electoral a las  pretenciones continuistas del candidato presidente reeleccionista. <br \/>&#13;<br \/>\n<br \/>&#13;<br \/>\n\u00abEn mis recorridos por todo el pa\u00eds\u00bb, puntualiz\u00f3 el candidato  presidencial del Partido Revolucionario Dominicano (PRD), \u00abhe podido  comprobar de manera personal el rechazo al candidato presidente, debido a que  ha sido incapaz de bajar los precios de los alimentos y servicios, ha hecho  retroceder la inversi\u00f3n en salud y educaci\u00f3n, en su gobierno ha aumentado la  corrupci\u00f3n y ha hecho crecer el desempleo\u00bb. <br \/>&#13;<br \/>\n<br \/>&#13;<br \/>\nDijo que los m\u00e1s de 15 mil millones de pesos que derrocha en propaganda  reeleccionista el presidente Leonel Fern\u00e1ndez, no se ven en las casas de los  humildes de Santiago y la   L\u00ednea Noroeste, ni llega a los est\u00f3magos de los millones de  dominicanos y dominicanas que se acuestan cada noche sin saber donde podr\u00e1n  encontrar la comida de del d\u00eda siguiente, \u00bb lo cual he comprobado en mis  conversaciones con las amas de casa de Gualey y el contacto con los j\u00f3venes  desilusionados de La Barquita\u00bb. <br \/>&#13;<br \/>\n<br \/>&#13;<br \/>\n\u00abEn los pueblos del Sur y en la laboriosa regi\u00f3n Este han crecido la  desesperanza y se ha perdido la fe en el gobierno, y la gente ya sabe que si  por mano de fuerzas insanas se materializara la ambici\u00f3n reeleccionista del  doctor Leonel Fern\u00e1ndez, padecer\u00edan m\u00e1s alto costo de la vida, m\u00e1s desempleo,  m\u00e1s pobreza, y m\u00e1s esc\u00e1ndalos de corrupci\u00f3n\u00bb. <br \/>&#13;<br \/>\n<br \/>&#13;<br \/>\nDijo que \u00aben agosto se cumplir\u00e1n 8  a\u00f1os de que el presidente candidato ha gobernado el pa\u00eds, y en esos dos  gobiernos\u00a0 se ha demostrado que no tiene ni la capacidad gerencial ni la  voluntad pol\u00edtica que se requieren para resolver esos problemas, y por el  contrario ha evidenciado una gran indolencia frente a las necesidades de  nuestro pueblo\u00bb. <br \/>&#13;<br \/>\n<br \/>&#13;<br \/>\nAdvirti\u00f3 que nada ni nadie confundir\u00e1 a la  mayor\u00eda de los dominicanos y dominicanas que esperan las elecciones de mayo  venidero para producir un cambio fundamental en la direcci\u00f3n del pa\u00eds, \u00aby  consecuentes con ese pueblo, nosotros estamos firmemente dispuestos a vencer  las fuerzas y recursos que se puedan interponer a nuestra victoria en las  pr\u00f3ximas elecciones\u00bb. <\/span><\/p>\n<p>&#13;<\/p>\n<p align=\"justify\" class=\"text1noticias\"><strong>Aportan 231 mil 685 nuevos votantes <\/strong> <\/p>\n<p>&#13;<\/p>\n<p align=\"justify\" class=\"text1noticias\">Un total de 98  movimientos de los 195 que se han creado alrededor de su candidatura  presidencial presentaron su segundo informe para reportar que en apenas tres  meses han registrado una tasa de crecimiento de 133% al lograr una  matriculaci\u00f3n a la fecha de 231,685 nuevos  votantes organizados en distintos puntos del territorio nacional. <br \/>&#13;<br \/>\n  \u00a0 <br \/>&#13;<br \/>\n  Entre los movimientos que  mayor aporte han brindado en t\u00e9rminos de militancia se destacan El Movimiento  C\u00edvico Renovador que encabeza el general \u00ae Radhames Zorrilla Ozuna, Visi\u00f3n  Futura, que preside el empresario Rafael Burgos G\u00f3mez, En L\u00ednea con Miguel que  coordina el empresario Francisco Fern\u00e1ndez, as\u00ed como Movimiento Base que  preside la doctora Soraya Aquino, Cambio Nacional encabezado por el empresario  de la construcci\u00f3n Jos\u00e9 Yara, Galleros con Miguel que encabeza el General\u00a0  \u00ae Rafael Alegr\u00eda, Fuerza+Unida que preside M\u00e1ximo Castillo, Mujeres con Miguel  que preside Minerva Casalinovo, el Proyecto C\u00edvico Nueva Rep\u00fablica que preside  Alberto Patxot, e Integraci\u00f3n Regional con Miguel que preside Gabriel Paulino,  entre otros, reunidos todos en el Consejo Nacional de Movimientos que presiden  Do\u00f1a Peggy Cabral de Pe\u00f1a G\u00f3mez y el licenciado Ram\u00f3n S\u00e1nchez. <br \/>&#13;<br \/>\n  \u00a0 <br \/>&#13;<br \/>\n  Durante la entrega del  informe, los representantes del Consejo, conjuntamente con los presidentes de  los movimientos se comprometieron con el candidato a duplicar en los pr\u00f3ximos  meses la militancia de los mismos con el objetivo de aportar la diferencia de  votos que el Ing. Miguel Vargas necesita para ganar en primera vuelta las  elecciones del 16 de mayo pr\u00f3ximo. <\/p>\n<p>&#13;<\/p>\n<p align=\"justify\" class=\"text1noticias\">Miguel Vargas agradeci\u00f3  al Consejo por el trabajo realizado y exhort\u00f3 a todos y cada uno de los  presidentes de los movimientos a llevar a cabo cuantas acciones sean necesarias  para continuar los trabajos de crecimiento y asegurar el triunfo que le  devolver\u00e1 al pueblo dominicano tranquilidad, sosiego, educaci\u00f3n y mejor\u00eda en su  calidad de vida. <\/p>\n<p>&#13;<\/p>\n<h6> 2007-12-27 19:27:00 <\/h6>\n<p><!--\n<link rel=\"stylesheet\" href=\"css\/bootstrap.min.css\">\n\n\n<ul class=\"pagination\">\n\t    \n\t\n\n<li >\n\t<a href='?page_no=34518'>Previous<\/a>\n\t<\/li>\n\n\n       \n    \n\n<li><a href='?page_no=1'>1<\/a><\/li>\n\n\n\n<li><a href='?page_no=2'>2<\/a><\/li>\n\n\n\n<li><a>...<\/a><\/li>\n\n\n\n<li><a href='?page_no=34517'>34517<\/a><\/li>\n\n\n\n<li><a href='?page_no=34518'>34518<\/a><\/li>\n\n\n\n<li class='active'><a>34519<\/a><\/li>\n\n\n\n<li><a href='?page_no=34520'>34520<\/a><\/li>\n\n\n\n<li><a href='?page_no=34521'>34521<\/a><\/li>\n\n\n\n<li><a>...<\/a><\/li>\n\n\n\n<li><a href='?page_no=36999'>36999<\/a><\/li>\n\n\n\n<li><a href='?page_no=37000'>37000<\/a><\/li>\n\n    \n\t\n\n<li >\n\t<a href='?page_no=34520'>Next<\/a>\n\t<\/li>\n\n\n    \n\n<li><a href='?page_no=37000'>Last &rsaquo;&rsaquo;<\/a><\/li>\n\n<\/ul>\n\n\n--><br \/>\n<\/body><\/p>\n","protected":false},"excerpt":{"rendered":"<p>Miguel Vargas afirma crecimiento de su candidatura refleja justeza de su propuesta y rechazo a reelecci\u00f3n&#13; \u00a0 &#13; Santo Domingo.- El ingeniero Miguel Vargas expres\u00f3 esta ma\u00f1ana su satisfacci\u00f3n por el avance creciente y sostenido que registra su candidatura presidencial, lo cual atribuy\u00f3 a la certeza de su propuestas de realizar a partir del 16 [&hellip;]<\/p>\n","protected":false},"author":3,"featured_media":0,"comment_status":"open","ping_status":"open","sticky":false,"template":"","format":"standard","meta":{"footnotes":""},"categories":[22],"tags":[],"class_list":["post-191771","post","type-post","status-publish","format-standard","hentry","category-politica"],"_links":{"self":[{"href":"https:\/\/diariodominicano.com\/index.php?rest_route=\/wp\/v2\/posts\/191771","targetHints":{"allow":["GET"]}}],"collection":[{"href":"https:\/\/diariodominicano.com\/index.php?rest_route=\/wp\/v2\/posts"}],"about":[{"href":"https:\/\/diariodominicano.com\/index.php?rest_route=\/wp\/v2\/types\/post"}],"author":[{"embeddable":true,"href":"https:\/\/diariodominicano.com\/index.php?rest_route=\/wp\/v2\/users\/3"}],"replies":[{"embeddable":true,"href":"https:\/\/diariodominicano.com\/index.php?rest_route=%2Fwp%2Fv2%2Fcomments&post=191771"}],"version-history":[{"count":0,"href":"https:\/\/diariodominicano.com\/index.php?rest_route=\/wp\/v2\/posts\/191771\/revisions"}],"wp:attachment":[{"href":"https:\/\/diariodominicano.com\/index.php?rest_route=%2Fwp%2Fv2%2Fmedia&parent=191771"}],"wp:term":[{"taxonomy":"category","embeddable":true,"href":"https:\/\/diariodominicano.com\/index.php?rest_route=%2Fwp%2Fv2%2Fcategories&post=191771"},{"taxonomy":"post_tag","embeddable":true,"href":"https:\/\/diariodominicano.com\/index.php?rest_route=%2Fwp%2Fv2%2Ftags&post=191771"}],"curies":[{"name":"wp","href":"https:\/\/api.w.org\/{rel}","templated":true}]}}