{"id":191770,"date":"2007-12-27T21:39:17","date_gmt":"2007-12-27T21:39:17","guid":{"rendered":"http:\/\/diariodominicano.ddns.net\/?p=191770"},"modified":"2007-12-27T21:39:17","modified_gmt":"2007-12-27T21:39:17","slug":"diputado-vuelve-al-prsc-molina-lluberes-dice-amable-encarna-la-esencia-del-reformismo-balaguerista","status":"publish","type":"post","link":"https:\/\/diariodominicano.com\/?p=191770","title":{"rendered":"Diputado vuelve al Prsc: Molina Lluberes dice Amable encarna la esencia del reformismo balaguerista"},"content":{"rendered":"<p><body><\/p>\n<p align=\"justify\" class=\"titulogrande1\">Diputado vuelve al Prsc: <strong>Molina Lluberes  dice Amable encarna<\/strong> <strong>la esencia del  reformismo balaguerista<\/strong><\/p>\n<p>&#13;<\/p>\n<p><strong>ACUSA AL PRESIDENTE FERNANDEZ QUERER DESTRUIR EL PRSC<\/strong><\/p>\n<p>&#13;<\/p>\n<p align=\"justify\" class=\"text1noticias\"><img loading=\"lazy\" decoding=\"async\" src=\"http:\/\/localhost:8080\/pictures\/molina lluberes.jpg\" width=\"269\" height=\"359\" hspace=\"4\" align=\"left\" \/>El diputado por la  provincia S\u00e1nchez Ram\u00edrez, Rafael Molina Lluberes, declar\u00f3 que despu\u00e9s de un  profundo an\u00e1lisis, consulta y reflexi\u00f3n de varios meses decidi\u00f3 regresar al  Partido Reformista Social Cristiano (PRSC) y respaldar la candidatura  presidencial de Amable Aristy Castro.<\/p>\n<p>&#13;<\/p>\n<p align=\"justify\" class=\"text1noticias\">Molina Lluberes  dijo que esa reflexi\u00f3n arroj\u00f3 que Aristy Castro encarna la esencia misma del  reformismo balaguerista y que su candidatura es la que est\u00e1 m\u00e1s vinculada con  los pobres, campesinos, la mujer y la juventud \u201cque siempre sirvieron de base  de sustentaci\u00f3n al doctor Joaqu\u00edn Balaguer\u201d.<\/p>\n<p>&#13;<\/p>\n<p align=\"justify\" class=\"text1noticias\"> Igualmente expres\u00f3  que la forma de hacer pol\u00edtica de Aristy Castro es coincidente en muchos  aspectos con la del fundador y l\u00edder del PRSC, el ex presidente Balaguer.<\/p>\n<p>&#13;<\/p>\n<p align=\"justify\" class=\"text1noticias\">El legislador  habl\u00f3 en esos t\u00e9rminos al ser juramentado como miembro de la Comisi\u00f3n Pol\u00edtica  y vicepresidente de la agrupaci\u00f3n opositora, en sustituci\u00f3n del senador F\u00e9lix  V\u00e1squez, quien renunci\u00f3 recientemente a esa posici\u00f3n dirigencial para respaldar  la reelecci\u00f3n del presidente Fern\u00e1ndez.<\/p>\n<p>&#13;<\/p>\n<p align=\"justify\" class=\"text1noticias\">La decisi\u00f3n de  llevar a Molina Lluberes al m\u00e1ximo organismo de direcci\u00f3n del PRSC y a la  vice-presidencia de la organizaci\u00f3n, se tom\u00f3 en la reuni\u00f3n de la Comisi\u00f3n Pol\u00edtica  celebrada hoy en la sede principal de la organizaci\u00f3n, encabezada por su  presidente, Federico Ant\u00fan Batlle, y el candidato presidencial Amable Aristy  Castro.<\/p>\n<p>&#13;<\/p>\n<p align=\"justify\" class=\"text1noticias\">\u201cHe decidido  volver a mi partido para trabajar a tiempo completo por el triunfo de la  propuesta del Gobierno de los pobres y hago un llamado a los que como yo, por  cualquier raz\u00f3n se apartaron del reformismo vuelvan a su casa\u201d, se\u00f1al\u00f3.<\/p>\n<p>&#13;<\/p>\n<p align=\"justify\" class=\"text1noticias\">El legislador,  quien renunci\u00f3 del PRSC a ra\u00edz de la salida del ingeniero Eduardo Estrella tras  la derrota sufrida en las primarias del pasado 10 de junio de este a\u00f1o,\u00a0 dijo que los reformistas tienen una deuda  hist\u00f3rica con la memoria de Joaqu\u00edn Balaguer, \u201cque es llevar a uno de sus  disc\u00edpulos a la primera magistratura de la naci\u00f3n\u201d.<\/p>\n<p>&#13;<\/p>\n<p align=\"justify\" class=\"text1noticias\">Molina Lluberes  acus\u00f3 al presidente Leonel Fern\u00e1ndez de usar los recursos del Estado para  pretender destruir al Partido Reformista Social Cristiano, mediante la compra  de dirigentes con nombramientos, contratas, permisos de importaci\u00f3n y promesas  de posiciones importantes en su gobierno.<\/p>\n<p>&#13;<\/p>\n<p align=\"justify\" class=\"text1noticias\">Sostuvo que con su  reingreso al PRSC y la incorporaci\u00f3n de su familia, equipos de trabajo, amigos  y allegados \u201csellamos el triunfo de Amable Aristy en la provincia S\u00e1nchez  Ram\u00edrez\u201d.<\/p>\n<p>&#13;<\/p>\n<p align=\"justify\" class=\"text1noticias\">Indic\u00f3 que quienes  llegaron por cargos, influencia y dinero al reformismo \u201cse han ido detr\u00e1s de  los mismos intereses al PLD y al gobierno\u201d.<\/p>\n<p>&#13;<\/p>\n<h6> 2007-12-27 21:39:17 <\/h6>\n<p><!--\n<link rel=\"stylesheet\" href=\"css\/bootstrap.min.css\">\n\n\n<ul class=\"pagination\">\n\t    \n\t\n\n<li >\n\t<a href='?page_no=34517'>Previous<\/a>\n\t<\/li>\n\n\n       \n    \n\n<li><a href='?page_no=1'>1<\/a><\/li>\n\n\n\n<li><a href='?page_no=2'>2<\/a><\/li>\n\n\n\n<li><a>...<\/a><\/li>\n\n\n\n<li><a href='?page_no=34516'>34516<\/a><\/li>\n\n\n\n<li><a href='?page_no=34517'>34517<\/a><\/li>\n\n\n\n<li class='active'><a>34518<\/a><\/li>\n\n\n\n<li><a href='?page_no=34519'>34519<\/a><\/li>\n\n\n\n<li><a href='?page_no=34520'>34520<\/a><\/li>\n\n\n\n<li><a>...<\/a><\/li>\n\n\n\n<li><a href='?page_no=36999'>36999<\/a><\/li>\n\n\n\n<li><a href='?page_no=37000'>37000<\/a><\/li>\n\n    \n\t\n\n<li >\n\t<a href='?page_no=34519'>Next<\/a>\n\t<\/li>\n\n\n    \n\n<li><a href='?page_no=37000'>Last &rsaquo;&rsaquo;<\/a><\/li>\n\n<\/ul>\n\n\n--><br \/>\n<\/body><\/p>\n","protected":false},"excerpt":{"rendered":"<p>Diputado vuelve al Prsc: Molina Lluberes dice Amable encarna la esencia del reformismo balaguerista &#13; ACUSA AL PRESIDENTE FERNANDEZ QUERER DESTRUIR EL PRSC &#13; El diputado por la provincia S\u00e1nchez Ram\u00edrez, Rafael Molina Lluberes, declar\u00f3 que despu\u00e9s de un profundo an\u00e1lisis, consulta y reflexi\u00f3n de varios meses decidi\u00f3 regresar al Partido Reformista Social Cristiano (PRSC) [&hellip;]<\/p>\n","protected":false},"author":3,"featured_media":0,"comment_status":"open","ping_status":"open","sticky":false,"template":"","format":"standard","meta":{"footnotes":""},"categories":[22],"tags":[],"class_list":["post-191770","post","type-post","status-publish","format-standard","hentry","category-politica"],"_links":{"self":[{"href":"https:\/\/diariodominicano.com\/index.php?rest_route=\/wp\/v2\/posts\/191770","targetHints":{"allow":["GET"]}}],"collection":[{"href":"https:\/\/diariodominicano.com\/index.php?rest_route=\/wp\/v2\/posts"}],"about":[{"href":"https:\/\/diariodominicano.com\/index.php?rest_route=\/wp\/v2\/types\/post"}],"author":[{"embeddable":true,"href":"https:\/\/diariodominicano.com\/index.php?rest_route=\/wp\/v2\/users\/3"}],"replies":[{"embeddable":true,"href":"https:\/\/diariodominicano.com\/index.php?rest_route=%2Fwp%2Fv2%2Fcomments&post=191770"}],"version-history":[{"count":0,"href":"https:\/\/diariodominicano.com\/index.php?rest_route=\/wp\/v2\/posts\/191770\/revisions"}],"wp:attachment":[{"href":"https:\/\/diariodominicano.com\/index.php?rest_route=%2Fwp%2Fv2%2Fmedia&parent=191770"}],"wp:term":[{"taxonomy":"category","embeddable":true,"href":"https:\/\/diariodominicano.com\/index.php?rest_route=%2Fwp%2Fv2%2Fcategories&post=191770"},{"taxonomy":"post_tag","embeddable":true,"href":"https:\/\/diariodominicano.com\/index.php?rest_route=%2Fwp%2Fv2%2Ftags&post=191770"}],"curies":[{"name":"wp","href":"https:\/\/api.w.org\/{rel}","templated":true}]}}