{"id":191768,"date":"2007-12-28T03:59:10","date_gmt":"2007-12-28T03:59:10","guid":{"rendered":"http:\/\/diariodominicano.ddns.net\/?p=191768"},"modified":"2007-12-28T03:59:10","modified_gmt":"2007-12-28T03:59:10","slug":"movimiento-politico-claro-con-leonel-rechaza-declaraciones-de-vargas-maldonado","status":"publish","type":"post","link":"https:\/\/diariodominicano.com\/?p=191768","title":{"rendered":"Movimiento Pol\u00edtico \u00abClaro con Leonel\u00bb rechaza declaraciones de Vargas Maldonado"},"content":{"rendered":"<p><body><\/p>\n<p align=\"justify\" class=\"titulogrande1\"><strong>Movimiento Pol\u00edtico \u00abClaro con Leonel\u00bb rechaza declaraciones de Vargas Maldonado<\/strong><\/p>\n<p>&#13;<\/p>\n<p align=\"justify\" class=\"text1noticias\"><img loading=\"lazy\" decoding=\"async\" src=\"http:\/\/localhost:8080\/pictures\/juan avila abreu.jpg\" width=\"269\" height=\"356\" hspace=\"4\" align=\"left\" \/>El  Movimiento Pol\u00edtico \u201cClaro con Leonel\u201d,  refut\u00f3 las declaraciones del candidato presidencial del P.R.D., en el sentido  de que s\u00f3lo el presidente Fern\u00e1ndez y un grupo de sus funcionarios cerr\u00f3 el presente a\u00f1o con bonanza y holgura econ\u00f3mica.<br \/>&#13;<br \/>\n  <br \/>&#13;<br \/>\n  El  presidente de \u00a0\u201cClaro con Leonel\u201d, Juan \u00c1vila Abreu, dijo que las declaraciones de Vargas Maldonado son una muestra de  desesperaci\u00f3n, ya que el candidato no ha podido superar en las encuestas,\u00a0 la votaci\u00f3n del Ing. Hip\u00f3lito Mej\u00eda, quedando demostrado con ello, que en materia  de preferencia electoral no le ha sumado nada al opositor Partido  Revolucionario Dominicano. <br \/>&#13;<br \/>\n  <br \/>&#13;<br \/>\n  En  ese mismo tenor, \u00c1vila expres\u00f3  que\u00a0 si los prerredeistas comparan la  votaci\u00f3n que obtuvo el expresidente Mej\u00eda en mayo del 2004, con los porcentajes preferenciales alcanzados hasta el  momento por el exsecretario de Estado de \u00a0Obras P\u00fablicas\u00a0  y Comunicaciones,\u00a0 se concienciaran\u00a0 que esa organizaci\u00f3n no tiene ning\u00fan tipo de  esperanzas de salir airosa en los venideros comicios.<br \/>&#13;<br \/>\n  <br \/>&#13;<br \/>\n  Continuando  con su critica el se\u00f1or \u00c1vila asever\u00f3\u00a0 \u201cEl Ing. Maldonado se equivoc\u00f3 al decir que el presidente y sus  funcionarios cerraron el a\u00f1o en bonanza, ya que para nadie es un secreto que  las tormentas que azotaron el pa\u00eds,\u00a0 dej\u00f3  a la gente del\u00a0 pueblo y a los  agricultores en dificultades, pero que a\u00fan as\u00ed,\u00a0  en la naci\u00f3n se vive mejor que cuando Hip\u00f3lito y que ya las cotizaciones tienen vigencia por un mes y no  por una hora, como suced\u00eda en el cuatrienio 2000\/2004\u201d. <br \/>&#13;<br \/>\n  <br \/>&#13;<br \/>\n  El  abanderado del presidente Fern\u00e1ndez,  \u00a0lament\u00f3 por otro lado la falta de  gesti\u00f3n del partido blanco, quienes quieren mantener en la palestra un tema que  hace meses perdi\u00f3 vigencia y que pas\u00f3 sin penas y sin gloria.<\/p>\n<p>&#13;<\/p>\n<h6> 2007-12-28 03:59:10 <\/h6>\n<p><!--\n<link rel=\"stylesheet\" href=\"css\/bootstrap.min.css\">\n\n\n<ul class=\"pagination\">\n\t    \n\t\n\n<li >\n\t<a href='?page_no=34515'>Previous<\/a>\n\t<\/li>\n\n\n       \n    \n\n<li><a href='?page_no=1'>1<\/a><\/li>\n\n\n\n<li><a href='?page_no=2'>2<\/a><\/li>\n\n\n\n<li><a>...<\/a><\/li>\n\n\n\n<li><a href='?page_no=34514'>34514<\/a><\/li>\n\n\n\n<li><a href='?page_no=34515'>34515<\/a><\/li>\n\n\n\n<li class='active'><a>34516<\/a><\/li>\n\n\n\n<li><a href='?page_no=34517'>34517<\/a><\/li>\n\n\n\n<li><a href='?page_no=34518'>34518<\/a><\/li>\n\n\n\n<li><a>...<\/a><\/li>\n\n\n\n<li><a href='?page_no=36999'>36999<\/a><\/li>\n\n\n\n<li><a href='?page_no=37000'>37000<\/a><\/li>\n\n    \n\t\n\n<li >\n\t<a href='?page_no=34517'>Next<\/a>\n\t<\/li>\n\n\n    \n\n<li><a href='?page_no=37000'>Last &rsaquo;&rsaquo;<\/a><\/li>\n\n<\/ul>\n\n\n--><br \/>\n<\/body><\/p>\n","protected":false},"excerpt":{"rendered":"<p>Movimiento Pol\u00edtico \u00abClaro con Leonel\u00bb rechaza declaraciones de Vargas Maldonado &#13; El Movimiento Pol\u00edtico \u201cClaro con Leonel\u201d, refut\u00f3 las declaraciones del candidato presidencial del P.R.D., en el sentido de que s\u00f3lo el presidente Fern\u00e1ndez y un grupo de sus funcionarios cerr\u00f3 el presente a\u00f1o con bonanza y holgura econ\u00f3mica.&#13; &#13; El presidente de \u00a0\u201cClaro con [&hellip;]<\/p>\n","protected":false},"author":3,"featured_media":0,"comment_status":"open","ping_status":"open","sticky":false,"template":"","format":"standard","meta":{"footnotes":""},"categories":[22],"tags":[],"class_list":["post-191768","post","type-post","status-publish","format-standard","hentry","category-politica"],"_links":{"self":[{"href":"https:\/\/diariodominicano.com\/index.php?rest_route=\/wp\/v2\/posts\/191768","targetHints":{"allow":["GET"]}}],"collection":[{"href":"https:\/\/diariodominicano.com\/index.php?rest_route=\/wp\/v2\/posts"}],"about":[{"href":"https:\/\/diariodominicano.com\/index.php?rest_route=\/wp\/v2\/types\/post"}],"author":[{"embeddable":true,"href":"https:\/\/diariodominicano.com\/index.php?rest_route=\/wp\/v2\/users\/3"}],"replies":[{"embeddable":true,"href":"https:\/\/diariodominicano.com\/index.php?rest_route=%2Fwp%2Fv2%2Fcomments&post=191768"}],"version-history":[{"count":0,"href":"https:\/\/diariodominicano.com\/index.php?rest_route=\/wp\/v2\/posts\/191768\/revisions"}],"wp:attachment":[{"href":"https:\/\/diariodominicano.com\/index.php?rest_route=%2Fwp%2Fv2%2Fmedia&parent=191768"}],"wp:term":[{"taxonomy":"category","embeddable":true,"href":"https:\/\/diariodominicano.com\/index.php?rest_route=%2Fwp%2Fv2%2Fcategories&post=191768"},{"taxonomy":"post_tag","embeddable":true,"href":"https:\/\/diariodominicano.com\/index.php?rest_route=%2Fwp%2Fv2%2Ftags&post=191768"}],"curies":[{"name":"wp","href":"https:\/\/api.w.org\/{rel}","templated":true}]}}