{"id":191767,"date":"2007-12-28T16:11:16","date_gmt":"2007-12-28T16:11:16","guid":{"rendered":"http:\/\/diariodominicano.ddns.net\/?p=191767"},"modified":"2007-12-28T16:11:16","modified_gmt":"2007-12-28T16:11:16","slug":"son-nombrados-en-el-gobierno-los-reformistas-licelot-marte-y-nazir-tejada","status":"publish","type":"post","link":"https:\/\/diariodominicano.com\/?p=191767","title":{"rendered":"Son nombrados en el Gobierno los reformistas Licelot Marte y Nazir Tejada"},"content":{"rendered":"<p><body><\/p>\n<p align=\"justify\" class=\"titulogrande1\"><strong>Son nombrados en el Gobierno los  reformistas Licelot Marte y Nazir Tejada <\/strong><\/p>\n<p>&#13;<\/p>\n<p align=\"justify\" class=\"text1noticias\"><strong>SANTO  DOMINGO.-<\/strong> El presidente Leonel Fern\u00e1ndez continu\u00f3 integrando a la administraci\u00f3n  p\u00fablica a reformistas, correspondi\u00e9ndole en esta ocasi\u00f3n a Licelot Marte de  Barrios\u00a0 y el general retirado Camilo Antonio Nazir Tejada.<\/p>\n<p>&#13;<\/p>\n<p align=\"justify\" class=\"text1noticias\">El jefe de Estado design\u00f3 jueves a la  dirigente reformista Licelot Marte de Barrios para presidir el Consejo  Directivo de la Empresa  de Transmisi\u00f3n El\u00e9ctrica Dominicana (ETED).<\/p>\n<p>&#13;<\/p>\n<p align=\"justify\" class=\"text1noticias\">Marte  de Barrios, quien hace un tiempo renunci\u00f3 como miembro de la Comisi\u00f3n Pol\u00edtica  del Partido Reformista, es una dirigente activa y de renombre de ese partido,  aunque todav\u00eda no se ha sumado a la campa\u00f1a del candidato presidencial Amable  Aristy Castro.<\/p>\n<p>&#13;<\/p>\n<p align=\"justify\" class=\"text1noticias\">Otro  dirigente reformista que pasa a realizar una funci\u00f3n p\u00fablica por disposici\u00f3n  del presidente Fern\u00e1ndez es Rafael Collado, designado miembro del Consejo  Directivo de ETED.<\/p>\n<p>&#13;<\/p>\n<p align=\"justify\" class=\"text1noticias\">Asimismo,  el general retirado Camilo Antonio Nazir Tejada fue nombrado miembro del  Consejo Directivo de la Empresa  de Generaci\u00f3n Hidroel\u00e9ctrica Dominicana (EGEHID).<\/p>\n<p>&#13;<\/p>\n<p align=\"justify\" class=\"text1noticias\">Aunque  no tiene militancia pol\u00edtica por su condici\u00f3n de militar, Nazir Tejada fue un  hombre de confianza del extinto Joaqu\u00edn Balaguer y en los gobiernos reformistas  desempe\u00f1\u00f3 funciones importantes.<\/p>\n<p>&#13;<\/p>\n<p align=\"justify\" class=\"text1noticias\">En  los diez a\u00f1os de la \u00faltima administraci\u00f3n reformista lleg\u00f3 a ser jefe de la Polic\u00eda Nacional, administrador de Bienes Nacionales, del aeropuerto internacional Las Am\u00e9ricas,  jefe de la Marina  de Guerra y subsecretario de las Fuerzas Armadas.<\/p>\n<p>&#13;<\/p>\n<p align=\"justify\" class=\"text1noticias\">De  igual modo el mandatario design\u00f3 al ex gobernador del Banco Central en la  administraci\u00f3n de Salvador Jorge Blanco,\u00a0  Jos\u00e9 Santos Taveras, presidente del Consejo Directivo de la Empresa de la Generaci\u00f3n Hidroel\u00e9ctrica  Dominicana.<\/p>\n<p>&#13;<\/p>\n<p align=\"justify\" class=\"text1noticias\">El  empresario Santos Taveras, quien adem\u00e1s fue superintendente de Bancos en el  gobierno de Jorge Blanco, es el propietario de la distribuidora de agua  \u201cPlaneta Azul\u201d.<\/p>\n<p>&#13;<\/p>\n<p align=\"justify\" class=\"text1noticias\">Ram\u00f3n  Lantigua Laureano, ex dirigente perrede\u00edsta del ala que lideraba el extinto  Jacobo Majluta, fue nombrado tambi\u00e9n miembro de la ETED.<\/p>\n<p>&#13;<\/p>\n<p align=\"justify\" class=\"text1noticias\">Hace  un tiempo, durante los \u00faltimos diez a\u00f1os de gesti\u00f3n reformista, Lantigua  Laureano se desempe\u00f1\u00f3 como juez de la   Corte de Apelaci\u00f3n de Santo Domingo.<\/p>\n<p>&#13;<\/p>\n<h6> 2007-12-28 16:11:16 <\/h6>\n<p><!--\n<link rel=\"stylesheet\" href=\"css\/bootstrap.min.css\">\n\n\n<ul class=\"pagination\">\n\t    \n\t\n\n<li >\n\t<a href='?page_no=34514'>Previous<\/a>\n\t<\/li>\n\n\n       \n    \n\n<li><a href='?page_no=1'>1<\/a><\/li>\n\n\n\n<li><a href='?page_no=2'>2<\/a><\/li>\n\n\n\n<li><a>...<\/a><\/li>\n\n\n\n<li><a href='?page_no=34513'>34513<\/a><\/li>\n\n\n\n<li><a href='?page_no=34514'>34514<\/a><\/li>\n\n\n\n<li class='active'><a>34515<\/a><\/li>\n\n\n\n<li><a href='?page_no=34516'>34516<\/a><\/li>\n\n\n\n<li><a href='?page_no=34517'>34517<\/a><\/li>\n\n\n\n<li><a>...<\/a><\/li>\n\n\n\n<li><a href='?page_no=36999'>36999<\/a><\/li>\n\n\n\n<li><a href='?page_no=37000'>37000<\/a><\/li>\n\n    \n\t\n\n<li >\n\t<a href='?page_no=34516'>Next<\/a>\n\t<\/li>\n\n\n    \n\n<li><a href='?page_no=37000'>Last &rsaquo;&rsaquo;<\/a><\/li>\n\n<\/ul>\n\n\n--><br \/>\n<\/body><\/p>\n","protected":false},"excerpt":{"rendered":"<p>Son nombrados en el Gobierno los reformistas Licelot Marte y Nazir Tejada &#13; SANTO DOMINGO.- El presidente Leonel Fern\u00e1ndez continu\u00f3 integrando a la administraci\u00f3n p\u00fablica a reformistas, correspondi\u00e9ndole en esta ocasi\u00f3n a Licelot Marte de Barrios\u00a0 y el general retirado Camilo Antonio Nazir Tejada. &#13; El jefe de Estado design\u00f3 jueves a la dirigente reformista [&hellip;]<\/p>\n","protected":false},"author":3,"featured_media":0,"comment_status":"open","ping_status":"open","sticky":false,"template":"","format":"standard","meta":{"footnotes":""},"categories":[22],"tags":[],"class_list":["post-191767","post","type-post","status-publish","format-standard","hentry","category-politica"],"_links":{"self":[{"href":"https:\/\/diariodominicano.com\/index.php?rest_route=\/wp\/v2\/posts\/191767","targetHints":{"allow":["GET"]}}],"collection":[{"href":"https:\/\/diariodominicano.com\/index.php?rest_route=\/wp\/v2\/posts"}],"about":[{"href":"https:\/\/diariodominicano.com\/index.php?rest_route=\/wp\/v2\/types\/post"}],"author":[{"embeddable":true,"href":"https:\/\/diariodominicano.com\/index.php?rest_route=\/wp\/v2\/users\/3"}],"replies":[{"embeddable":true,"href":"https:\/\/diariodominicano.com\/index.php?rest_route=%2Fwp%2Fv2%2Fcomments&post=191767"}],"version-history":[{"count":0,"href":"https:\/\/diariodominicano.com\/index.php?rest_route=\/wp\/v2\/posts\/191767\/revisions"}],"wp:attachment":[{"href":"https:\/\/diariodominicano.com\/index.php?rest_route=%2Fwp%2Fv2%2Fmedia&parent=191767"}],"wp:term":[{"taxonomy":"category","embeddable":true,"href":"https:\/\/diariodominicano.com\/index.php?rest_route=%2Fwp%2Fv2%2Fcategories&post=191767"},{"taxonomy":"post_tag","embeddable":true,"href":"https:\/\/diariodominicano.com\/index.php?rest_route=%2Fwp%2Fv2%2Ftags&post=191767"}],"curies":[{"name":"wp","href":"https:\/\/api.w.org\/{rel}","templated":true}]}}