{"id":191766,"date":"2007-12-29T18:23:51","date_gmt":"2007-12-29T18:23:51","guid":{"rendered":"http:\/\/diariodominicano.ddns.net\/?p=191766"},"modified":"2007-12-29T18:23:51","modified_gmt":"2007-12-29T18:23:51","slug":"miguel-vargas-dice-pueblo-derrotara-pretensiones-reeleccionisita-lf-en-las-urnas","status":"publish","type":"post","link":"https:\/\/diariodominicano.com\/?p=191766","title":{"rendered":"Miguel Vargas dice pueblo derrotar\u00e1 pretensiones reeleccionisita LF en las urnas."},"content":{"rendered":"<p><body><\/p>\n<p align=\"justify\" class=\"titulogrande1\">Miguel  Vargas dice pueblo derrotar\u00e1 pretensiones reeleccionisita LF en las  urnas<\/p>\n<p>&#13;<\/p>\n<p align=\"justify\" class=\"text1noticias\"><img loading=\"lazy\" decoding=\"async\" src=\"http:\/\/localhost:8080\/pictures\/vargas miguel.jpg\" width=\"269\" height=\"301\" hspace=\"4\" align=\"left\" \/>El  ingeniero Miguel Vargas afirm\u00f3 ayer en San Crist\u00f3bal que el pueblo dominicano  derrotar\u00e1 en las urnas las pretensiones reeleccionistas del presidente Leonel  Fern\u00e1ndez para revertir el proceso de empobrecimiento y atraso que representa  para el pa\u00eds el mandatario, al que calific\u00f3 de \u00abpresidente indolente e  ineficaz.\u00bb <br \/>&#13;<br \/>\n  <br \/>&#13;<br \/>\n  Asegur\u00f3  que \u00abtodos hemos visto al presidente Fern\u00e1ndez usar, como nunca se hab\u00eda  hecho en este pa\u00eds, los recursos que el pueblo paga en impuestos para sonsacar  a dirigentes de los partidos de oposici\u00f3n y sumarlos a su ambicioso proyecto  reeleccionista, con lo que afecta la integridad de los partidos y amenaza la  institucionalidad democr\u00e1tica del pa\u00eds\u00bb, se\u00f1al\u00f3. <br \/>&#13;<br \/>\n  <br \/>&#13;<br \/>\n  Exhort\u00f3  a los dominicanos y dominicanas a observar con mucha atenci\u00f3n esa conducta del  doctor Fern\u00e1ndez, ya que repite la ambici\u00f3n desatada de algunos gobernantes  dominicanos que ha sido la causa fundamental de la corrupci\u00f3n, los abusos de  poder y el grave deterioro que acusa nuestro sistema institucional, cuando  vamos a cumplir ya 164 a\u00f1os de vida republicana. <br \/>&#13;<br \/>\n  <br \/>&#13;<br \/>\n  La  secuencia de graves esc\u00e1ndalos de corrupci\u00f3n que han envuelto a la presente  administraci\u00f3n, cuya manifestaci\u00f3n m\u00e1s espectacular es la contrataci\u00f3n, a  escondidas del pa\u00eds, de un pr\u00e9stamos por m\u00e1s de 4 mil 290 millones de pesos,  s\u00f3lo puede \u00abexplicarse\u00bb en funci\u00f3n de la ambici\u00f3n reeleccionista del  presidente Fern\u00e1ndez, precis\u00f3. <br \/>&#13;<br \/>\n  <br \/>&#13;<br \/>\n  \u00abEn  cuanto a los abusos de poder\u00bb, puntualiz\u00f3, \u00abobs\u00e9rvese la acci\u00f3n del  doctor Fern\u00e1ndez de recortar el presupuesto a los ayuntamientos, a la Suprema Corte de  Justicia, a la Junta   Central Electoral y a otras entidades, como parte de una  maniobra directamente involucrada con los planes de materializar su ambici\u00f3n  reeleccionista\u00bb. <br \/>&#13;<br \/>\n  <br \/>&#13;<br \/>\n  Apunt\u00f3  que el deterioro institucional se verifica cuando el propio presidente  Fern\u00e1ndez viola la   Constituci\u00f3n de la Rep\u00fablica, incumple las leyes y convierte la  independencia de los poderes del Estado en una caricatura propia de la  saturante campa\u00f1a propagand\u00edstica con la que pretende adormecer la conciencia  de la gente. <br \/>&#13;<br \/>\n  <br \/>&#13;<br \/>\n  <strong>Retroceso <\/strong> <br \/>&#13;<br \/>\n  <br \/>&#13;<br \/>\n  Dijo  que en cuanto a la indolencia y la ineficacia del presidente candidato, s\u00f3lo  debemos ver que la inversi\u00f3n en educaci\u00f3n y en pol\u00edticas sociales que incluye  en su Presupuesto de la Naci\u00f3n  para el pr\u00f3ximo a\u00f1o, caen por debajo del a\u00f1o que concluye y nos coloca a la  zaga de naciones con menos potencial de desarrollo que nuestro pa\u00eds. <br \/>&#13;<br \/>\n  <br \/>&#13;<br \/>\n  \u00abEsto  quiere decir que en la lucha contra la pobreza y en capacitar al pa\u00eds para los  retos y desaf\u00edos que tiene por delante la Rep\u00fablica Dominicana,  incluyendo el fomento de la competitividad de toda nuestra estructura  productiva, el presidente candidato es todo un monumento a la indolencia y la  incapacidad, pese a que va a contar con un presupuesto de 300 mil millones de  pesos, el m\u00e1s grande de toda nuestra historia\u00bb. manifest\u00f3 <br \/>&#13;<br \/>\n  <br \/>&#13;<br \/>\n  Advirti\u00f3  que \u00aben realidad, el doctor Fern\u00e1ndez evidencia en cada una de sus  acciones que a \u00e9l s\u00f3lo le interesa tratar de cumplir su ambici\u00f3n  reeleccionista, y no le importa cuantos desaciertos y desprop\u00f3sitos tenga que  llevar a cabo\u00bb. <br \/>&#13;<br \/>\n  <br \/>&#13;<br \/>\n  \u00abSin embargo\u00bb, enfatizo, \u00abhemos decidido darle un giro profundo  al panorama de deterioro social e institucional en que el presidente candidato  ha sumido al pa\u00eds, y es por eso que estamos suscribiendo los compromisos\u00a0  y articulando los consensos y alianzas con que a partir del 16 de agosto vamos  a inaugurar una nueva etapa de la historia republicana\u00bb. <br \/>&#13;<br \/>\n  <br \/>&#13;<br \/>\n  Dijo  que en ese proceso el Estado se constituir\u00e1 en un facilitador del desarrollo,  en un estimulador de los sectores productivos y en un auspiciador del respeto a  la Constituci\u00f3n  y las leyes, as\u00ed como en un promotor del fortalecimiento de nuestro sistema de  partidos, como base de la democracia. <\/p>\n<p>&#13;<\/p>\n<h6> 2007-12-29 18:23:51 <\/h6>\n<p><!--\n<link rel=\"stylesheet\" href=\"css\/bootstrap.min.css\">\n\n\n<ul class=\"pagination\">\n\t    \n\t\n\n<li >\n\t<a href='?page_no=34513'>Previous<\/a>\n\t<\/li>\n\n\n       \n    \n\n<li><a href='?page_no=1'>1<\/a><\/li>\n\n\n\n<li><a href='?page_no=2'>2<\/a><\/li>\n\n\n\n<li><a>...<\/a><\/li>\n\n\n\n<li><a href='?page_no=34512'>34512<\/a><\/li>\n\n\n\n<li><a href='?page_no=34513'>34513<\/a><\/li>\n\n\n\n<li class='active'><a>34514<\/a><\/li>\n\n\n\n<li><a href='?page_no=34515'>34515<\/a><\/li>\n\n\n\n<li><a href='?page_no=34516'>34516<\/a><\/li>\n\n\n\n<li><a>...<\/a><\/li>\n\n\n\n<li><a href='?page_no=36999'>36999<\/a><\/li>\n\n\n\n<li><a href='?page_no=37000'>37000<\/a><\/li>\n\n    \n\t\n\n<li >\n\t<a href='?page_no=34515'>Next<\/a>\n\t<\/li>\n\n\n    \n\n<li><a href='?page_no=37000'>Last &rsaquo;&rsaquo;<\/a><\/li>\n\n<\/ul>\n\n\n--><br \/>\n<\/body><\/p>\n","protected":false},"excerpt":{"rendered":"<p>Miguel Vargas dice pueblo derrotar\u00e1 pretensiones reeleccionisita LF en las urnas &#13; El ingeniero Miguel Vargas afirm\u00f3 ayer en San Crist\u00f3bal que el pueblo dominicano derrotar\u00e1 en las urnas las pretensiones reeleccionistas del presidente Leonel Fern\u00e1ndez para revertir el proceso de empobrecimiento y atraso que representa para el pa\u00eds el mandatario, al que calific\u00f3 de [&hellip;]<\/p>\n","protected":false},"author":3,"featured_media":0,"comment_status":"open","ping_status":"open","sticky":false,"template":"","format":"standard","meta":{"footnotes":""},"categories":[22],"tags":[],"class_list":["post-191766","post","type-post","status-publish","format-standard","hentry","category-politica"],"_links":{"self":[{"href":"https:\/\/diariodominicano.com\/index.php?rest_route=\/wp\/v2\/posts\/191766","targetHints":{"allow":["GET"]}}],"collection":[{"href":"https:\/\/diariodominicano.com\/index.php?rest_route=\/wp\/v2\/posts"}],"about":[{"href":"https:\/\/diariodominicano.com\/index.php?rest_route=\/wp\/v2\/types\/post"}],"author":[{"embeddable":true,"href":"https:\/\/diariodominicano.com\/index.php?rest_route=\/wp\/v2\/users\/3"}],"replies":[{"embeddable":true,"href":"https:\/\/diariodominicano.com\/index.php?rest_route=%2Fwp%2Fv2%2Fcomments&post=191766"}],"version-history":[{"count":0,"href":"https:\/\/diariodominicano.com\/index.php?rest_route=\/wp\/v2\/posts\/191766\/revisions"}],"wp:attachment":[{"href":"https:\/\/diariodominicano.com\/index.php?rest_route=%2Fwp%2Fv2%2Fmedia&parent=191766"}],"wp:term":[{"taxonomy":"category","embeddable":true,"href":"https:\/\/diariodominicano.com\/index.php?rest_route=%2Fwp%2Fv2%2Fcategories&post=191766"},{"taxonomy":"post_tag","embeddable":true,"href":"https:\/\/diariodominicano.com\/index.php?rest_route=%2Fwp%2Fv2%2Ftags&post=191766"}],"curies":[{"name":"wp","href":"https:\/\/api.w.org\/{rel}","templated":true}]}}