{"id":191765,"date":"2007-12-29T19:53:41","date_gmt":"2007-12-29T19:53:41","guid":{"rendered":"http:\/\/diariodominicano.ddns.net\/?p=191765"},"modified":"2007-12-29T19:53:41","modified_gmt":"2007-12-29T19:53:41","slug":"vargas-maldonado-dice-gobierno-abandona-la-region-sur","status":"publish","type":"post","link":"https:\/\/diariodominicano.com\/?p=191765","title":{"rendered":"Vargas Maldonado dice Gobierno abandona la regi\u00f3n Sur"},"content":{"rendered":"<p><body><\/p>\n<p class=\"titulogrande1\">Vargas Maldonado dice Gobierno abandona  la regi\u00f3n Sur<\/p>\n<p>&#13;<\/p>\n<p align=\"justify\" class=\"text1noticias\"><strong>Santo  Domingo.-<\/strong> El ingeniero Miguel Vargas responsabiliz\u00f3 al presidente Leonel  Fern\u00e1ndez de abandonar a su suerte \u00a0a la regi\u00f3n Sur del pa\u00eds, en la que  \u201cno ha hecho inversiones que sirvieran de apoyo a las iniciativas que en  favor de estas provincias han tenido destacados empresarios de la zona\u201d.<br \/>&#13;<br \/>\n  <br \/>&#13;<br \/>\n  Dijo  que en agosto se cumplir\u00e1n 8 a\u00f1os de gobierno casi consecutivos de Leonel  Fern\u00e1ndez, pero en ese largo ejercicio del poder no ha cambiado las condiciones  de pobreza en que vive la mayor\u00eda de los sure\u00f1os, no ha sido capaz de bajarles  el alto costo de la vida, ni ha incrementado el empleo, ni les ha mejorado la  educaci\u00f3n, ni la salud ni les ha dotado de otros servicios que mejoren su  calidad de vida.<br \/>&#13;<br \/>\n  <br \/>&#13;<br \/>\nAdvirti\u00f3  que los dos gobiernos de Fern\u00e1ndez tampoco le han servido para darle un fuerte  impulso a las actividades productivas de los peque\u00f1os, medianos y grandes  empresarios del Sur, que son los que generan empleos y riquezas y mejoran las  condiciones de vida de la gente.<br \/>&#13;<br \/>\n<br \/>&#13;<br \/>\nVargas  habl\u00f3 tras sostener un encuentro en el que estuvieron presentes el presidente  del Comit\u00e9 Agropecuario Unitario, Manuel Matos P\u00e9rez; Bol\u00edvar Alc\u00e1ntara y  Francisco B\u00e1ez, as\u00ed como representantes de las 15 asociaciones que agrupa, que  a su vez tiene una n\u00f3mina de m\u00e1s de 1,500 productores. La actividad fue  organizada por Osmar Ben\u00edtez, quien colabora con el candidato presidencial  perrede\u00edsta.<br \/>&#13;<br \/>\n<br \/>&#13;<br \/>\nAl  cuestionar lo que denominara desamparo en que el presidente Fern\u00e1ndez \u201cmantiene  al Sur, como a las dem\u00e1s regiones del pa\u00eds\u201d, precis\u00f3 que ello se debe en que al  elaborar el Presupuesto de la   Naci\u00f3n el doctor Leonel Fern\u00e1ndez no incluye partidas  presupuestarias que impulsen el desarrollo de manera descentralizada, ya que  invierte en la Capital  los recursos que los sure\u00f1os y los pobladores del resto del pa\u00eds pagan  con impuestos, y los invierte en obras que no impactan en las diferentes  regiones del pa\u00eds.<br \/>&#13;<br \/>\n<br \/>&#13;<br \/>\nPuso  de ejemplo que en el presupuesto del pr\u00f3ximo a\u00f1o el presidente incluye un  pr\u00e9stamo por cerca de 700 millones de pesos para supuestamente modernizar la  secretaria de Hacienda, incluye otro pr\u00e9stamo por 3 mil \u00a0millones de pesos  \u00a0para comprar los aviones S\u00faper Tucano, que seg\u00fan informes contundentes  est\u00e1n sobrevaluados, en una operaci\u00f3n que se realiza de manera poco  transparente.<br \/>&#13;<br \/>\n<br \/>&#13;<br \/>\nDestac\u00f3  que conforme han denunciado los voceros del PRD en la C\u00e1mara de Diputados en el  Presupuesto del pr\u00f3ximo a\u00f1o se consignan RD$12 mil millones m\u00e1s para la  construcci\u00f3n del Metro de Santo Domingo, mientras la secretar\u00eda de Agricultura  apenas recibir\u00e1 RD$6 mil 680 mil millones, a pesar de los da\u00f1os causados por  las tormentas Noel y Olga.<br \/>&#13;<br \/>\n<br \/>&#13;<br \/>\n  <strong>Importaci\u00f3n de alimentos  malogra producci\u00f3n<\/strong><br \/>&#13;<br \/>\n  <br \/>&#13;<br \/>\n  Vargas  deplor\u00f3 la importaci\u00f3n de alimentos y se comprometi\u00f3 a aplicar un plan nacional  de desarrollo que tome como base los sectores agropecuario y ganadero, a fin de  garantizar la producci\u00f3n de alimentos para generar riquezas y combatir de forma  efectiva los niveles de pobreza del pa\u00eds.<br \/>&#13;<br \/>\n  <br \/>&#13;<br \/>\n  Durante  el encuentro Vargas dijo que para garantizar la producci\u00f3n alimentaria, un  gobierno suyo trabajar\u00eda de forma mancomunada con los productores agr\u00edcolas y  los ganaderos. \u00a0Conden\u00f3 que el pa\u00eds importe alimentos en detrimento de los  productores, a\u00fan cuando la Rep\u00fablica Dominicana tiene condiciones para ser  autosuficiente, acci\u00f3n \u00e9sta que atribuy\u00f3 a intereses particulares y a un  abandono progresivo del presidente Fern\u00e1ndez. <br \/>&#13;<br \/>\n  <br \/>&#13;<br \/>\n  Puso  de ejemplo el caso de la leche que se distribuye a trav\u00e9s del desayuno escolar,  la cual puede ser suministrada en su totalidad por los productores  nacionales,\u00a0 lo significar\u00eda un apoyo decidido y real del Estado a ese  sector. En su visita a San Juan, Vargas se reuni\u00f3 con cientos de dirigentes y  encargados de su campa\u00f1a electoral en esta provincia y El\u00edas Pi\u00f1a, quienes le  expresaron el compromiso de en el a\u00f1o 2008 profundizar los\u00a0 trabajos para  que gane las elecciones en primera vuelta. Tambi\u00e9n improvis\u00f3 una visita al  mercado municipal donde fue ovacionado y saludado por vendedores y compradores  de esa plaza.<br \/>&#13;<br \/>\n  <br \/>&#13;<br \/>\nLos  responsables de la campa\u00f1a y el candidato presidencial del PRD se reunieron en  los salones del Country Club de esta ciudad, con la asistencia, entre otros, de  Alfredo Pacheco, Lu\u00eds Manuel Lara, ex s\u00edndico de Sabaneta; los diputados David  Herrera, Henry Sarraff, as\u00ed como Tony del Villar, Nino Encarnaci\u00f3n, C\u00e9sar  Amador Ram\u00edrez, Alejandro Uribe Castillo, Nery Morillo, Angel Susana, Osvaldo  Canario, Ramona Claud\u00e9 y Paulino Rosario, s\u00edndico municipal de El\u00edas Pi\u00f1a.  <br \/>&#13;<br \/>\n<br \/>&#13;<br \/>\nEn horas de la tarde el candidato presidencial se traslad\u00f3 a la ciudad de  San Crist\u00f3bal donde se reuni\u00f3 con su equipo de campa\u00f1a y sostuvo contactos con  representativos de la vida sancristobalense.<\/p>\n<p>&#13;<\/p>\n<h6> 2007-12-29 19:53:41 <\/h6>\n<p><!--\n<link rel=\"stylesheet\" href=\"css\/bootstrap.min.css\">\n\n\n<ul class=\"pagination\">\n\t    \n\t\n\n<li >\n\t<a href='?page_no=34512'>Previous<\/a>\n\t<\/li>\n\n\n       \n    \n\n<li><a href='?page_no=1'>1<\/a><\/li>\n\n\n\n<li><a href='?page_no=2'>2<\/a><\/li>\n\n\n\n<li><a>...<\/a><\/li>\n\n\n\n<li><a href='?page_no=34511'>34511<\/a><\/li>\n\n\n\n<li><a href='?page_no=34512'>34512<\/a><\/li>\n\n\n\n<li class='active'><a>34513<\/a><\/li>\n\n\n\n<li><a href='?page_no=34514'>34514<\/a><\/li>\n\n\n\n<li><a href='?page_no=34515'>34515<\/a><\/li>\n\n\n\n<li><a>...<\/a><\/li>\n\n\n\n<li><a href='?page_no=36999'>36999<\/a><\/li>\n\n\n\n<li><a href='?page_no=37000'>37000<\/a><\/li>\n\n    \n\t\n\n<li >\n\t<a href='?page_no=34514'>Next<\/a>\n\t<\/li>\n\n\n    \n\n<li><a href='?page_no=37000'>Last &rsaquo;&rsaquo;<\/a><\/li>\n\n<\/ul>\n\n\n--><br \/>\n<\/body><\/p>\n","protected":false},"excerpt":{"rendered":"<p>Vargas Maldonado dice Gobierno abandona la regi\u00f3n Sur &#13; Santo Domingo.- El ingeniero Miguel Vargas responsabiliz\u00f3 al presidente Leonel Fern\u00e1ndez de abandonar a su suerte \u00a0a la regi\u00f3n Sur del pa\u00eds, en la que \u201cno ha hecho inversiones que sirvieran de apoyo a las iniciativas que en favor de estas provincias han tenido destacados empresarios [&hellip;]<\/p>\n","protected":false},"author":3,"featured_media":0,"comment_status":"open","ping_status":"open","sticky":false,"template":"","format":"standard","meta":{"footnotes":""},"categories":[22],"tags":[],"class_list":["post-191765","post","type-post","status-publish","format-standard","hentry","category-politica"],"_links":{"self":[{"href":"https:\/\/diariodominicano.com\/index.php?rest_route=\/wp\/v2\/posts\/191765","targetHints":{"allow":["GET"]}}],"collection":[{"href":"https:\/\/diariodominicano.com\/index.php?rest_route=\/wp\/v2\/posts"}],"about":[{"href":"https:\/\/diariodominicano.com\/index.php?rest_route=\/wp\/v2\/types\/post"}],"author":[{"embeddable":true,"href":"https:\/\/diariodominicano.com\/index.php?rest_route=\/wp\/v2\/users\/3"}],"replies":[{"embeddable":true,"href":"https:\/\/diariodominicano.com\/index.php?rest_route=%2Fwp%2Fv2%2Fcomments&post=191765"}],"version-history":[{"count":0,"href":"https:\/\/diariodominicano.com\/index.php?rest_route=\/wp\/v2\/posts\/191765\/revisions"}],"wp:attachment":[{"href":"https:\/\/diariodominicano.com\/index.php?rest_route=%2Fwp%2Fv2%2Fmedia&parent=191765"}],"wp:term":[{"taxonomy":"category","embeddable":true,"href":"https:\/\/diariodominicano.com\/index.php?rest_route=%2Fwp%2Fv2%2Fcategories&post=191765"},{"taxonomy":"post_tag","embeddable":true,"href":"https:\/\/diariodominicano.com\/index.php?rest_route=%2Fwp%2Fv2%2Ftags&post=191765"}],"curies":[{"name":"wp","href":"https:\/\/api.w.org\/{rel}","templated":true}]}}