{"id":191764,"date":"2007-12-29T20:09:21","date_gmt":"2007-12-29T20:09:21","guid":{"rendered":"http:\/\/diariodominicano.ddns.net\/?p=191764"},"modified":"2007-12-29T20:09:21","modified_gmt":"2007-12-29T20:09:21","slug":"fallece-dirige-pld-catalino-de-la-cruz-chucho","status":"publish","type":"post","link":"https:\/\/diariodominicano.com\/?p=191764","title":{"rendered":"Fallece dirige PLD Catalino de la Cruz (Chucho)"},"content":{"rendered":"<p><body><\/p>\n<p class=\"titulogrande1\">Fallece  dirige PLD Catalino de la Cruz  (Chucho)<\/p>\n<p>&#13;<\/p>\n<p align=\"justify\" class=\"text1noticias\"><strong>Santo Domingo.-<\/strong> El Partido  de la Liberaci\u00f3n   Dominicana expresa su pesar por el fallecimiento de su  dirigente nacional Catalino de la   Cruz (Chuch\u00fa), cuyo deceso se produjo la noche del jueves 27  en su residencia en la calle Correa y Cidr\u00f3n. <br \/>&#13;<br \/>\n  <br \/>&#13;<br \/>\nChuch\u00fa fue militar constitucionalista responsable del equipo de seguridad del  Profesor Juan Bosch y del Partido de la Liberaci\u00f3n Dominicana. <br \/>&#13;<br \/>\n<br \/>&#13;<br \/>\nSus restos fueron velados en la   Capilla B de la Funeraria Blandino y la tarde de este viernes  fueron sepultado en el Cementerio Cristo Redentor del Distrito Nacional. Le  sobreviven \u00a0su esposa Josefa, sus hijos Vladimir, Pedro Pablo, Rosario y  Nairobi. <br \/>&#13;<br \/>\n<br \/>&#13;<br \/>\nSu responsabilidad en el equipo de seguridad del PLD la compart\u00eda con la de  miembro del Comit\u00e9 Intermedio Antonio Duverg\u00e9 en Villas Agr\u00edcolas de Santo  Domingo y la coordinaci\u00f3n del \u00a0Movimiento Real Amigos de Leonel, \u00a0de  apoyo a la candidatura del Presidente Leonel Fern\u00e1ndez. <br \/>&#13;<br \/>\n<br \/>&#13;<br \/>\nDe la Cruz fue  del grupo de militares que se fue al exilio luego de la Revoluci\u00f3n de Abril de  1965. <br \/>&#13;<br \/>\n<br \/>&#13;<br \/>\nAunque no form\u00f3 parte del grupo Guerrillero de Playa Caracoles, fue entrenado  para el desembarco junto al coronel Francisco Alberto Caama\u00f1o De\u00f1\u00f3.\u00a0 <br \/>&#13;<br \/>\n<br \/>&#13;<br \/>\nChuch\u00fa padec\u00eda  de un carcinoma en la medula \u00f3sea \u00a0que lo manten\u00eda  alejado de las actividades pol\u00edticas y sociales, afecci\u00f3n que \u00a0finalmente  no pudo superar report\u00e1ndose su deceso en la noche del pasado jueves. <br \/>&#13;<br \/>\n<br \/>&#13;<br \/>\nLa Direcci\u00f3n  del PLD manifiesta su pesar por el fallecimiento de su dirigente Catalino de la Cruz e invita a sus  \u00a0miembros y militantes del Distrito Nacional y la Provincia de Santo  Domingo para dar el ultimo adi\u00f3s a quien consideran como un ejemplar y leal  militante, persona de la alta confianza del l\u00edder hist\u00f3rico del PLD, Profesor  Juan Bosch. <\/p>\n<p>&#13;<\/p>\n<h6> 2007-12-29 20:09:21 <\/h6>\n<p><!--\n<link rel=\"stylesheet\" href=\"css\/bootstrap.min.css\">\n\n\n<ul class=\"pagination\">\n\t    \n\t\n\n<li >\n\t<a href='?page_no=34511'>Previous<\/a>\n\t<\/li>\n\n\n       \n    \n\n<li><a href='?page_no=1'>1<\/a><\/li>\n\n\n\n<li><a href='?page_no=2'>2<\/a><\/li>\n\n\n\n<li><a>...<\/a><\/li>\n\n\n\n<li><a href='?page_no=34510'>34510<\/a><\/li>\n\n\n\n<li><a href='?page_no=34511'>34511<\/a><\/li>\n\n\n\n<li class='active'><a>34512<\/a><\/li>\n\n\n\n<li><a href='?page_no=34513'>34513<\/a><\/li>\n\n\n\n<li><a href='?page_no=34514'>34514<\/a><\/li>\n\n\n\n<li><a>...<\/a><\/li>\n\n\n\n<li><a href='?page_no=36999'>36999<\/a><\/li>\n\n\n\n<li><a href='?page_no=37000'>37000<\/a><\/li>\n\n    \n\t\n\n<li >\n\t<a href='?page_no=34513'>Next<\/a>\n\t<\/li>\n\n\n    \n\n<li><a href='?page_no=37000'>Last &rsaquo;&rsaquo;<\/a><\/li>\n\n<\/ul>\n\n\n--><br \/>\n<\/body><\/p>\n","protected":false},"excerpt":{"rendered":"<p>Fallece dirige PLD Catalino de la Cruz (Chucho) &#13; Santo Domingo.- El Partido de la Liberaci\u00f3n Dominicana expresa su pesar por el fallecimiento de su dirigente nacional Catalino de la Cruz (Chuch\u00fa), cuyo deceso se produjo la noche del jueves 27 en su residencia en la calle Correa y Cidr\u00f3n. &#13; &#13; Chuch\u00fa fue militar [&hellip;]<\/p>\n","protected":false},"author":3,"featured_media":0,"comment_status":"open","ping_status":"open","sticky":false,"template":"","format":"standard","meta":{"footnotes":""},"categories":[22],"tags":[],"class_list":["post-191764","post","type-post","status-publish","format-standard","hentry","category-politica"],"_links":{"self":[{"href":"https:\/\/diariodominicano.com\/index.php?rest_route=\/wp\/v2\/posts\/191764","targetHints":{"allow":["GET"]}}],"collection":[{"href":"https:\/\/diariodominicano.com\/index.php?rest_route=\/wp\/v2\/posts"}],"about":[{"href":"https:\/\/diariodominicano.com\/index.php?rest_route=\/wp\/v2\/types\/post"}],"author":[{"embeddable":true,"href":"https:\/\/diariodominicano.com\/index.php?rest_route=\/wp\/v2\/users\/3"}],"replies":[{"embeddable":true,"href":"https:\/\/diariodominicano.com\/index.php?rest_route=%2Fwp%2Fv2%2Fcomments&post=191764"}],"version-history":[{"count":0,"href":"https:\/\/diariodominicano.com\/index.php?rest_route=\/wp\/v2\/posts\/191764\/revisions"}],"wp:attachment":[{"href":"https:\/\/diariodominicano.com\/index.php?rest_route=%2Fwp%2Fv2%2Fmedia&parent=191764"}],"wp:term":[{"taxonomy":"category","embeddable":true,"href":"https:\/\/diariodominicano.com\/index.php?rest_route=%2Fwp%2Fv2%2Fcategories&post=191764"},{"taxonomy":"post_tag","embeddable":true,"href":"https:\/\/diariodominicano.com\/index.php?rest_route=%2Fwp%2Fv2%2Ftags&post=191764"}],"curies":[{"name":"wp","href":"https:\/\/api.w.org\/{rel}","templated":true}]}}