{"id":191763,"date":"2007-12-29T20:18:11","date_gmt":"2007-12-29T20:18:11","guid":{"rendered":"http:\/\/diariodominicano.ddns.net\/?p=191763"},"modified":"2007-12-29T20:18:11","modified_gmt":"2007-12-29T20:18:11","slug":"dirigente-pld-ve-trascendentales-avances-en-el-area-de-la-salud","status":"publish","type":"post","link":"https:\/\/diariodominicano.com\/?p=191763","title":{"rendered":"Dirigente PLD ve trascendentales avances en el \u00e1rea de la salud"},"content":{"rendered":"<p><body><\/p>\n<p class=\"titulogrande1\"><strong>Dirigente PLD ve  trascendentales avances en el \u00e1rea de la salud<\/strong><\/p>\n<p>&#13;<\/p>\n<p align=\"justify\" class=\"text1noticias\"><strong>Santo Domingo.- <\/strong>Lu\u00eds Ren\u00e9 Canaan , miembro del Comit\u00e9 Central del Partido  de la Liberaci\u00f3n   Dominicana (PLD), calific\u00f3 de trascendental para el  desarrollo del pa\u00eds, los avances del gobierno en materia de salud, lo que ha  obligado al presidente de la   Rep\u00fablica y del PLD, doctor Leonel Fern\u00e1ndez declarar el a\u00f1o  venidero como \u00abA\u00f1o Nacional de la Promoci\u00f3n de la Salud\u00bb. <\/p>\n<p>&#13;<\/p>\n<p align=\"justify\" class=\"text1noticias\">\u00abMostramos  nuestro agradecimiento y nuestro regocijo con el compa\u00f1ero Presidente del  partido y Presidente de la Rep\u00fablica, al haber  declarado el a\u00f1o 2008 como el A\u00f1o de Promoci\u00f3n de la Salud\u00bb, indic\u00f3 el  titular de la Secretar\u00eda  de Salud de la organizaci\u00f3n, al hablar para la tambi\u00e9n Secretaria de  Comunicaciones pelede\u00edsta.<\/p>\n<p>&#13;<\/p>\n<p align=\"justify\" class=\"text1noticias\">Asimismo el Senador del PLD por la Provincia Hermanas  Mirabal dijo que las inversiones en  salud han permitido la ampliaci\u00f3n de la cobertura m\u00e9dica a lugares donde los  dominicanos no ten\u00edan ninguna posibilidad de acceder.<\/p>\n<p>&#13;<\/p>\n<p align=\"justify\" class=\"text1noticias\">Precis\u00f3 que la  prueba de la importancia que da el gobierno al sector se manifiesta en las  m\u00faltiples infraestructuras ejecutadas. <\/p>\n<p>&#13;<\/p>\n<p align=\"justify\" class=\"text1noticias\">\u00abLa  terminaci\u00f3n del Hospital Metropolitano de Santiago, el de Los Alcarrizos, el  Traumatol\u00f3gico de La Vega,  bautizado con el nombre de Profesor Juan Bosch, y la ampliaci\u00f3n y reparaci\u00f3n de  decenas de centros de salud en todo el pa\u00eds\u00bb, sostuvo el dirigente  pelede\u00edsta. <\/p>\n<p>&#13;<\/p>\n<p align=\"justify\" class=\"text1noticias\"> Aclar\u00f3  que el decreto 706-07, que declara el a\u00f1o 2008 como \u00abEl A\u00f1o Nacional de la Promoci\u00f3n de la Salud\u00bb, designa a la Secretaria de Salud P\u00fablica  como la instituci\u00f3n responsable de  elaborar una programaci\u00f3n a nivel nacional, donde participen los sectores  p\u00fablico y privado, para su promoci\u00f3n.<\/p>\n<p>&#13;<\/p>\n<p align=\"justify\" class=\"text1noticias\">Reiter\u00f3 que la  citada declaraci\u00f3n es muestra del inter\u00e9s que continuamente han puesto las  presentes autoridades en materia de salud. <\/p>\n<p>&#13;<\/p>\n<p align=\"justify\" class=\"text1noticias\">De acuerdo con el  decreto presidencial, la promoci\u00f3n de la salud es una l\u00ednea prioritaria en la Pol\u00edtica de Salud del  Estado, basada en la Ley   General de Salud 42-01 y en la Ley del Sistema\u00a0Dominicano de Seguridad Social 87-01.<\/p>\n<p>&#13;<\/p>\n<p align=\"justify\" class=\"text1noticias\">El referido  decreto agrega que el pa\u00eds es signatario de la Carta de Ottawa, que reorienta los servicios de  salud dise\u00f1ados en las legislaciones de Salud y Seguridad Social, ya  mencionados. <\/p>\n<p>&#13;<\/p>\n<p align=\"justify\" class=\"text1noticias\">Expresa el decreto  presidencial, que \u00b4\u00b4en la promoci\u00f3n de la salud deber\u00e1n participar\u00a0 todas las instancias responsables de  garantizar la movilizaci\u00f3n social y de elaborar\u00a0  y aplicar\u00a0 las pol\u00edticas de salud,  lo que implica el involucramiento de todos los sectores de la sociedad\u00b4\u00b4. <\/p>\n<p>&#13;<\/p>\n<p align=\"justify\" class=\"text1noticias\">Sostiene el  decreto 706-07 que la promoci\u00f3n es una\u00a0\u00a0de las funciones esenciales de la salud p\u00fablica, prioritaria\u00a0 en el proceso de reforma que vive el sector  salud en la   Republica Dominicana.<\/p>\n<p>&#13;<\/p>\n<h6> 2007-12-29 20:18:11 <\/h6>\n<p><!--\n<link rel=\"stylesheet\" href=\"css\/bootstrap.min.css\">\n\n\n<ul class=\"pagination\">\n\t    \n\t\n\n<li >\n\t<a href='?page_no=34510'>Previous<\/a>\n\t<\/li>\n\n\n       \n    \n\n<li><a href='?page_no=1'>1<\/a><\/li>\n\n\n\n<li><a href='?page_no=2'>2<\/a><\/li>\n\n\n\n<li><a>...<\/a><\/li>\n\n\n\n<li><a href='?page_no=34509'>34509<\/a><\/li>\n\n\n\n<li><a href='?page_no=34510'>34510<\/a><\/li>\n\n\n\n<li class='active'><a>34511<\/a><\/li>\n\n\n\n<li><a href='?page_no=34512'>34512<\/a><\/li>\n\n\n\n<li><a href='?page_no=34513'>34513<\/a><\/li>\n\n\n\n<li><a>...<\/a><\/li>\n\n\n\n<li><a href='?page_no=36999'>36999<\/a><\/li>\n\n\n\n<li><a href='?page_no=37000'>37000<\/a><\/li>\n\n    \n\t\n\n<li >\n\t<a href='?page_no=34512'>Next<\/a>\n\t<\/li>\n\n\n    \n\n<li><a href='?page_no=37000'>Last &rsaquo;&rsaquo;<\/a><\/li>\n\n<\/ul>\n\n\n--><br \/>\n<\/body><\/p>\n","protected":false},"excerpt":{"rendered":"<p>Dirigente PLD ve trascendentales avances en el \u00e1rea de la salud &#13; Santo Domingo.- Lu\u00eds Ren\u00e9 Canaan , miembro del Comit\u00e9 Central del Partido de la Liberaci\u00f3n Dominicana (PLD), calific\u00f3 de trascendental para el desarrollo del pa\u00eds, los avances del gobierno en materia de salud, lo que ha obligado al presidente de la Rep\u00fablica y [&hellip;]<\/p>\n","protected":false},"author":3,"featured_media":0,"comment_status":"open","ping_status":"open","sticky":false,"template":"","format":"standard","meta":{"footnotes":""},"categories":[22],"tags":[],"class_list":["post-191763","post","type-post","status-publish","format-standard","hentry","category-politica"],"_links":{"self":[{"href":"https:\/\/diariodominicano.com\/index.php?rest_route=\/wp\/v2\/posts\/191763","targetHints":{"allow":["GET"]}}],"collection":[{"href":"https:\/\/diariodominicano.com\/index.php?rest_route=\/wp\/v2\/posts"}],"about":[{"href":"https:\/\/diariodominicano.com\/index.php?rest_route=\/wp\/v2\/types\/post"}],"author":[{"embeddable":true,"href":"https:\/\/diariodominicano.com\/index.php?rest_route=\/wp\/v2\/users\/3"}],"replies":[{"embeddable":true,"href":"https:\/\/diariodominicano.com\/index.php?rest_route=%2Fwp%2Fv2%2Fcomments&post=191763"}],"version-history":[{"count":0,"href":"https:\/\/diariodominicano.com\/index.php?rest_route=\/wp\/v2\/posts\/191763\/revisions"}],"wp:attachment":[{"href":"https:\/\/diariodominicano.com\/index.php?rest_route=%2Fwp%2Fv2%2Fmedia&parent=191763"}],"wp:term":[{"taxonomy":"category","embeddable":true,"href":"https:\/\/diariodominicano.com\/index.php?rest_route=%2Fwp%2Fv2%2Fcategories&post=191763"},{"taxonomy":"post_tag","embeddable":true,"href":"https:\/\/diariodominicano.com\/index.php?rest_route=%2Fwp%2Fv2%2Ftags&post=191763"}],"curies":[{"name":"wp","href":"https:\/\/api.w.org\/{rel}","templated":true}]}}