{"id":191761,"date":"2007-12-30T15:10:31","date_gmt":"2007-12-30T15:10:31","guid":{"rendered":"http:\/\/diariodominicano.ddns.net\/?p=191761"},"modified":"2007-12-30T15:10:31","modified_gmt":"2007-12-30T15:10:31","slug":"el-primero-de-enero-amable-aristy-iniciara-sus-actividades-de-2008-con-mensaje-al-pueblo-desde-tumba-de-balaguer","status":"publish","type":"post","link":"https:\/\/diariodominicano.com\/?p=191761","title":{"rendered":"El primero de Enero: Amable Aristy iniciar\u00e1 sus actividades de 2008 con mensaje al pueblo desde tumba de Balaguer"},"content":{"rendered":"<p><body><\/p>\n<p align=\"justify\" class=\"titulogrande1\"><strong>El primero de Enero:<\/strong> Amable Aristy iniciar\u00e1  sus actividades de 2008 con mensaje al  pueblo desde tumba de Balaguer<\/p>\n<p>&#13;<\/p>\n<p align=\"justify\" class=\"text1noticias\"><img loading=\"lazy\" decoding=\"async\" src=\"http:\/\/localhost:8080\/pictures\/amablearisty.jpg\" width=\"269\" height=\"320\" hspace=\"4\" align=\"left\" \/>El candidato presidencial del Partido Reformista  Social Cristiano (PRSC), Amable Aristy Castro, anunci\u00f3 que iniciar\u00e1 sus  actividades pol\u00edticas de 2008 el mismo primero de enero, con un mensaje que dirigir\u00e1  a la familia reformista y a todo el pueblo dominicano desde la tumba donde  reposan los restos del doctor Joaqu\u00edn Balaguer, en el cementerio Cristo  Redentor.<\/p>\n<p>&#13;<\/p>\n<p align=\"justify\" class=\"text1noticias\">Dijo que la actividad est\u00e1 convocada para las diez de  la ma\u00f1ana y a la misma asistir\u00e1n de familiares y amigos del extinto l\u00edder  reformista, as\u00ed como de las principales figuras de la agrupaci\u00f3n pol\u00edtica  opositora.<\/p>\n<p>&#13;<\/p>\n<p align=\"justify\" class=\"text1noticias\"> Explic\u00f3 que el mensaje busca estimular a la dirigencia  alta, media y de base del PRSC, as\u00ed como a los sectores populares y a la  sociedad en sentido general a\u00a0 sumarse al  trabajo pol\u00edtico para instaurar el Gobierno de los pobres.<\/p>\n<p>&#13;<\/p>\n<p align=\"justify\" class=\"text1noticias\">\u201cHoy m\u00e1s que nunca los dominicanos necesitan un  gobernante con sensibilidad humana que hable la verdad, que no mienta y ponga  el inter\u00e9s nacional por encima de los intereses particulares de peque\u00f1os grupos  de familiares y amigos\u201d, agreg\u00f3.<\/p>\n<p>&#13;<\/p>\n<p align=\"justify\" class=\"text1noticias\">Amable Aristy resalt\u00f3 asimismo que el pa\u00eds anhela un  gobierno que estreche las desigualdades, que cierre la enorme brecha entre los  pocos que todo los tienen y la inmensa mayor\u00eda que carece de todo.<\/p>\n<p>&#13;<\/p>\n<p align=\"justify\" class=\"text1noticias\">Dijo que el pueblo quiere una administraci\u00f3n como las  que encabez\u00f3 Balaguer, donde hab\u00eda estabilidad econ\u00f3mica y una justa distribuci\u00f3n  de la riqueza, dando prioridad a los problemas de los pobres, como viviendas,  agua potable, escuelas, hospitales, empleos y seguridad ciudadana.<\/p>\n<p>&#13;<\/p>\n<p align=\"justify\" class=\"text1noticias\">Adelant\u00f3, tambi\u00e9n, que ese mismo d\u00eda participar\u00e1 en la  tradicional concentraci\u00f3n nacional evang\u00e9lica, denominada \u201cLa Batalla de la Fe\u201d, que desde hace 44 a\u00f1os  celebra el pueblo cristiano de Rep\u00fablica Dominicana.<\/p>\n<p>&#13;<\/p>\n<p align=\"justify\" class=\"text1noticias\">Aristy Castro explic\u00f3 que fue invitado a la actividad  cristiana, que se llevar\u00e1 a cabo en Estadio Ol\u00edmpico, por el mismo pastor  Ezequiel Molina, a quien le prometi\u00f3 que estar\u00e1 en la misma desde el principio  hasta el final.<\/p>\n<p>&#13;<\/p>\n<h6> 2007-12-30 15:10:31 <\/h6>\n<p><!--\n<link rel=\"stylesheet\" href=\"css\/bootstrap.min.css\">\n\n\n<ul class=\"pagination\">\n\t    \n\t\n\n<li >\n\t<a href='?page_no=34508'>Previous<\/a>\n\t<\/li>\n\n\n       \n    \n\n<li><a href='?page_no=1'>1<\/a><\/li>\n\n\n\n<li><a href='?page_no=2'>2<\/a><\/li>\n\n\n\n<li><a>...<\/a><\/li>\n\n\n\n<li><a href='?page_no=34507'>34507<\/a><\/li>\n\n\n\n<li><a href='?page_no=34508'>34508<\/a><\/li>\n\n\n\n<li class='active'><a>34509<\/a><\/li>\n\n\n\n<li><a href='?page_no=34510'>34510<\/a><\/li>\n\n\n\n<li><a href='?page_no=34511'>34511<\/a><\/li>\n\n\n\n<li><a>...<\/a><\/li>\n\n\n\n<li><a href='?page_no=36999'>36999<\/a><\/li>\n\n\n\n<li><a href='?page_no=37000'>37000<\/a><\/li>\n\n    \n\t\n\n<li >\n\t<a href='?page_no=34510'>Next<\/a>\n\t<\/li>\n\n\n    \n\n<li><a href='?page_no=37000'>Last &rsaquo;&rsaquo;<\/a><\/li>\n\n<\/ul>\n\n\n--><br \/>\n<\/body><\/p>\n","protected":false},"excerpt":{"rendered":"<p>El primero de Enero: Amable Aristy iniciar\u00e1 sus actividades de 2008 con mensaje al pueblo desde tumba de Balaguer &#13; El candidato presidencial del Partido Reformista Social Cristiano (PRSC), Amable Aristy Castro, anunci\u00f3 que iniciar\u00e1 sus actividades pol\u00edticas de 2008 el mismo primero de enero, con un mensaje que dirigir\u00e1 a la familia reformista y [&hellip;]<\/p>\n","protected":false},"author":3,"featured_media":0,"comment_status":"open","ping_status":"open","sticky":false,"template":"","format":"standard","meta":{"footnotes":""},"categories":[22],"tags":[],"class_list":["post-191761","post","type-post","status-publish","format-standard","hentry","category-politica"],"_links":{"self":[{"href":"https:\/\/diariodominicano.com\/index.php?rest_route=\/wp\/v2\/posts\/191761","targetHints":{"allow":["GET"]}}],"collection":[{"href":"https:\/\/diariodominicano.com\/index.php?rest_route=\/wp\/v2\/posts"}],"about":[{"href":"https:\/\/diariodominicano.com\/index.php?rest_route=\/wp\/v2\/types\/post"}],"author":[{"embeddable":true,"href":"https:\/\/diariodominicano.com\/index.php?rest_route=\/wp\/v2\/users\/3"}],"replies":[{"embeddable":true,"href":"https:\/\/diariodominicano.com\/index.php?rest_route=%2Fwp%2Fv2%2Fcomments&post=191761"}],"version-history":[{"count":0,"href":"https:\/\/diariodominicano.com\/index.php?rest_route=\/wp\/v2\/posts\/191761\/revisions"}],"wp:attachment":[{"href":"https:\/\/diariodominicano.com\/index.php?rest_route=%2Fwp%2Fv2%2Fmedia&parent=191761"}],"wp:term":[{"taxonomy":"category","embeddable":true,"href":"https:\/\/diariodominicano.com\/index.php?rest_route=%2Fwp%2Fv2%2Fcategories&post=191761"},{"taxonomy":"post_tag","embeddable":true,"href":"https:\/\/diariodominicano.com\/index.php?rest_route=%2Fwp%2Fv2%2Ftags&post=191761"}],"curies":[{"name":"wp","href":"https:\/\/api.w.org\/{rel}","templated":true}]}}