{"id":191759,"date":"2007-12-30T18:14:14","date_gmt":"2007-12-30T18:14:14","guid":{"rendered":"http:\/\/diariodominicano.ddns.net\/?p=191759"},"modified":"2007-12-30T18:14:14","modified_gmt":"2007-12-30T18:14:14","slug":"peggy-cabral-expresa-pesar-por-asesinato-ex-primera-ministra-de-pakistan","status":"publish","type":"post","link":"https:\/\/diariodominicano.com\/?p=191759","title":{"rendered":"Peggy Cabral expresa pesar por asesinato ex Primera Ministra de Pakist\u00e1n"},"content":{"rendered":"<p><body><\/p>\n<div align=\"justify\"><span class=\"titulogrande1\">Peggy Cabral   expresa pesar por asesinato ex Primera Ministra de Pakist\u00e1n<\/span><br \/>&#13;<br \/>\n  <br \/>&#13;<br \/>\n  <span class=\"text1noticias\"><strong><img loading=\"lazy\" decoding=\"async\" src=\"http:\/\/localhost:8080\/pictures\/peggy con benazir.jpg\" width=\"269\" height=\"179\" hspace=\"4\" align=\"left\" \/>SANTO   DOMINGO.- <\/strong>La se\u00f1ora Peggy Cabral, Secretaria de Asuntos Internacionales del PRD   y productora del programa de television Conversando con Peggy , expresa pesar   por asesinato de ex Primera Ministra de Pakist\u00e1n Benazir Bhutto, asesinada este   jueves en Islamabad, la capital del pa\u00eds.<br \/>&#13;<br \/>\n  <br \/>&#13;<br \/>\n  Do\u00f1a Peggy coincidi\u00f3 con la dirigente pakistan\u00ed en un encuentro   mundial de la Internacional Socialista, celebrado en Ginebra, Suiza, en octubre   pasado en donde le hizo entrega de un ejemplar del libro Conversando con Peggy   el cual recoje la entrevista que le hiciera a la ex primera ministra. <\/span><br \/>&#13;\n<\/div>\n<p>&#13;<\/p>\n<h6> 2007-12-30 18:14:14 <\/h6>\n<p><!--\n<link rel=\"stylesheet\" href=\"css\/bootstrap.min.css\">\n\n\n<ul class=\"pagination\">\n\t    \n\t\n\n<li >\n\t<a href='?page_no=34506'>Previous<\/a>\n\t<\/li>\n\n\n       \n    \n\n<li><a href='?page_no=1'>1<\/a><\/li>\n\n\n\n<li><a href='?page_no=2'>2<\/a><\/li>\n\n\n\n<li><a>...<\/a><\/li>\n\n\n\n<li><a href='?page_no=34505'>34505<\/a><\/li>\n\n\n\n<li><a href='?page_no=34506'>34506<\/a><\/li>\n\n\n\n<li class='active'><a>34507<\/a><\/li>\n\n\n\n<li><a href='?page_no=34508'>34508<\/a><\/li>\n\n\n\n<li><a href='?page_no=34509'>34509<\/a><\/li>\n\n\n\n<li><a>...<\/a><\/li>\n\n\n\n<li><a href='?page_no=36999'>36999<\/a><\/li>\n\n\n\n<li><a href='?page_no=37000'>37000<\/a><\/li>\n\n    \n\t\n\n<li >\n\t<a href='?page_no=34508'>Next<\/a>\n\t<\/li>\n\n\n    \n\n<li><a href='?page_no=37000'>Last &rsaquo;&rsaquo;<\/a><\/li>\n\n<\/ul>\n\n\n--><br \/>\n<\/body><\/p>\n","protected":false},"excerpt":{"rendered":"<p>Peggy Cabral expresa pesar por asesinato ex Primera Ministra de Pakist\u00e1n&#13; &#13; SANTO DOMINGO.- La se\u00f1ora Peggy Cabral, Secretaria de Asuntos Internacionales del PRD y productora del programa de television Conversando con Peggy , expresa pesar por asesinato de ex Primera Ministra de Pakist\u00e1n Benazir Bhutto, asesinada este jueves en Islamabad, la capital del pa\u00eds.&#13; [&hellip;]<\/p>\n","protected":false},"author":3,"featured_media":0,"comment_status":"open","ping_status":"open","sticky":false,"template":"","format":"standard","meta":{"footnotes":""},"categories":[22],"tags":[],"class_list":["post-191759","post","type-post","status-publish","format-standard","hentry","category-politica"],"_links":{"self":[{"href":"https:\/\/diariodominicano.com\/index.php?rest_route=\/wp\/v2\/posts\/191759","targetHints":{"allow":["GET"]}}],"collection":[{"href":"https:\/\/diariodominicano.com\/index.php?rest_route=\/wp\/v2\/posts"}],"about":[{"href":"https:\/\/diariodominicano.com\/index.php?rest_route=\/wp\/v2\/types\/post"}],"author":[{"embeddable":true,"href":"https:\/\/diariodominicano.com\/index.php?rest_route=\/wp\/v2\/users\/3"}],"replies":[{"embeddable":true,"href":"https:\/\/diariodominicano.com\/index.php?rest_route=%2Fwp%2Fv2%2Fcomments&post=191759"}],"version-history":[{"count":0,"href":"https:\/\/diariodominicano.com\/index.php?rest_route=\/wp\/v2\/posts\/191759\/revisions"}],"wp:attachment":[{"href":"https:\/\/diariodominicano.com\/index.php?rest_route=%2Fwp%2Fv2%2Fmedia&parent=191759"}],"wp:term":[{"taxonomy":"category","embeddable":true,"href":"https:\/\/diariodominicano.com\/index.php?rest_route=%2Fwp%2Fv2%2Fcategories&post=191759"},{"taxonomy":"post_tag","embeddable":true,"href":"https:\/\/diariodominicano.com\/index.php?rest_route=%2Fwp%2Fv2%2Ftags&post=191759"}],"curies":[{"name":"wp","href":"https:\/\/api.w.org\/{rel}","templated":true}]}}