{"id":191758,"date":"2007-12-30T20:33:57","date_gmt":"2007-12-30T20:33:57","guid":{"rendered":"http:\/\/diariodominicano.ddns.net\/?p=191758"},"modified":"2007-12-30T20:33:57","modified_gmt":"2007-12-30T20:33:57","slug":"raul-castro-augura-un-feliz-ano-2008","status":"publish","type":"post","link":"https:\/\/diariodominicano.com\/?p=191758","title":{"rendered":"Ra\u00fal Castro augura un feliz a\u00f1o 2008"},"content":{"rendered":"<p><body><\/p>\n<p align=\"center\" class=\"titulogrande1\">Ra\u00fal Castro augura  un feliz a\u00f1o 2008 <\/p>\n<p>&#13;<\/p>\n<p align=\"justify\"><strong>\u00a0<\/strong><strong>Deseo a todos, cubanas y cubanos,  un feliz a\u00f1o 2008.<br \/>&#13;<br \/>\n  <br \/>&#13;<br \/>\n  Celebren, descansen, recuperen fuerzas, lo merecen <\/strong><strong>\u00a1Y a trabajar  duro!<br \/>&#13;<br \/>\n  <br \/>&#13;<br \/>\n  <\/strong><strong>\u2022 Intervenci\u00f3n  del General de Ej\u00e9rcito Ra\u00fal Castro Ruz, Primer Vicepresidente de los Consejos  de Estado y de Ministros, ante la Asamblea Nacional del Poder Popular el 28 de  diciembre de 2007, \u201cA\u00f1o 49 de la   Revoluci\u00f3n\u201d<\/strong><br \/>&#13;<br \/>\n  <br \/>&#13;<br \/>\n  <span class=\"text1noticias\">Compa\u00f1eras y compa\u00f1eros:<br \/>&#13;<br \/>\n  <br \/>&#13;<br \/>\n  <img loading=\"lazy\" decoding=\"async\" src=\"http:\/\/localhost:8080\/pictures\/raul castropic.jpg\" width=\"269\" height=\"178\" hspace=\"4\" align=\"left\" \/>Hemos tenido una buena reuni\u00f3n sobre el  Plan de la Econom\u00eda  y el Presupuesto aprobados para el pr\u00f3ximo a\u00f1o. Sobre todo ha sido la m\u00e1s breve  de la historia.<br \/>&#13;<br \/>\n  <br \/>&#13;<br \/>\n  El prop\u00f3sito de esta intervenci\u00f3n es compartir  algunas reflexiones sobre la situaci\u00f3n econ\u00f3mica y social del pa\u00eds. <br \/>&#13;<br \/>\n  <br \/>&#13;<br \/>\n  El \u00faltimo a\u00f1o ha sido sin dudas de un  intenso trabajo con la participaci\u00f3n activa de todo el pueblo. Han transcurrido  menos de tres meses desde que concluyeron las 215 687 reuniones realizadas en  el contexto del debate promovido por nuestro Partido, a partir de los conceptos  expuestos en el acto central por el aniversario 54 del asalto a los cuarteles  Moncada y Carlos Manuel de C\u00e9spedes. <br \/>&#13;<br \/>\n  <br \/>&#13;<br \/>\n  Cuando nuestro Partido convoc\u00f3 a  reflexionar sobre lo planteado el 26 de julio en Camag\u00fcey, el objetivo no fue  enterarnos de los problemas. Realmente la mayor\u00eda de estos se conoc\u00edan y sobre  muchos de ellos habl\u00e9 en esa ocasi\u00f3n, al menos acerca de los que consideramos  fundamentales para el bienestar de la poblaci\u00f3n y el desempe\u00f1o socioecon\u00f3mico  adecuado del pa\u00eds. <br \/>&#13;<br \/>\n  <br \/>&#13;<br \/>\n  Que nuestra apreciaci\u00f3n es correcta lo  ratificaron m\u00e1s de cinco millones de ciudadanos en las reuniones de estudio y  reflexi\u00f3n desarrolladas durante los meses de septiembre y octubre, calificadas  de necesarias y \u00fatiles. <br \/>&#13;<br \/>\n  <br \/>&#13;<br \/>\n  Muchos de los planteamientos se refieren a  problemas locales o est\u00e1n asociados a deficiencias y errores de personas espec\u00edficas,  por lo que habr\u00e1 que enfrentarlos y resolverlos de manera directa all\u00ed donde  ocurren. <br \/>&#13;<br \/>\n  <br \/>&#13;<br \/>\n  En consecuencia, se orient\u00f3 a los diferentes  niveles de direcci\u00f3n del Partido, el Gobierno, las organizaciones de masas y  los centros laborales, adoptar de inmediato las medidas para solucionar los  problemas que no tienen que esperar por una decisi\u00f3n superior, lo cual se ha  ido materializando. <br \/>&#13;<br \/>\n  <br \/>&#13;<br \/>\n  El principal y decisivo prop\u00f3sito de este  gran esfuerzo ha sido la b\u00fasqueda, con la participaci\u00f3n consciente y activa de  la inmensa mayor\u00eda de los cubanos, de las mejores soluciones al alcance de las  posibilidades econ\u00f3micas del pa\u00eds, ya que como dije recientemente, nadie aqu\u00ed  es mago ni puede sacar recursos de un sombrero.<br \/>&#13;<br \/>\n  <br \/>&#13;<br \/>\n  Adem\u00e1s, se necesita tiempo para estudiar,  organizar y planificar c\u00f3mo alcanzar los objetivos propuestos, a partir de las  prioridades establecidas, con la mayor calidad y eficiencia. Lo anterior no  transita solo por la voluntad o inter\u00e9s de los involucrados en la soluci\u00f3n del  problema; depende en gran medida tambi\u00e9n de la disponibilidad de recursos y de  la autoridad y cualidades de los cuadros implicados y su constancia. <br \/>&#13;<br \/>\n  <br \/>&#13;<br \/>\n  La experiencia ense\u00f1a la importancia de  analizar los problemas de manera integral, conciliar las decisiones y actuar  con racionalidad. <br \/>&#13;<br \/>\n  <br \/>&#13;<br \/>\n  Desde luego, no todas las propuestas y  sugerencias podr\u00e1n aplicarse \u00edntegramente. Habr\u00e1 que forjar el consenso para  determinar lo m\u00e1s racional y conveniente, pues en no pocos casos se  contraponen, y algunas opiniones reflejan falta de informaci\u00f3n, muy especialmente  en la esfera econ\u00f3mica.<br \/>&#13;<br \/>\n  <br \/>&#13;<br \/>\n  Este proceso ratifica algo fundamental:  quien ocupa un cargo de direcci\u00f3n debe saber escuchar y crear el ambiente  propicio para que los dem\u00e1s se expresen con absoluta libertad. Es algo que debe  incorporarse de manera definitiva al estilo de trabajo de cada dirigente, junto  a la orientaci\u00f3n, la cr\u00edtica o la medida disciplinaria oportuna. <br \/>&#13;<br \/>\n  <br \/>&#13;<br \/>\n  Todos quisi\u00e9ramos marchar m\u00e1s r\u00e1pido, pero  no siempre es posible. <br \/>&#13;<br \/>\n  <br \/>&#13;<br \/>\n  Nuestro pueblo recibe informaci\u00f3n por  muchas v\u00edas y se trabaja para perfeccionarlas y eliminar la nociva tendencia al  triunfalismo y la complacencia, por garantizar que cada compa\u00f1ero con  determinada responsabilidad pol\u00edtica o administrativa informe de manera  sistem\u00e1tica sobre lo que le compete con realismo, de forma di\u00e1fana, cr\u00edtica y  autocr\u00edtica. <br \/>&#13;<br \/>\n  <br \/>&#13;<br \/>\n  Ese es el prop\u00f3sito de las \u00faltimas mesas  redondas sobre temas nacionales, con la presencia de los jefes de los  organismos con mayor implicaci\u00f3n. Estas continuar\u00e1n realiz\u00e1ndose siempre que  exista algo importante que informar. Igual debe hacerse en la provincia y el  municipio, no solo por los medios de difusi\u00f3n, sino tambi\u00e9n directamente en los  barrios y centros de trabajo, donde pueden resolverse o explicarse muchos  problemas. <br \/>&#13;<br \/>\n  <br \/>&#13;<br \/>\n  Tambi\u00e9n los diferentes medios de la prensa  nacional han contribuido al an\u00e1lisis de temas vitales para la poblaci\u00f3n y el  desarrollo socio-econ\u00f3mico del pa\u00eds. La cr\u00edtica, cuando se ejerce  adecuadamente, es esencial para avanzar.<br \/>&#13;<br \/>\n  <br \/>&#13;<br \/>\n  Muchas compa\u00f1eras y compa\u00f1eros son  testigos del rigor con que se estudian los m\u00e1s de 1 300 000 planteamientos  recogidos a partir de los 3 255 344 intervenciones realizadas. Constituyen una  fuente de informaci\u00f3n de gran utilidad tanto presente como futura. <br \/>&#13;<br \/>\n  <br \/>&#13;<br \/>\n  Coincidimos con quienes han alertado sobre  el exceso de prohibiciones y medidas legales, que hacen m\u00e1s da\u00f1o que beneficio.  La mayor\u00eda pudi\u00e9ramos decir que fueron correctas y justas en su momento, pero  no pocas de ellas han sido superadas por la vida y detr\u00e1s de cada prohibici\u00f3n  incorrecta, b\u00fasquese un buen n\u00famero de ilegalidades.<br \/>&#13;<br \/>\n  <br \/>&#13;<br \/>\n  Respecto a uno de los temas m\u00e1s abordados  en las reuniones: la producci\u00f3n de alimentos y sus altos precios, el pa\u00eds  trabaja con la urgencia que ese vital asunto requiere, por su impacto directo y  cotidiano en la vida de la poblaci\u00f3n, sobre todo de las personas de menores  ingresos. <br \/>&#13;<br \/>\n  <br \/>&#13;<br \/>\n  Se ha avanzado en los estudios y  continuar\u00e1 actu\u00e1ndose con toda la rapidez que permitan las circunstancias, para  que la tierra y los recursos est\u00e9n en manos de quienes sean capaces de producir  con eficiencia, se sientan apoyados, reconocidos socialmente y reciban la  retribuci\u00f3n material que merecen. <br \/>&#13;<br \/>\n  <br \/>&#13;<br \/>\n  No he pretendido agotar ninguno de los  temas abordados, sobre ellos habr\u00e1 que volver una y otra vez. Este ha sido,  como esper\u00e1bamos, un proceso cr\u00edtico, en el que la mayor\u00eda de nuestros compatriotas  manifest\u00f3 de forma clara su apoyo a nuestro sistema social, al Comandante en  Jefe y al Partido.<br \/>&#13;<br \/>\n  <br \/>&#13;<br \/>\n  Millones de cubanos expresaron  consideraciones y sugerencias dirigidas a perfeccionar nuestro socialismo. Como  expres\u00e9 hace pocos d\u00edas en Santiago de Cuba, ha sido una s\u00f3lida demostraci\u00f3n  del alto nivel de conciencia y cultura pol\u00edtica del pueblo.<br \/>&#13;<br \/>\n  <br \/>&#13;<br \/>\n  Es innegable el avance en la econom\u00eda  expresado en el crecimiento del Producto Interno Bruto en los \u00faltimos a\u00f1os,  pero nos interesa, especialmente, que el comportamiento positivo de los  indicadores macroecon\u00f3micos se refleje lo m\u00e1s posible en la econom\u00eda dom\u00e9stica,  donde est\u00e1n presentes carencias cotidianas. <br \/>&#13;<br \/>\n  <br \/>&#13;<br \/>\n  Tambi\u00e9n se analizan decisiones dirigidas a  la paulatina soluci\u00f3n de diversos problemas en la educaci\u00f3n, la salud, el  transporte, la vivienda, la recreaci\u00f3n, por solo mencionar algunos de los temas  acuciantes, parte de los cuales podr\u00e1n resolverse o al menos mejorarse en  plazos razonables, sobre todo aquellos originados por causas de car\u00e1cter  subjetivo. Lo principal de estos temas se abord\u00f3 en los informes entregados a  los diputados para esta sesi\u00f3n de la Asamblea y que con anterioridad fueron  profundamente debatidos en las Comisiones.<br \/>&#13;<br \/>\n  <br \/>&#13;<br \/>\n  La soluci\u00f3n de muchas dificultades exige  elevar la eficacia de los procesos inversionistas. Habr\u00e1 que establecer  prioridades, organizar mejor la mano de obra y los recursos e introducir  tecnolog\u00edas modernas. Este esfuerzo debe contribuir a incrementar la  productividad. Y algo fundamental, inversi\u00f3n que se inicie debe concluir en el  plazo previsto, de lo contrario se inmovilizan recursos sin reportar  beneficios. <br \/>&#13;<br \/>\n  <br \/>&#13;<br \/>\n  Otro grupo de complejos asuntos, como la  existencia de dos monedas y las deformaciones de los sistemas de salarios y  precios, requieren estudio profundo y se realizar\u00e1 con la mesura, rigor y  responsabilidad que merecen. <br \/>&#13;<br \/>\n  <br \/>&#13;<br \/>\n  Debemos determinar, con la participaci\u00f3n  activa de todos, cu\u00e1les son en nuestras condiciones las v\u00edas m\u00e1s efectivas para  asegurar el incremento sostenido de la producci\u00f3n nacional y de la capacidad  exportadora del pa\u00eds, reducir las importaciones e invertir los recursos en  prioridades bien definidas, para la b\u00fasqueda sistem\u00e1tica de la eficiencia  productiva, as\u00ed como el perfeccionamiento del sistema empresarial vinculado a  los resultados.<br \/>&#13;<br \/>\n  <br \/>&#13;<br \/>\n  Adem\u00e1s, estamos obligados a defender la  credibilidad del pa\u00eds ante los acreedores y garantizar los recursos necesarios  para las inversiones que aseguran el desarrollo perspectivo.<br \/>&#13;<br \/>\n  <br \/>&#13;<br \/>\n  Como se dijo aqu\u00ed, en el ahorro est\u00e1 una  de las mayores fuentes de recursos para lograr lo anterior, pero a\u00fan es  insuficiente la conciencia de su importancia en algunos ciudadanos, colectivos  de trabajo e instituciones. <br \/>&#13;<br \/>\n  <br \/>&#13;<br \/>\n  Son justas las cr\u00edticas de la poblaci\u00f3n  por el uso irracional de los recursos en determinadas entidades estatales por  desorganizaci\u00f3n, falta de control y exigencia, mientras se encuentran  pendientes de soluci\u00f3n necesidades sociales y econ\u00f3micas.<br \/>&#13;<br \/>\n  <br \/>&#13;<br \/>\n  Pero como expliqu\u00e9 en Camag\u00fcey, no todos  los problemas y carencias se deben a deficiencias internas. Tambi\u00e9n influye una  coyuntura econ\u00f3mica internacional que no podemos soslayar, caracterizada por el  crecimiento acelerado del costo del combustible y alimentos que compramos, por  solo mencionar dos renglones b\u00e1sicos, aunque la realidad es que casi todo lo  que importamos ha subido de precio y contin\u00faa subiendo.<br \/>&#13;<br \/>\n  <br \/>&#13;<br \/>\n  A ello se suma, como sabemos, las p\u00e9rdidas  derivadas del bloqueo econ\u00f3mico contra Cuba y la necesidad de enfrentar las  consecuencias de desastres naturales de magnitud y frecuencia crecientes,  producidos por el cambio clim\u00e1tico. Basta se\u00f1alar uno solo de los eventos  climatol\u00f3gicos en el Oriente del pa\u00eds, donde nos vimos obligados a gastar 499  millones de d\u00f3lares no previstos. <br \/>&#13;<br \/>\n  <br \/>&#13;<br \/>\n  Como vemos, son enormes los retos que  tenemos por delante, pero nadie dude de la firme convicci\u00f3n demostrada por nuestro  pueblo de que solo el socialismo es capaz de vencer las dificultades y  preservar las conquistas de casi medio siglo de Revoluci\u00f3n.<br \/>&#13;<br \/>\n  <br \/>&#13;<br \/>\n  Una Revoluci\u00f3n que nos pertenece a todos,  pues naci\u00f3 y ha crecido gracias al esfuerzo y el sacrificio de muchas generaciones  de patriotas. De las manos y la conciencia de todos nosotros, los cubanos de  hoy y de ma\u00f1ana, depende hacerla cada d\u00eda m\u00e1s fuerte hasta que sea invulnerable  en todos los terrenos. <br \/>&#13;<br \/>\n  <br \/>&#13;<br \/>\n  Ser\u00eda suicida no actuar as\u00ed frente a una  administraci\u00f3n norteamericana que, como acaba de explicar el compa\u00f1ero Alarc\u00f3n,  ha arreciado su agresividad contra Cuba para satisfacer los intereses de los  sectores m\u00e1s extremistas de ese pa\u00eds. Prueba de ello es el recrudecimiento de  la guerra econ\u00f3mica como parte del reforzamiento del Plan Bush, que incluye  medidas de presi\u00f3n e intentos desesperados e infructuosos para desestabilizar  el pa\u00eds, en funci\u00f3n de articular nuevos pretextos para justificar su pol\u00edtica  hostil, ante lo cual crece el rechazo internacional y en sectores cada vez m\u00e1s  amplios de la propia sociedad norteamericana.<br \/>&#13;<br \/>\n  <br \/>&#13;<br \/>\n  Nuestro pueblo toma muy en serio cada  amenaza. As\u00ed lo viene demostrando la Operaci\u00f3n Caguair\u00e1n,  que ya ha permitido preparar alrededor de 430 000 combatientes de la reserva y  milicianos, y otras tareas fundamentales como la modernizaci\u00f3n del armamento,  la preparaci\u00f3n del teatro de operaciones militares, la realizaci\u00f3n de  importantes maniobras y el reci\u00e9n concluido ejercicio Moncada 2007, que  fortalecieron sustancialmente la capacidad defensiva del pa\u00eds y sentaron las  bases que contribuir\u00e1n al desarrollo exitoso, a finales del pr\u00f3ximo a\u00f1o, del  ejercicio estrat\u00e9gico Basti\u00f3n 2008. <br \/>&#13;<br \/>\n  <br \/>&#13;<br \/>\n  Frente a la intensificaci\u00f3n de las  maniobras de subversi\u00f3n y de los esfuerzos por aislarnos internacionalmente, se  preserv\u00f3 la estabilidad interna, el pa\u00eds continu\u00f3 consolidando su desarrollo  socio-econ\u00f3mico y se fortaleci\u00f3 el prestigio internacional de la Revoluci\u00f3n. <br \/>&#13;<br \/>\n  <br \/>&#13;<br \/>\n  Durante el a\u00f1o, como se ha hecho  referencia aqu\u00ed, se avanz\u00f3 significativamente en la implementaci\u00f3n de programas  estrat\u00e9gicos, que repercutieron de manera positiva en la econom\u00eda y en el  mejoramiento de las condiciones de vida de nuestro pueblo, como la Revoluci\u00f3n Energ\u00e9tica,  por solo citar un ejemplo. <br \/>&#13;<br \/>\n  <br \/>&#13;<br \/>\n  En el plano pol\u00edtico, la inmensa mayor\u00eda  de los cubanos demostraron de manera contundente su decisi\u00f3n de preservar y  defender la Revoluci\u00f3n  durante las elecciones de los delegados del Poder Popular el pasado mes de  octubre, y estamos seguros que as\u00ed ser\u00e1 nuevamente el pr\u00f3ximo 20 de enero,  cuando elegiremos a los delegados a las asambleas provinciales y a los  diputados que integrar\u00e1n nuestra Asamblea Nacional. <br \/>&#13;<br \/>\n  <br \/>&#13;<br \/>\n  En la presidencia de los No Alineados,  Cuba mantuvo su vitalidad e influencia en importantes procesos multilaterales.<br \/>&#13;<br \/>\n  <br \/>&#13;<br \/>\n  Una vez m\u00e1s, el gobierno norteamericano,  pese a ingentes esfuerzos no logr\u00f3 imponer sus pretensiones de condenar a  nuestro pa\u00eds en materia de derechos humanos, al tiempo que recibi\u00f3 una  aplastante derrota en la votaci\u00f3n r\u00e9cord contra el bloqueo en la Asamblea General  de las Naciones Unidas.<br \/>&#13;<br \/>\n  <br \/>&#13;<br \/>\n  La reciente visita del Presidente Ch\u00e1vez, la Cumbre de PETROCARIBE y el  avance del ALBA han sido pasos importantes en la consolidaci\u00f3n de los  mecanismos de integraci\u00f3n regional.<br \/>&#13;<br \/>\n  <br \/>&#13;<br \/>\n  Nuestro desempe\u00f1o en el pr\u00f3ximo a\u00f1o deber\u00e1  caracterizarse por la sistematicidad; la organizaci\u00f3n, planificaci\u00f3n y control  efectivos; trabajar por prioridades y usar racionalmente los recursos;  incrementar la productividad del trabajo y la eficiencia; fortalecer la  integraci\u00f3n, cooperaci\u00f3n y cohesi\u00f3n en la actividad de direcci\u00f3n de los organismos  del Estado, el Gobierno, la   Uni\u00f3n de J\u00f3venes Comunistas y las organizaciones de masas a  todos los niveles, para enfrentar de conjunto, bajo la direcci\u00f3n del Partido,  los principales problemas que hoy afectan a nuestro pueblo. <br \/>&#13;<br \/>\n  <br \/>&#13;<br \/>\n  En nombre del Comandante en Jefe, del  Comit\u00e9 Central del Partido y de los integrantes de esta Asamblea, transmitimos  a nuestros compatriotas una merecida felicitaci\u00f3n por cuanto hemos hecho para  arribar exitosamente, frente a todas las dificultades y agresiones, al  \u00abA\u00f1o 50 de la Revoluci\u00f3n\u00bb,  que sin dudas tambi\u00e9n ser\u00e1 de modestos triunfos en todos los \u00f3rdenes.<br \/>&#13;<br \/>\n  <br \/>&#13;<br \/>\n  Los diputados que integran esta Sexta  Legislatura han sabido cumplir el mandato de nuestro pueblo y merecen su  reconocimiento. Una parte de ustedes han sido postulados nuevamente, otros  cesan en esta funci\u00f3n y continuar\u00e1n cumpliendo sus tareas habituales, pues como  es conocido, nadie cobra un centavo por ser miembro de esta Asamblea. A todos  les puedo garantizar que si algo no les faltar\u00e1, ser\u00e1 abundante trabajo. <br \/>&#13;<br \/>\n  <br \/>&#13;<br \/>\n  En cualquier responsabilidad encomendada,  estaremos a la altura de la confianza que deposit\u00f3 nuestro heroico pueblo, y  del honor de ser soldados de una Revoluci\u00f3n encabezada por un Comandante en  Jefe que con su ejemplo y sabidur\u00eda nos ha conducido siempre a la victoria. <br \/>&#13;<br \/>\n  <br \/>&#13;<br \/>\n  Ser dignos de un pueblo que ha enfrentado  durante d\u00e9cadas, con valor y estoicismo, todos los peligros y dificultades; un  pueblo cuya juventud est\u00e1 demostrando ser consecuente con su gloriosa historia,  de lo cual son un fiel ejemplo nuestros Cinco H\u00e9roes prisioneros del imperio,  que el pr\u00f3ximo a\u00f1o cumplir\u00e1n una d\u00e9cada de injusta condena en c\u00e1rceles  norteamericanas. <br \/>&#13;<br \/>\n  <br \/>&#13;<br \/>\n  Deseo a todos, cubanas y cubanos, un feliz  a\u00f1o 2008. Celebren, descansen, recuperen fuerzas, lo merecen. <br \/>&#13;<br \/>\n  <br \/>&#13;<br \/>\n\u00a1Y a trabajar duro!<br \/>&#13;<br \/>\n<br \/>&#13;<br \/>\n  Muchas gracias.<br \/>&#13;<br \/>\n  <br \/>&#13;<br \/>\nGranma<\/span><\/p>\n<p>&#13;<\/p>\n<h6> 2007-12-30 20:33:57 <\/h6>\n<p><!--\n<link rel=\"stylesheet\" href=\"css\/bootstrap.min.css\">\n\n\n<ul class=\"pagination\">\n\t    \n\t\n\n<li >\n\t<a href='?page_no=34505'>Previous<\/a>\n\t<\/li>\n\n\n       \n    \n\n<li><a href='?page_no=1'>1<\/a><\/li>\n\n\n\n<li><a href='?page_no=2'>2<\/a><\/li>\n\n\n\n<li><a>...<\/a><\/li>\n\n\n\n<li><a href='?page_no=34504'>34504<\/a><\/li>\n\n\n\n<li><a href='?page_no=34505'>34505<\/a><\/li>\n\n\n\n<li class='active'><a>34506<\/a><\/li>\n\n\n\n<li><a href='?page_no=34507'>34507<\/a><\/li>\n\n\n\n<li><a href='?page_no=34508'>34508<\/a><\/li>\n\n\n\n<li><a>...<\/a><\/li>\n\n\n\n<li><a href='?page_no=36999'>36999<\/a><\/li>\n\n\n\n<li><a href='?page_no=37000'>37000<\/a><\/li>\n\n    \n\t\n\n<li >\n\t<a href='?page_no=34507'>Next<\/a>\n\t<\/li>\n\n\n    \n\n<li><a href='?page_no=37000'>Last &rsaquo;&rsaquo;<\/a><\/li>\n\n<\/ul>\n\n\n--><br \/>\n<\/body><\/p>\n","protected":false},"excerpt":{"rendered":"<p>Ra\u00fal Castro augura un feliz a\u00f1o 2008 &#13; \u00a0Deseo a todos, cubanas y cubanos, un feliz a\u00f1o 2008.&#13; &#13; Celebren, descansen, recuperen fuerzas, lo merecen \u00a1Y a trabajar duro!&#13; &#13; \u2022 Intervenci\u00f3n del General de Ej\u00e9rcito Ra\u00fal Castro Ruz, Primer Vicepresidente de los Consejos de Estado y de Ministros, ante la Asamblea Nacional del Poder [&hellip;]<\/p>\n","protected":false},"author":3,"featured_media":0,"comment_status":"open","ping_status":"open","sticky":false,"template":"","format":"standard","meta":{"footnotes":""},"categories":[22],"tags":[],"class_list":["post-191758","post","type-post","status-publish","format-standard","hentry","category-politica"],"_links":{"self":[{"href":"https:\/\/diariodominicano.com\/index.php?rest_route=\/wp\/v2\/posts\/191758","targetHints":{"allow":["GET"]}}],"collection":[{"href":"https:\/\/diariodominicano.com\/index.php?rest_route=\/wp\/v2\/posts"}],"about":[{"href":"https:\/\/diariodominicano.com\/index.php?rest_route=\/wp\/v2\/types\/post"}],"author":[{"embeddable":true,"href":"https:\/\/diariodominicano.com\/index.php?rest_route=\/wp\/v2\/users\/3"}],"replies":[{"embeddable":true,"href":"https:\/\/diariodominicano.com\/index.php?rest_route=%2Fwp%2Fv2%2Fcomments&post=191758"}],"version-history":[{"count":0,"href":"https:\/\/diariodominicano.com\/index.php?rest_route=\/wp\/v2\/posts\/191758\/revisions"}],"wp:attachment":[{"href":"https:\/\/diariodominicano.com\/index.php?rest_route=%2Fwp%2Fv2%2Fmedia&parent=191758"}],"wp:term":[{"taxonomy":"category","embeddable":true,"href":"https:\/\/diariodominicano.com\/index.php?rest_route=%2Fwp%2Fv2%2Fcategories&post=191758"},{"taxonomy":"post_tag","embeddable":true,"href":"https:\/\/diariodominicano.com\/index.php?rest_route=%2Fwp%2Fv2%2Ftags&post=191758"}],"curies":[{"name":"wp","href":"https:\/\/api.w.org\/{rel}","templated":true}]}}