{"id":191753,"date":"2007-12-31T15:14:11","date_gmt":"2007-12-31T15:14:11","guid":{"rendered":"http:\/\/diariodominicano.ddns.net\/?p=191753"},"modified":"2007-12-31T15:14:11","modified_gmt":"2007-12-31T15:14:11","slug":"candidatos-ven-2007-fue-negativo","status":"publish","type":"post","link":"https:\/\/diariodominicano.com\/?p=191753","title":{"rendered":"Candidatos ven 2007 fue negativo"},"content":{"rendered":"<p><body><\/p>\n<style type=\"text\/css\"><![CDATA[\n<!--\n.style2 {\n\tcolor: #000000;\n\tfont-family: Arial;\n\tfont-style: normal;\n\tline-height: normal;\n\ttext-transform: none;\n\tfont-size: 12px;\n\tfont-weight: bold;\n}\n-->\n]]><\/style>\n<p>&#13;<\/p>\n<p><strong>ESPERAN UN CAMBIO <\/strong><\/p>\n<p>&#13;<\/p>\n<p class=\"titulogrande1\">Candidatos ven 2007 fue negativo <\/p>\n<p>&#13;<\/p>\n<p><span class=\"style2\">POR<\/span><strong><span class=\"textogrande\"> LOYDA PE\u00d1A<\/span><\/strong><br \/>&#13;\n<\/p>\n<p>&#13;<\/p>\n<p align=\"justify\" class=\"text1noticias\"><img loading=\"lazy\" decoding=\"async\" src=\"http:\/\/localhost:8080\/pictures\/miguel eduardo y amable.jpg\" width=\"269\" height=\"1436\" hspace=\"4\" align=\"left\" \/>Los candidatos presidenciales Miguel Vargas Maldonado, Amable Aristy Castro y   Eduardo Estrella valoraron ayer este a\u00f1o 2007 como negativo para el pa\u00eds y   para la mayor\u00eda de los dominicanos.<\/p>\n<p>&#13;<\/p>\n<p align=\"justify\" class=\"text1noticias\">Vaticinaron que las cosas estar\u00e1n peores en el venidero 2008 si no se   produce un cambio de Gobierno. <\/p>\n<p>&#13;<\/p>\n<p align=\"justify\" class=\"text1noticias\">En opini\u00f3n de Vargas Maldonado, candidato del Partido Revolucionario   Dominicano (PRD), el 2007 fue un a\u00f1o s\u00f3lo bueno para el presidente Leonel   Fern\u00e1ndez y sus m\u00e1s cercanos colaboradores que seg\u00fan dijo, ostentan salarios de   lujo.<\/p>\n<p>&#13;<\/p>\n<p align=\"justify\" class=\"text1noticias\">\u201cPero fue muy malo para el resto de la poblaci\u00f3n, que vio c\u00f3mo se deterior\u00f3   su calidad de vida con la aplicaci\u00f3n de pol\u00edticas p\u00fablicas totalmente   divorciadas de la realidad nacional y de las leg\u00edtimas aspiraciones de las   grandes mayor\u00edas\u201d, subray\u00f3.<\/p>\n<p>&#13;<\/p>\n<p align=\"justify\" class=\"text1noticias\">Dijo tener la certeza de que en el 2008, la democracia\u00a0 brindar\u00e1 al pueblo   dominicano la oportunidad de renovar las esperanzas en una sociedad \u201cdonde   impere la justicia social y la igualdad de oportunidades para todos los   dominicanos, dejando en el pasado la p\u00e1gina de privilegio y nepotismo escrita   por el candidato reeleccionista\u201d.<\/p>\n<p>&#13;<\/p>\n<p align=\"justify\" class=\"text1noticias\">En t\u00e9rminos similares habl\u00f3 el candidato del Partido Reformista Social   Cristiano (PRSC), Aristy Castro, quien dijo que\u00a0 hoy m\u00e1s que nunca los   dominicanos necesitan un gobernante con sensibilidad humana, \u201cque hable la   verdad, que no mienta y ponga el inter\u00e9s nacional por encima de los intereses   particulares de peque\u00f1os grupos de amigos y familiares\u201d.<\/p>\n<p>&#13;<\/p>\n<p align=\"justify\" class=\"text1noticias\">Afirm\u00f3 que el pa\u00eds anhela para el 2008 una administraci\u00f3n como las\u00a0   encabezadas por el doctor Joaqu\u00edn Balaguer, \u201cdonde hab\u00eda estabilidad econ\u00f3mica y   una justa distribuci\u00f3n de la riqueza, y se le daba prioridad a los problemas de   los pobres, como viviendas, agua potable, escuelas, hospitales, empleos y   seguridad ciudadana\u201d.<\/p>\n<p>&#13;<\/p>\n<p align=\"justify\" class=\"text1noticias\">De su lado, el candidato presidencial de la coalici\u00f3n de partidos que forman   la \u201cCuarta V\u00eda\u201d, Eduardo Estrella, resalt\u00f3 las muchas limitaciones en que dijo,   han vivido los dominicanos durante el \u00a02007, sobre todo, la clase media y pobre   del pa\u00eds, provocadas por la mala administraci\u00f3n pelede\u00edsta.<\/p>\n<p>&#13;<\/p>\n<p align=\"justify\" class=\"text1noticias\">\u201cPor eso estoy convencido de que la mejor\u00eda en la situaci\u00f3n del pa\u00eds, es un   cambio de gobierno en el 2008\u201d, expres\u00f3 el candidato presidencial de la Cuarta   V\u00eda.<\/p>\n<p>&#13;<\/p>\n<p align=\"justify\">\u00a0 <\/p>\n<p>&#13;<\/p>\n<h6> 2007-12-31 15:14:11 <\/h6>\n<p><!--\n<link rel=\"stylesheet\" href=\"css\/bootstrap.min.css\">\n\n\n<ul class=\"pagination\">\n\t    \n\t\n\n<li >\n\t<a href='?page_no=34500'>Previous<\/a>\n\t<\/li>\n\n\n       \n    \n\n<li><a href='?page_no=1'>1<\/a><\/li>\n\n\n\n<li><a href='?page_no=2'>2<\/a><\/li>\n\n\n\n<li><a>...<\/a><\/li>\n\n\n\n<li><a href='?page_no=34499'>34499<\/a><\/li>\n\n\n\n<li><a href='?page_no=34500'>34500<\/a><\/li>\n\n\n\n<li class='active'><a>34501<\/a><\/li>\n\n\n\n<li><a href='?page_no=34502'>34502<\/a><\/li>\n\n\n\n<li><a href='?page_no=34503'>34503<\/a><\/li>\n\n\n\n<li><a>...<\/a><\/li>\n\n\n\n<li><a href='?page_no=36999'>36999<\/a><\/li>\n\n\n\n<li><a href='?page_no=37000'>37000<\/a><\/li>\n\n    \n\t\n\n<li >\n\t<a href='?page_no=34502'>Next<\/a>\n\t<\/li>\n\n\n    \n\n<li><a href='?page_no=37000'>Last &rsaquo;&rsaquo;<\/a><\/li>\n\n<\/ul>\n\n\n--><br \/>\n<\/body><\/p>\n","protected":false},"excerpt":{"rendered":"<p>&#13; ESPERAN UN CAMBIO &#13; Candidatos ven 2007 fue negativo &#13; POR LOYDA PE\u00d1A&#13; &#13; Los candidatos presidenciales Miguel Vargas Maldonado, Amable Aristy Castro y Eduardo Estrella valoraron ayer este a\u00f1o 2007 como negativo para el pa\u00eds y para la mayor\u00eda de los dominicanos. &#13; Vaticinaron que las cosas estar\u00e1n peores en el venidero 2008 [&hellip;]<\/p>\n","protected":false},"author":3,"featured_media":0,"comment_status":"open","ping_status":"open","sticky":false,"template":"","format":"standard","meta":{"footnotes":""},"categories":[22],"tags":[],"class_list":["post-191753","post","type-post","status-publish","format-standard","hentry","category-politica"],"_links":{"self":[{"href":"https:\/\/diariodominicano.com\/index.php?rest_route=\/wp\/v2\/posts\/191753","targetHints":{"allow":["GET"]}}],"collection":[{"href":"https:\/\/diariodominicano.com\/index.php?rest_route=\/wp\/v2\/posts"}],"about":[{"href":"https:\/\/diariodominicano.com\/index.php?rest_route=\/wp\/v2\/types\/post"}],"author":[{"embeddable":true,"href":"https:\/\/diariodominicano.com\/index.php?rest_route=\/wp\/v2\/users\/3"}],"replies":[{"embeddable":true,"href":"https:\/\/diariodominicano.com\/index.php?rest_route=%2Fwp%2Fv2%2Fcomments&post=191753"}],"version-history":[{"count":0,"href":"https:\/\/diariodominicano.com\/index.php?rest_route=\/wp\/v2\/posts\/191753\/revisions"}],"wp:attachment":[{"href":"https:\/\/diariodominicano.com\/index.php?rest_route=%2Fwp%2Fv2%2Fmedia&parent=191753"}],"wp:term":[{"taxonomy":"category","embeddable":true,"href":"https:\/\/diariodominicano.com\/index.php?rest_route=%2Fwp%2Fv2%2Fcategories&post=191753"},{"taxonomy":"post_tag","embeddable":true,"href":"https:\/\/diariodominicano.com\/index.php?rest_route=%2Fwp%2Fv2%2Ftags&post=191753"}],"curies":[{"name":"wp","href":"https:\/\/api.w.org\/{rel}","templated":true}]}}