{"id":191751,"date":"2007-12-31T23:01:32","date_gmt":"2007-12-31T23:01:32","guid":{"rendered":"http:\/\/diariodominicano.ddns.net\/?p=191751"},"modified":"2007-12-31T23:01:32","modified_gmt":"2007-12-31T23:01:32","slug":"aristy-castro-iniciara-sus-actividades-en-el-2008-con-un-mensaje-en-la-tumba-de-balaguer","status":"publish","type":"post","link":"https:\/\/diariodominicano.com\/?p=191751","title":{"rendered":"Aristy Castro iniciar\u00e1 sus actividades en el 2008, con un mensaje en la tumba de Balaguer"},"content":{"rendered":"<p><body><\/p>\n<p align=\"justify\"><span class=\"titulogrande1\">Aristy Castro iniciar\u00e1 sus actividades  en el 2008, con un mensaje en la tumba de Balaguer<\/span><br \/>&#13;<br \/>\n  <br \/>&#13;<br \/>\n    <span class=\"text1noticias\"><strong><img loading=\"lazy\" decoding=\"async\" src=\"http:\/\/localhost:8080\/pictures\/amablepic.jpg\" width=\"269\" height=\"285\" hspace=\"4\" align=\"left\" \/>Santo  Domingo.-<\/strong>\u00a0El candidato presidencial del Partido Reformista Social  Cristiano (PRSC), Amable Aristy Castro, anunci\u00f3 que iniciar\u00e1 sus actividades  pol\u00edticas de 2008 este martes primero de enero, con un mensaje que dirigir\u00e1 a  la familia reformista y a todo el pueblo dominicano desde la tumba donde  reposan los restos del doctor Joaqu\u00edn Balaguer, en el cementerio Cristo  Redentor.<br \/>&#13;<br \/>\n    <br \/>&#13;<br \/>\n    Dijo  que la actividad est\u00e1 convocada para las diez de la ma\u00f1ana y a la misma  asistir\u00e1n de familiares y amigos del extinto l\u00edder reformista, as\u00ed como de las  principales figuras de la agrupaci\u00f3n pol\u00edtica opositora.<br \/>&#13;<br \/>\n    <br \/>&#13;<br \/>\n    Explic\u00f3  que el mensaje busca estimular a la dirigencia alta, media y de base del PRSC,  as\u00ed como a los sectores populares y a la sociedad en sentido general a\u00a0sumarse al trabajo pol\u00edtico para instaurar el Gobierno de los pobres.<br \/>&#13;<br \/>\n    <br \/>&#13;<br \/>\n\u201cHoy  m\u00e1s que nunca los dominicanos necesitan un gobernante con sensibilidad humana  que hable la verdad, que no mienta y ponga el inter\u00e9s nacional por encima de  los intereses particulares de peque\u00f1os grupos de familiares y amigos\u201d, agreg\u00f3.<br \/>&#13;<br \/>\n<br \/>&#13;<br \/>\nResalt\u00f3  asimismo que el pa\u00eds anhela un gobierno que estreche las desigualdades, que  cierre la enorme brecha entre los pocos que todo los tienen y la inmensa  mayor\u00eda que carece de todo.<br \/>&#13;<br \/>\n<br \/>&#13;<br \/>\nDijo  que el pueblo quiere una administraci\u00f3n como las que encabez\u00f3 Balaguer, donde  hab\u00eda estabilidad econ\u00f3mica y una justa distribuci\u00f3n de la riqueza, dando  prioridad a los problemas de los pobres, como viviendas, agua potable,  escuelas, hospitales, empleos y seguridad ciudadana.<br \/>&#13;<br \/>\n<br \/>&#13;<br \/>\nAdelant\u00f3,  tambi\u00e9n, que ese mismo d\u00eda participar\u00e1 en la tradicional concentraci\u00f3n nacional  evang\u00e9lica, denominada \u201cLa   Batalla de la Fe\u201d,  que desde hace 44 a\u00f1os celebra el pueblo cristiano de Rep\u00fablica Dominicana.<br \/>&#13;<br \/>\n<br \/>&#13;<br \/>\nExplic\u00f3  que fue invitado a la actividad cristiana, que se llevar\u00e1 a cabo en Estadio  Ol\u00edmpico, por el mismo pastor Ezequiel Molina, a quien le prometi\u00f3 que estar\u00e1  en la misma desde el principio hasta el final.<\/span><\/p>\n<p>&#13;<\/p>\n<h6> 2007-12-31 23:01:32 <\/h6>\n<p><!--\n<link rel=\"stylesheet\" href=\"css\/bootstrap.min.css\">\n\n\n<ul class=\"pagination\">\n\t    \n\t\n\n<li >\n\t<a href='?page_no=34498'>Previous<\/a>\n\t<\/li>\n\n\n       \n    \n\n<li><a href='?page_no=1'>1<\/a><\/li>\n\n\n\n<li><a href='?page_no=2'>2<\/a><\/li>\n\n\n\n<li><a>...<\/a><\/li>\n\n\n\n<li><a href='?page_no=34497'>34497<\/a><\/li>\n\n\n\n<li><a href='?page_no=34498'>34498<\/a><\/li>\n\n\n\n<li class='active'><a>34499<\/a><\/li>\n\n\n\n<li><a href='?page_no=34500'>34500<\/a><\/li>\n\n\n\n<li><a href='?page_no=34501'>34501<\/a><\/li>\n\n\n\n<li><a>...<\/a><\/li>\n\n\n\n<li><a href='?page_no=36999'>36999<\/a><\/li>\n\n\n\n<li><a href='?page_no=37000'>37000<\/a><\/li>\n\n    \n\t\n\n<li >\n\t<a href='?page_no=34500'>Next<\/a>\n\t<\/li>\n\n\n    \n\n<li><a href='?page_no=37000'>Last &rsaquo;&rsaquo;<\/a><\/li>\n\n<\/ul>\n\n\n--><br \/>\n<\/body><\/p>\n","protected":false},"excerpt":{"rendered":"<p>Aristy Castro iniciar\u00e1 sus actividades en el 2008, con un mensaje en la tumba de Balaguer&#13; &#13; Santo Domingo.-\u00a0El candidato presidencial del Partido Reformista Social Cristiano (PRSC), Amable Aristy Castro, anunci\u00f3 que iniciar\u00e1 sus actividades pol\u00edticas de 2008 este martes primero de enero, con un mensaje que dirigir\u00e1 a la familia reformista y a todo [&hellip;]<\/p>\n","protected":false},"author":3,"featured_media":0,"comment_status":"open","ping_status":"open","sticky":false,"template":"","format":"standard","meta":{"footnotes":""},"categories":[22],"tags":[],"class_list":["post-191751","post","type-post","status-publish","format-standard","hentry","category-politica"],"_links":{"self":[{"href":"https:\/\/diariodominicano.com\/index.php?rest_route=\/wp\/v2\/posts\/191751","targetHints":{"allow":["GET"]}}],"collection":[{"href":"https:\/\/diariodominicano.com\/index.php?rest_route=\/wp\/v2\/posts"}],"about":[{"href":"https:\/\/diariodominicano.com\/index.php?rest_route=\/wp\/v2\/types\/post"}],"author":[{"embeddable":true,"href":"https:\/\/diariodominicano.com\/index.php?rest_route=\/wp\/v2\/users\/3"}],"replies":[{"embeddable":true,"href":"https:\/\/diariodominicano.com\/index.php?rest_route=%2Fwp%2Fv2%2Fcomments&post=191751"}],"version-history":[{"count":0,"href":"https:\/\/diariodominicano.com\/index.php?rest_route=\/wp\/v2\/posts\/191751\/revisions"}],"wp:attachment":[{"href":"https:\/\/diariodominicano.com\/index.php?rest_route=%2Fwp%2Fv2%2Fmedia&parent=191751"}],"wp:term":[{"taxonomy":"category","embeddable":true,"href":"https:\/\/diariodominicano.com\/index.php?rest_route=%2Fwp%2Fv2%2Fcategories&post=191751"},{"taxonomy":"post_tag","embeddable":true,"href":"https:\/\/diariodominicano.com\/index.php?rest_route=%2Fwp%2Fv2%2Ftags&post=191751"}],"curies":[{"name":"wp","href":"https:\/\/api.w.org\/{rel}","templated":true}]}}