{"id":191750,"date":"2007-12-31T23:10:47","date_gmt":"2007-12-31T23:10:47","guid":{"rendered":"http:\/\/diariodominicano.ddns.net\/?p=191750"},"modified":"2007-12-31T23:10:47","modified_gmt":"2007-12-31T23:10:47","slug":"vargas-maldonado-rechaza-se-utilice-pobreza-como-recurso-proselitista","status":"publish","type":"post","link":"https:\/\/diariodominicano.com\/?p=191750","title":{"rendered":"Vargas Maldonado rechaza se utilice pobreza como recurso proselitista."},"content":{"rendered":"<p><body><\/p>\n<p align=\"justify\" class=\"titulogrande1\">Vargas  Maldonado rechaza se utilice pobreza como recurso proselitista.<\/p>\n<p>&#13;<\/p>\n<p align=\"justify\" class=\"text1noticias\"><strong><img loading=\"lazy\" decoding=\"async\" src=\"http:\/\/localhost:8080\/pictures\/maldonadopict.jpg\" width=\"269\" height=\"375\" hspace=\"4\" align=\"left\" \/>SANTO DOMINGO.- <\/strong>El candidato  presidencial del Partido Revolucionario Dominicano, Miguel Vargas Maldonado, consider\u00f3  indignante el hecho de que el Presidente Leonel Fern\u00e1ndez insista en lo que considera utilizar la  pobreza como un recurso de campa\u00f1a proselitista.<br \/>&#13;<br \/>\n  <br \/>&#13;<br \/>\nAcus\u00f3 \u00a0al presidente Leonel Fern\u00e1ndez de usar en su  provecho personal y pol\u00edtico los recursos que pagan los contribuyentes, y Dijo que \u00abel presidente  candidato primero se aprovech\u00f3 de las necesidades y el dolor que causaron las  tragedias de las tormentas Noel y Olga, y ahora se pasea por algunos puntos del  pa\u00eds entregando canastas navide\u00f1as como un Santicl\u00f3s oportunista, que se  aprovecha de las necesidades de la gente para beneficio de su ambici\u00f3n  reeleccionista\u201d.<br \/>&#13;<br \/>\n<br \/>&#13;<br \/>\nDijo que \u201cen modo alguno nos  oponemos a que se entreguen alimentos y cualquier otro tipo de bienes a  personas que lo necesitan, lo que cuestionamos es que el presidente lo haga de  manera personal y en base al objetivo de su ambici\u00f3n de continuar en el poder.<br \/>&#13;<br \/>\n<br \/>&#13;<br \/>\nManifest\u00f3 que para ese tipo de  asistencia el gobierno cuenta con m\u00faltiples agencias y organismos, que pueden  realizarla de manera institucional y no a t\u00edtulo personal y en envases que  llevan estampadas consignas propagand\u00edsticas, como hace Leonel Fern\u00e1ndez.<br \/>&#13;<br \/>\n<br \/>&#13;<br \/>\nDijo que cuestiona el estilo  personalista y politiquero de actuar del presidente Fern\u00e1ndez, tras considerar  que el mandatario pertenece a una generaci\u00f3n que se form\u00f3 escuchando las  ense\u00f1anzas del profesor Juan Bosch y el doctor Jos\u00e9 Francisco Pe\u00f1a G\u00f3mez, los  cuales caracterizaron el uso personal de los recursos p\u00fablicos como una  pr\u00e1ctica re\u00f1ida con los valores \u00e9ticos que deben normar la conducta pol\u00edtica.<br \/>&#13;<br \/>\n<br \/>&#13;<br \/>\nA\u00f1adi\u00f3 que \u201cel doctor Fern\u00e1ndez  debe recordar que los recursos que administra son generados por los tantos  impuestos que pagan los y las ciudadanas independientes y los que se  identifican con los diferentes partidos, por lo que no es justo que \u00e9l le d\u00e9 un  uso pol\u00edtico en favor de su particular proyecto reeleccionista\u201d.<br \/>&#13;<br \/>\n<br \/>&#13;<br \/>\nAsegur\u00f3 que lo m\u00e1s da\u00f1ino de esta  conducta del presidente Fern\u00e1ndez es que usa los recursos estatales para  subordinar a las personas de escasos recursos a sus planes pol\u00edticos, pero no  para contribuir al desarrollo humano y al avance de la sociedad.<br \/>&#13;<br \/>\n<br \/>&#13;<br \/>\nSe\u00f1al\u00f3 que \u201cel presidente  candidato le quita del Presupuesto Nacional los recursos que a la gente les  corresponden por Ley y por derechos sociales, para luego entregarlos como \u00f1apas  que reparte a su antojo y provecho pol\u00edtico personal\u201d.<br \/>&#13;<br \/>\n<br \/>&#13;<br \/>\nConcluy\u00f3 que \u201cen estos tiempos no  es posible dirigir a un pa\u00eds como la Rep\u00fablica Dominicana  con criterios tan atrasados, los dominicanos y dominicanas necesitamos  inaugurar a partir del 16 de agosto una nueva forma de gobernar basada en el  respeto, el consenso y la unidad de prop\u00f3sitos constructivos y solidarios, con  lo que estoy comprometido, para dejar atr\u00e1s las pr\u00e1cticas de manipulaci\u00f3n y  clientelasmo en que se apoya el doctor Fern\u00e1ndez\u201d. <br \/>&#13;<br \/>\n<br \/>&#13;<br \/>\nExpres\u00f3 que el pueblo dominicano  es merecedor de que el nuevo a\u00f1o d\u00e9 inicio a un fecundo per\u00edodo de prosperidad  y sosiego para lo que asegur\u00f3 \u201cla sociedad dominicana puede contar con mi firme  determinaci\u00f3n y voluntad de trabajo constructivo\u201d.<br \/>&#13;<br \/>\n<br \/>&#13;<br \/>\nAfirm\u00f3 que las elecciones del  pr\u00f3ximo 16 de mayo ser\u00e1n una gran oportunidad para que en la Rep\u00fablica Dominicana  se inicie un gobierno que acometa con seriedad la soluci\u00f3n de problemas  estructurales que se han repetido por d\u00e9cadas, y que no han sido enfrentados  con la debida efectividad por diferentes presidentes que se han sucedido  en el mando.<br \/>&#13;<br \/>\n<br \/>&#13;<br \/>\n  <strong>Primeras actividades del a\u00f1o<\/strong> <br \/>&#13;<br \/>\n  <br \/>&#13;<br \/>\n  El candidato presidencial Miguel  Vargas inform\u00f3 que \u00a0el d\u00eda 2 enero recibir\u00e1 saludos de la dirigencia de su  partido en el Distrito Nacional, la provincia de Santo Domingo y las regiones  este y sur del pa\u00eds, en horario de nueve de la ma\u00f1ana a dos de la tarde.<br \/>&#13;<br \/>\n  <br \/>&#13;<br \/>\nEl d\u00eda 3 intercambiar\u00e1 saludos y  felicitaciones en Santiago con la dirigencia perrede\u00edsta de las 14 provincias  de la regi\u00f3n Norte del pa\u00eds, tambi\u00e9n en horario de 9 de la ma\u00f1ana a 2 de la  tarde.<\/p>\n<p>&#13;<\/p>\n<h6> 2007-12-31 23:10:47 <\/h6>\n<p><!--\n<link rel=\"stylesheet\" href=\"css\/bootstrap.min.css\">\n\n\n<ul class=\"pagination\">\n\t    \n\t\n\n<li >\n\t<a href='?page_no=34497'>Previous<\/a>\n\t<\/li>\n\n\n       \n    \n\n<li><a href='?page_no=1'>1<\/a><\/li>\n\n\n\n<li><a href='?page_no=2'>2<\/a><\/li>\n\n\n\n<li><a>...<\/a><\/li>\n\n\n\n<li><a href='?page_no=34496'>34496<\/a><\/li>\n\n\n\n<li><a href='?page_no=34497'>34497<\/a><\/li>\n\n\n\n<li class='active'><a>34498<\/a><\/li>\n\n\n\n<li><a href='?page_no=34499'>34499<\/a><\/li>\n\n\n\n<li><a href='?page_no=34500'>34500<\/a><\/li>\n\n\n\n<li><a>...<\/a><\/li>\n\n\n\n<li><a href='?page_no=36999'>36999<\/a><\/li>\n\n\n\n<li><a href='?page_no=37000'>37000<\/a><\/li>\n\n    \n\t\n\n<li >\n\t<a href='?page_no=34499'>Next<\/a>\n\t<\/li>\n\n\n    \n\n<li><a href='?page_no=37000'>Last &rsaquo;&rsaquo;<\/a><\/li>\n\n<\/ul>\n\n\n--><br \/>\n<\/body><\/p>\n","protected":false},"excerpt":{"rendered":"<p>Vargas Maldonado rechaza se utilice pobreza como recurso proselitista. &#13; SANTO DOMINGO.- El candidato presidencial del Partido Revolucionario Dominicano, Miguel Vargas Maldonado, consider\u00f3 indignante el hecho de que el Presidente Leonel Fern\u00e1ndez insista en lo que considera utilizar la pobreza como un recurso de campa\u00f1a proselitista.&#13; &#13; Acus\u00f3 \u00a0al presidente Leonel Fern\u00e1ndez de usar en [&hellip;]<\/p>\n","protected":false},"author":3,"featured_media":0,"comment_status":"open","ping_status":"open","sticky":false,"template":"","format":"standard","meta":{"footnotes":""},"categories":[22],"tags":[],"class_list":["post-191750","post","type-post","status-publish","format-standard","hentry","category-politica"],"_links":{"self":[{"href":"https:\/\/diariodominicano.com\/index.php?rest_route=\/wp\/v2\/posts\/191750","targetHints":{"allow":["GET"]}}],"collection":[{"href":"https:\/\/diariodominicano.com\/index.php?rest_route=\/wp\/v2\/posts"}],"about":[{"href":"https:\/\/diariodominicano.com\/index.php?rest_route=\/wp\/v2\/types\/post"}],"author":[{"embeddable":true,"href":"https:\/\/diariodominicano.com\/index.php?rest_route=\/wp\/v2\/users\/3"}],"replies":[{"embeddable":true,"href":"https:\/\/diariodominicano.com\/index.php?rest_route=%2Fwp%2Fv2%2Fcomments&post=191750"}],"version-history":[{"count":0,"href":"https:\/\/diariodominicano.com\/index.php?rest_route=\/wp\/v2\/posts\/191750\/revisions"}],"wp:attachment":[{"href":"https:\/\/diariodominicano.com\/index.php?rest_route=%2Fwp%2Fv2%2Fmedia&parent=191750"}],"wp:term":[{"taxonomy":"category","embeddable":true,"href":"https:\/\/diariodominicano.com\/index.php?rest_route=%2Fwp%2Fv2%2Fcategories&post=191750"},{"taxonomy":"post_tag","embeddable":true,"href":"https:\/\/diariodominicano.com\/index.php?rest_route=%2Fwp%2Fv2%2Ftags&post=191750"}],"curies":[{"name":"wp","href":"https:\/\/api.w.org\/{rel}","templated":true}]}}