{"id":191749,"date":"2008-01-01T16:44:05","date_gmt":"2008-01-01T16:44:05","guid":{"rendered":"http:\/\/diariodominicano.ddns.net\/?p=191749"},"modified":"2008-01-01T16:44:05","modified_gmt":"2008-01-01T16:44:05","slug":"fidel-castro-llama-a-cubanos-a-defender-la-revolucion","status":"publish","type":"post","link":"https:\/\/diariodominicano.com\/?p=191749","title":{"rendered":"Fidel Castro llama a cubanos a defender la revoluci\u00f3n"},"content":{"rendered":"<p><body><\/p>\n<h1 align=\"justify\" class=\"titulogrande1\">Fidel Castro llama a cubanos a defender la revoluci\u00f3n \u00abhasta la  muerte\u00bb<\/h1>\n<p>&#13;<\/p>\n<p><strong>El mensaje del l\u00eder cubano fue le\u00eddo por televisi\u00f3n poco antesde la  medianoche.<\/strong><\/p>\n<p>&#13;<\/p>\n<p align=\"justify\" class=\"text1noticias\"><strong><img loading=\"lazy\" decoding=\"async\" src=\"http:\/\/localhost:8080\/pictures\/fidel pict.jpg\" width=\"269\" height=\"221\" hspace=\"4\" align=\"left\" \/>LA HABANA.-<\/strong> Fidel Castro pidi\u00f3 a los cubanos que celebren  con orgullo hoy\u00a01 de enero el aniversario de su revoluci\u00f3n de 1959, en un  mensaje de a\u00f1o nuevo 17 meses despu\u00e9s de que una enfermedad lo forz\u00f3 a dejar el  poder a su hermano.<br \/>&#13;<br \/>\n  <br \/>&#13;<br \/>\n  Castro ha aparecido s\u00f3lo en videos grabados y fotograf\u00edas desde que fue  sometido de emergencia a una cirug\u00eda de est\u00f3mago en julio del 2006 y, con su  condici\u00f3n de salud reservada como un secreto de Estado, no est\u00e1 claro si el  l\u00edder de 81 a\u00f1os etomar\u00e1 el poder en la isla de gobierno comunista.<br \/>&#13;<br \/>\n  <br \/>&#13;<br \/>\n\u00abEn el transcurso de la madrugada habr\u00e1 quedado atr\u00e1s el a\u00f1o 49 de la  revoluci\u00f3n y entraremos de lleno en el a\u00f1o 50 que simbolizara el medio siglo de  resistencia heroica\u00bb, dijo Castro en un comunicado le\u00eddo por televisi\u00f3n  pocas horas antes de la medianoche del lunes 31 de diciembre.<br \/>&#13;<br \/>\n<br \/>&#13;<br \/>\n\u00abProclamemos al mundo con orgullo este r\u00e9cord que nos hace acreedores  al m\u00e1s justo de los reclamos: que se respete el derecho a la vida y a la sana  alegr\u00eda de nuestra patria\u00bb, agreg\u00f3, y apostill\u00f3: \u00abPor ese derecho  lucharemos hasta la muerte\u00bb.<br \/>&#13;<br \/>\n<br \/>&#13;<br \/>\nLa Asamblea   Nacional de Cuba podr\u00eda decidir sobre la postulaci\u00f3n de  Castro como jefe de Estado cuando apruebe en marzo qui\u00e9nes ser\u00e1n los miembros  del Consejo de Estado.<br \/>&#13;<br \/>\n<br \/>&#13;<br \/>\nPero el llamado de su hermano Ra\u00fal por un debate m\u00e1s abierto sobre los  problemas ha levantado especulaciones sobre el futuro pol\u00edtico y econ\u00f3mico de  la isla.<br \/>&#13;<br \/>\n<br \/>&#13;<br \/>\nSu hermano dice que Fidel Castro est\u00e1 en pleno uso de sus facultades  mentales y que le consulta todas las grandes decisiones de Estado, asimismo que  se ha recuperado lo suficientemente que los delegados de su partido apoyan su  nominaci\u00f3n para buscar un asiento en la Asamblea Nacional,  un requerimiento para la presidencia.<br \/>&#13;<br \/>\n<br \/>&#13;<br \/>\nPero el octogenario l\u00edder ha dicho en dos recientes comunicados que \u00e9l no se  aferrar\u00e1 eternamente al poder, aunque ha subrayado que tampoco desaparecer\u00e1  totalmente de la escena y que su deber es luchar y hasta morir por sus ideas y  contribuir con la experiencia acumulada en casi medio siglo en el poder.<br \/>&#13;<br \/>\n<br \/>&#13;<br \/>\nNo obstante, el futuro pol\u00edtico de Fidel Castro sigue siendo un misterio  porque, por un lado, ha sugerido que no se apegar\u00e1 a sus cargos de presidente  de los Consejos de Estado y de Ministros. Pero, por otro, fue nominado a  comienzos de este mes a las elecciones parlamentarias del 20 de enero, un  requisito para su eventual reelecci\u00f3n como jefe de Estado.<br \/>&#13;<br \/>\n<br \/>&#13;<br \/>\nSi Castro no pudiera asumir el cargo por su enfermedad, la asamblea podr\u00eda  formalmente nombrar a un sucesor.<br \/>&#13;<br \/>\n<br \/>&#13;<br \/>\nEl misterio ser\u00e1 despejado en marzo de este a\u00f1o, cuando la nueva legislatura  del Parlamento deber\u00e1 escoger entre sus miembros al presidente del Consejo de  Estado, el cargo que Castro ha ocupado durante m\u00e1s de tres d\u00e9cadas.<br \/>&#13;<br \/>\n<br \/>&#13;<br \/>\nObservadores y analistas dicen respecto a Cuba que ya ha comenzado una suave  transici\u00f3n del poder a Ra\u00fal Castro, quien ha dicho que trabaja para solucionar  los problemas econ\u00f3micos del pa\u00eds y ha comenzado a hablar de una apertura que  incluye mayor inversi\u00f3n extranjera en el sector agr\u00edcola.<br \/>&#13;<br \/>\n<br \/>&#13;<br \/>\n  Reuters<\/p>\n<p>&#13;<\/p>\n<h6> 2008-01-01 16:44:05 <\/h6>\n<p><!--\n<link rel=\"stylesheet\" href=\"css\/bootstrap.min.css\">\n\n\n<ul class=\"pagination\">\n\t    \n\t\n\n<li >\n\t<a href='?page_no=34496'>Previous<\/a>\n\t<\/li>\n\n\n       \n    \n\n<li><a href='?page_no=1'>1<\/a><\/li>\n\n\n\n<li><a href='?page_no=2'>2<\/a><\/li>\n\n\n\n<li><a>...<\/a><\/li>\n\n\n\n<li><a href='?page_no=34495'>34495<\/a><\/li>\n\n\n\n<li><a href='?page_no=34496'>34496<\/a><\/li>\n\n\n\n<li class='active'><a>34497<\/a><\/li>\n\n\n\n<li><a href='?page_no=34498'>34498<\/a><\/li>\n\n\n\n<li><a href='?page_no=34499'>34499<\/a><\/li>\n\n\n\n<li><a>...<\/a><\/li>\n\n\n\n<li><a href='?page_no=36999'>36999<\/a><\/li>\n\n\n\n<li><a href='?page_no=37000'>37000<\/a><\/li>\n\n    \n\t\n\n<li >\n\t<a href='?page_no=34498'>Next<\/a>\n\t<\/li>\n\n\n    \n\n<li><a href='?page_no=37000'>Last &rsaquo;&rsaquo;<\/a><\/li>\n\n<\/ul>\n\n\n--><br \/>\n<\/body><\/p>\n","protected":false},"excerpt":{"rendered":"<p>Fidel Castro llama a cubanos a defender la revoluci\u00f3n \u00abhasta la muerte\u00bb &#13; El mensaje del l\u00eder cubano fue le\u00eddo por televisi\u00f3n poco antesde la medianoche. &#13; LA HABANA.- Fidel Castro pidi\u00f3 a los cubanos que celebren con orgullo hoy\u00a01 de enero el aniversario de su revoluci\u00f3n de 1959, en un mensaje de a\u00f1o nuevo [&hellip;]<\/p>\n","protected":false},"author":3,"featured_media":0,"comment_status":"open","ping_status":"open","sticky":false,"template":"","format":"standard","meta":{"footnotes":""},"categories":[22],"tags":[],"class_list":["post-191749","post","type-post","status-publish","format-standard","hentry","category-politica"],"_links":{"self":[{"href":"https:\/\/diariodominicano.com\/index.php?rest_route=\/wp\/v2\/posts\/191749","targetHints":{"allow":["GET"]}}],"collection":[{"href":"https:\/\/diariodominicano.com\/index.php?rest_route=\/wp\/v2\/posts"}],"about":[{"href":"https:\/\/diariodominicano.com\/index.php?rest_route=\/wp\/v2\/types\/post"}],"author":[{"embeddable":true,"href":"https:\/\/diariodominicano.com\/index.php?rest_route=\/wp\/v2\/users\/3"}],"replies":[{"embeddable":true,"href":"https:\/\/diariodominicano.com\/index.php?rest_route=%2Fwp%2Fv2%2Fcomments&post=191749"}],"version-history":[{"count":0,"href":"https:\/\/diariodominicano.com\/index.php?rest_route=\/wp\/v2\/posts\/191749\/revisions"}],"wp:attachment":[{"href":"https:\/\/diariodominicano.com\/index.php?rest_route=%2Fwp%2Fv2%2Fmedia&parent=191749"}],"wp:term":[{"taxonomy":"category","embeddable":true,"href":"https:\/\/diariodominicano.com\/index.php?rest_route=%2Fwp%2Fv2%2Fcategories&post=191749"},{"taxonomy":"post_tag","embeddable":true,"href":"https:\/\/diariodominicano.com\/index.php?rest_route=%2Fwp%2Fv2%2Ftags&post=191749"}],"curies":[{"name":"wp","href":"https:\/\/api.w.org\/{rel}","templated":true}]}}