{"id":191742,"date":"2008-01-02T19:11:51","date_gmt":"2008-01-02T19:11:51","guid":{"rendered":"http:\/\/diariodominicano.ddns.net\/?p=191742"},"modified":"2008-01-02T19:11:51","modified_gmt":"2008-01-02T19:11:51","slug":"horton-dice-que-el-pueblo-valorara-recuperacion-economica-del-pais-en-las-elecciones-del-16-de-mayo","status":"publish","type":"post","link":"https:\/\/diariodominicano.com\/?p=191742","title":{"rendered":"Horton dice que el pueblo valorar\u00e1 recuperaci\u00f3n econ\u00f3mica del pa\u00eds en las elecciones del 16 de mayo"},"content":{"rendered":"<p><body><\/p>\n<p align=\"justify\" class=\"titulogrande1\">Horton dice que el  pueblo valorar\u00e1 recuperaci\u00f3n econ\u00f3mica del pa\u00eds  en las elecciones del 16 de mayo<\/p>\n<p>&#13;<\/p>\n<p align=\"justify\" class=\"text1noticias\"><img loading=\"lazy\" decoding=\"async\" src=\"http:\/\/localhost:8080\/pictures\/julio horton.jpg\" width=\"269\" height=\"211\" hspace=\"4\" align=\"left\" \/>El diputado pelede\u00edsta Julio Horton vaticin\u00f3  la reelecci\u00f3n del presidente Leonel Fern\u00e1ndez en la primera vuelta debido a que  el pueblo har\u00e1 una valoraci\u00f3n de lo que ha sido la gesti\u00f3n \u00a0de este gobierno en comparaci\u00f3n con la del Partido  Revolucionario Dominicano.<\/p>\n<p>&#13;<\/p>\n<p align=\"justify\" class=\"text1noticias\">Al felicitar al pueblo dominicano en este  nuevo a\u00f1o y desearle prosperidad, agreg\u00f3 que la econom\u00eda en la gesti\u00f3n perrede\u00edsta  fue castrada y que el pa\u00eds colaps\u00f3, sobre todo en la estabilidad de la tasa del  d\u00f3lar y la calidad de vida de los dominicanos.<\/p>\n<p>&#13;<\/p>\n<p align=\"justify\" class=\"text1noticias\">&#13;<br \/>\nHorton record\u00f3 que hubo un incremento en la  tasa del d\u00f3lar de 18 a  50 pesos, los precios de la canasta familiar se dispararon un 300 por ciento y  la deuda p\u00fablica externa subi\u00f3 en m\u00e1s de 3 mil 7 mil millones de pesos.<\/p>\n<p>&#13;<\/p>\n<p align=\"justify\" class=\"text1noticias\">\u201cLa diferencia con la gesti\u00f3n del PLD es  que pa\u00eds se ha recuperado econ\u00f3micamente, la tasa del d\u00f3lar est\u00e1 bajo control y  los precios de la canasta familiar se han mantenido estables\u201d, dijo.<\/p>\n<p>&#13;<\/p>\n<p align=\"justify\" class=\"text1noticias\">A\u00f1adi\u00f3 que el sector de la construcci\u00f3n se  ha mantenido estable y va creciendo. \u201cPodemos indicar que los ciudadanos ser\u00e1n  sabios y sabr\u00e1n elegir al presidente Fern\u00e1ndez para mantenerse conduciendo los  destinos del pa\u00eds\u201d,\u00a0 expreso.<\/p>\n<p>&#13;<\/p>\n<p align=\"justify\" class=\"text1noticias\">Resalt\u00f3 que la generaci\u00f3n de j\u00f3venes de 18 a 38 anos, que conforman  cerca del 50 por ciento de la poblaci\u00f3n, al momento de tomar la decisi\u00f3n de su  voto sufragar\u00e1 a favor del presidente Fern\u00e1ndez. <\/p>\n<p>&#13;<\/p>\n<h6> 2008-01-02 19:11:51 <\/h6>\n<p><!--\n<link rel=\"stylesheet\" href=\"css\/bootstrap.min.css\">\n\n\n<ul class=\"pagination\">\n\t    \n\t\n\n<li >\n\t<a href='?page_no=34489'>Previous<\/a>\n\t<\/li>\n\n\n       \n    \n\n<li><a href='?page_no=1'>1<\/a><\/li>\n\n\n\n<li><a href='?page_no=2'>2<\/a><\/li>\n\n\n\n<li><a>...<\/a><\/li>\n\n\n\n<li><a href='?page_no=34488'>34488<\/a><\/li>\n\n\n\n<li><a href='?page_no=34489'>34489<\/a><\/li>\n\n\n\n<li class='active'><a>34490<\/a><\/li>\n\n\n\n<li><a href='?page_no=34491'>34491<\/a><\/li>\n\n\n\n<li><a href='?page_no=34492'>34492<\/a><\/li>\n\n\n\n<li><a>...<\/a><\/li>\n\n\n\n<li><a href='?page_no=36999'>36999<\/a><\/li>\n\n\n\n<li><a href='?page_no=37000'>37000<\/a><\/li>\n\n    \n\t\n\n<li >\n\t<a href='?page_no=34491'>Next<\/a>\n\t<\/li>\n\n\n    \n\n<li><a href='?page_no=37000'>Last &rsaquo;&rsaquo;<\/a><\/li>\n\n<\/ul>\n\n\n--><br \/>\n<\/body><\/p>\n","protected":false},"excerpt":{"rendered":"<p>Horton dice que el pueblo valorar\u00e1 recuperaci\u00f3n econ\u00f3mica del pa\u00eds en las elecciones del 16 de mayo &#13; El diputado pelede\u00edsta Julio Horton vaticin\u00f3 la reelecci\u00f3n del presidente Leonel Fern\u00e1ndez en la primera vuelta debido a que el pueblo har\u00e1 una valoraci\u00f3n de lo que ha sido la gesti\u00f3n \u00a0de este gobierno en comparaci\u00f3n con [&hellip;]<\/p>\n","protected":false},"author":3,"featured_media":0,"comment_status":"open","ping_status":"open","sticky":false,"template":"","format":"standard","meta":{"footnotes":""},"categories":[22],"tags":[],"class_list":["post-191742","post","type-post","status-publish","format-standard","hentry","category-politica"],"_links":{"self":[{"href":"https:\/\/diariodominicano.com\/index.php?rest_route=\/wp\/v2\/posts\/191742","targetHints":{"allow":["GET"]}}],"collection":[{"href":"https:\/\/diariodominicano.com\/index.php?rest_route=\/wp\/v2\/posts"}],"about":[{"href":"https:\/\/diariodominicano.com\/index.php?rest_route=\/wp\/v2\/types\/post"}],"author":[{"embeddable":true,"href":"https:\/\/diariodominicano.com\/index.php?rest_route=\/wp\/v2\/users\/3"}],"replies":[{"embeddable":true,"href":"https:\/\/diariodominicano.com\/index.php?rest_route=%2Fwp%2Fv2%2Fcomments&post=191742"}],"version-history":[{"count":0,"href":"https:\/\/diariodominicano.com\/index.php?rest_route=\/wp\/v2\/posts\/191742\/revisions"}],"wp:attachment":[{"href":"https:\/\/diariodominicano.com\/index.php?rest_route=%2Fwp%2Fv2%2Fmedia&parent=191742"}],"wp:term":[{"taxonomy":"category","embeddable":true,"href":"https:\/\/diariodominicano.com\/index.php?rest_route=%2Fwp%2Fv2%2Fcategories&post=191742"},{"taxonomy":"post_tag","embeddable":true,"href":"https:\/\/diariodominicano.com\/index.php?rest_route=%2Fwp%2Fv2%2Ftags&post=191742"}],"curies":[{"name":"wp","href":"https:\/\/api.w.org\/{rel}","templated":true}]}}