{"id":191739,"date":"2008-01-03T00:37:55","date_gmt":"2008-01-03T00:37:55","guid":{"rendered":"http:\/\/diariodominicano.ddns.net\/?p=191739"},"modified":"2008-01-03T00:37:55","modified_gmt":"2008-01-03T00:37:55","slug":"miguel-vargas-movilizara-sus-seguidores-a-nivel-nacional","status":"publish","type":"post","link":"https:\/\/diariodominicano.com\/?p=191739","title":{"rendered":"Miguel Vargas movilizar\u00e1 sus seguidores a nivel nacional"},"content":{"rendered":"<p><body><\/p>\n<p align=\"justify\"><strong class=\"titulogrande1\">Miguel Vargas movilizar\u00e1 sus seguidores a nivel nacional<\/strong><br \/>&#13;<br \/>\n  <br \/>&#13;<br \/>\n    <span class=\"text1noticias\"><img loading=\"lazy\" decoding=\"async\" src=\"http:\/\/localhost:8080\/pictures\/carlos gabriel.jpg\" width=\"269\" height=\"367\" hspace=\"4\" align=\"left\" \/>El  doctor Carlos Gabriel Garc\u00eda, Director de Comunicaciones del Comando de Campa\u00f1a  del PRD, anunci\u00f3 hoy que ese proyecto pol\u00edtico est\u00e1 convocando para el domingo  13 de enero, a partir de las dos de la tarde, una caravana a nivel nacional, en  la que participar\u00e1n millares de simpatizantes de la candidatura presidencial  del ingeniero Miguel Vargas. <br \/>&#13;<br \/>\n    <br \/>&#13;<br \/>\n    Manifest\u00f3  que la caravana \u00abRuta de la   Victoria\u00bb se realizar\u00e1 de manera simult\u00e1nea en todas las  provincias del pa\u00eds, como una demostraci\u00f3n de la fortaleza que tiene la  candidatura presidencial del ingeniero Miguel Vargas en las distintas  comunidades que conforman la geograf\u00eda nacional. <br \/>&#13;<br \/>\n    <br \/>&#13;<br \/>\n    Dijo  que Miguel Vargas se trasladar\u00e1 ese d\u00eda a varios puntos de la Rep\u00fablica, con la  finalidad de encabezar la caravana en esas localidades, donde miles de sus  simpatizantes se desplazar\u00e1n en carros, camiones, camionetas, motores,  triciclos y bicicletas. <br \/>&#13;<br \/>\n    <br \/>&#13;<br \/>\n    <br \/>&#13;<br \/>\n    Se\u00f1al\u00f3  que ese d\u00eda la familia perrede\u00edsta y los miembros de los movimientos del sector  externo que apoyan las aspiraciones presidenciales del ingeniero Miguel Vargas,  se desplazar\u00e1n por las calles y callejones de todas las provincias del pa\u00eds con  un mensaje de fe y esperanza en un futuro mejor para todos los dominicanos. <br \/>&#13;<br \/>\n    <br \/>&#13;<br \/>\n\u00abEl  pr\u00f3ximo 13 de enero, cuando miles de dominicanos salgan a las calles con  banderas, pa\u00f1uelos, s\u00e1banas y todo tipo de vestuario de color blanco para  saludar y tributar sus mejores sonrisas a nuestro candidato presidencial,  quedar\u00e1 confirmada la categor\u00eda de fen\u00f3meno pol\u00edtico en que se ha convertido la  candidatura del ingeniero Miguel Vargas\u00bb, manifest\u00f3 el dirigente  perrede\u00edsta. <\/span><\/p>\n<p>&#13;<\/p>\n<h6> 2008-01-03 00:37:55 <\/h6>\n<p><!--\n<link rel=\"stylesheet\" href=\"css\/bootstrap.min.css\">\n\n\n<ul class=\"pagination\">\n\t    \n\t\n\n<li >\n\t<a href='?page_no=34486'>Previous<\/a>\n\t<\/li>\n\n\n       \n    \n\n<li><a href='?page_no=1'>1<\/a><\/li>\n\n\n\n<li><a href='?page_no=2'>2<\/a><\/li>\n\n\n\n<li><a>...<\/a><\/li>\n\n\n\n<li><a href='?page_no=34485'>34485<\/a><\/li>\n\n\n\n<li><a href='?page_no=34486'>34486<\/a><\/li>\n\n\n\n<li class='active'><a>34487<\/a><\/li>\n\n\n\n<li><a href='?page_no=34488'>34488<\/a><\/li>\n\n\n\n<li><a href='?page_no=34489'>34489<\/a><\/li>\n\n\n\n<li><a>...<\/a><\/li>\n\n\n\n<li><a href='?page_no=36999'>36999<\/a><\/li>\n\n\n\n<li><a href='?page_no=37000'>37000<\/a><\/li>\n\n    \n\t\n\n<li >\n\t<a href='?page_no=34488'>Next<\/a>\n\t<\/li>\n\n\n    \n\n<li><a href='?page_no=37000'>Last &rsaquo;&rsaquo;<\/a><\/li>\n\n<\/ul>\n\n\n--><br \/>\n<\/body><\/p>\n","protected":false},"excerpt":{"rendered":"<p>Miguel Vargas movilizar\u00e1 sus seguidores a nivel nacional&#13; &#13; El doctor Carlos Gabriel Garc\u00eda, Director de Comunicaciones del Comando de Campa\u00f1a del PRD, anunci\u00f3 hoy que ese proyecto pol\u00edtico est\u00e1 convocando para el domingo 13 de enero, a partir de las dos de la tarde, una caravana a nivel nacional, en la que participar\u00e1n millares [&hellip;]<\/p>\n","protected":false},"author":3,"featured_media":0,"comment_status":"open","ping_status":"open","sticky":false,"template":"","format":"standard","meta":{"footnotes":""},"categories":[22],"tags":[],"class_list":["post-191739","post","type-post","status-publish","format-standard","hentry","category-politica"],"_links":{"self":[{"href":"https:\/\/diariodominicano.com\/index.php?rest_route=\/wp\/v2\/posts\/191739","targetHints":{"allow":["GET"]}}],"collection":[{"href":"https:\/\/diariodominicano.com\/index.php?rest_route=\/wp\/v2\/posts"}],"about":[{"href":"https:\/\/diariodominicano.com\/index.php?rest_route=\/wp\/v2\/types\/post"}],"author":[{"embeddable":true,"href":"https:\/\/diariodominicano.com\/index.php?rest_route=\/wp\/v2\/users\/3"}],"replies":[{"embeddable":true,"href":"https:\/\/diariodominicano.com\/index.php?rest_route=%2Fwp%2Fv2%2Fcomments&post=191739"}],"version-history":[{"count":0,"href":"https:\/\/diariodominicano.com\/index.php?rest_route=\/wp\/v2\/posts\/191739\/revisions"}],"wp:attachment":[{"href":"https:\/\/diariodominicano.com\/index.php?rest_route=%2Fwp%2Fv2%2Fmedia&parent=191739"}],"wp:term":[{"taxonomy":"category","embeddable":true,"href":"https:\/\/diariodominicano.com\/index.php?rest_route=%2Fwp%2Fv2%2Fcategories&post=191739"},{"taxonomy":"post_tag","embeddable":true,"href":"https:\/\/diariodominicano.com\/index.php?rest_route=%2Fwp%2Fv2%2Ftags&post=191739"}],"curies":[{"name":"wp","href":"https:\/\/api.w.org\/{rel}","templated":true}]}}