{"id":191738,"date":"2008-01-03T02:37:59","date_gmt":"2008-01-03T02:37:59","guid":{"rendered":"http:\/\/diariodominicano.ddns.net\/?p=191738"},"modified":"2008-01-03T02:37:59","modified_gmt":"2008-01-03T02:37:59","slug":"trajano-santana-pide-a-los-dominicanos-votar-con-conciencia","status":"publish","type":"post","link":"https:\/\/diariodominicano.com\/?p=191738","title":{"rendered":"Trajano Santana pide a los dominicanos votar con conciencia"},"content":{"rendered":"<p><body><\/p>\n<p align=\"center\" class=\"titulogrande1\">Trajano Santana pide a los dominicanos votar con conciencia<\/p>\n<p>&#13;<\/p>\n<p align=\"justify\" class=\"text1noticias\"><strong>SANTO DOMINGO.-<\/strong> El candidato presidencial del  Partido Revolucionario Independiente\u00a0  (PRI), Trajano Santana, se solidariz\u00f3 \u00a0con el serm\u00f3n del dirigente evang\u00e9lico  Ezequiel Molina, en el cual insta a los dominicanos a usar la conciencia\u00a0 y no el est\u00f3mago al momento de votar en las  elecciones nacionales del 16 de mayo pr\u00f3ximo.<\/p>\n<p>&#13;<\/p>\n<p align=\"justify\" class=\"text1noticias\">Trajano Santana consider\u00f3 que los dominicanos  deben votar por un candidato que represente los anhelos de progreso de las grandes  mayor\u00edas nacionales y haga ofrecimientos concretos sobre c\u00f3mo resolver el gran  d\u00e9ficit del pa\u00eds en las \u00e1reas de energ\u00eda el\u00e9ctrica, agua potable, ecuaci\u00f3n,  alimentaci\u00f3n y salud.<\/p>\n<p>&#13;<\/p>\n<p align=\"justify\" class=\"text1noticias\">Al igual que Ezequiel Molina, quien habl\u00f3 ante  miles de feligreses que se congregaron a celebrar el A\u00f1o Nuevo , el Centro  Ol\u00edmpico F\u00e9lix S\u00e1nchez, Trajano Santana abog\u00f3 porque el presidente Leonel  Fern\u00e1ndez cumpla las leyes que rigen la vida de los dominicanos.<\/p>\n<p>&#13;<\/p>\n<p align=\"justify\" class=\"text1noticias\">Calific\u00f3  de positiva la conferencia cristiana y coincidi\u00f3 en la necesidad de que los  dominicanos tengan\u00a0 l\u00edderes confiable  para recuperar la fe y la confianza perdida.<\/p>\n<p>&#13;<\/p>\n<p align=\"justify\" class=\"text1noticias\">\u201cLo que  significa que para retornar a la estabilidad de una naci\u00f3n como la nuestra que,  requiere para su estabilidad y progreso fortalecer sus principios morales y  espirituales, es imprescindible el surgimiento de un liderazgo emergente  que\u00a0 garantice los servicios  indispensable entre los que figuran: agua potable, energ\u00eda el\u00e9ctrica, salud,  educaci\u00f3n, empleo, vivienda y seguridad social a todos los dominicanos\u201d,  precis\u00f3 Trajano.<\/p>\n<p>&#13;<\/p>\n<p align=\"justify\" class=\"text1noticias\">Record\u00f3 que el predicador evang\u00e9lico Ezequiel  Molina sugiri\u00f3 que los gobernantes den se\u00f1ales claras de respeto a la Leyes y a la justicia, y que  los l\u00edderes pol\u00edticos se aboquen a un compromiso p\u00fablico de honestidad en el  ejercicio de sus funciones.<\/p>\n<p>&#13;<\/p>\n<p align=\"justify\" class=\"text1noticias\">\u201cComo Ezequiel Molina,\u00a0 pido a los dominicanos que\u00a0 no se dejen manejar como reses en ruta al  matadero, que sepan observar las distintas carnes que hay en la mesa y que no  decidan por aquella que no nos vaya a intoxicar, que voten con la cabeza, no  con el estomago\u201d, indic\u00f3 el candidato del PRI.<\/p>\n<p>&#13;<\/p>\n<h6> 2008-01-03 02:37:59 <\/h6>\n<p><!--\n<link rel=\"stylesheet\" href=\"css\/bootstrap.min.css\">\n\n\n<ul class=\"pagination\">\n\t    \n\t\n\n<li >\n\t<a href='?page_no=34485'>Previous<\/a>\n\t<\/li>\n\n\n       \n    \n\n<li><a href='?page_no=1'>1<\/a><\/li>\n\n\n\n<li><a href='?page_no=2'>2<\/a><\/li>\n\n\n\n<li><a>...<\/a><\/li>\n\n\n\n<li><a href='?page_no=34484'>34484<\/a><\/li>\n\n\n\n<li><a href='?page_no=34485'>34485<\/a><\/li>\n\n\n\n<li class='active'><a>34486<\/a><\/li>\n\n\n\n<li><a href='?page_no=34487'>34487<\/a><\/li>\n\n\n\n<li><a href='?page_no=34488'>34488<\/a><\/li>\n\n\n\n<li><a>...<\/a><\/li>\n\n\n\n<li><a href='?page_no=36999'>36999<\/a><\/li>\n\n\n\n<li><a href='?page_no=37000'>37000<\/a><\/li>\n\n    \n\t\n\n<li >\n\t<a href='?page_no=34487'>Next<\/a>\n\t<\/li>\n\n\n    \n\n<li><a href='?page_no=37000'>Last &rsaquo;&rsaquo;<\/a><\/li>\n\n<\/ul>\n\n\n--><br \/>\n<\/body><\/p>\n","protected":false},"excerpt":{"rendered":"<p>Trajano Santana pide a los dominicanos votar con conciencia &#13; SANTO DOMINGO.- El candidato presidencial del Partido Revolucionario Independiente\u00a0 (PRI), Trajano Santana, se solidariz\u00f3 \u00a0con el serm\u00f3n del dirigente evang\u00e9lico Ezequiel Molina, en el cual insta a los dominicanos a usar la conciencia\u00a0 y no el est\u00f3mago al momento de votar en las elecciones nacionales [&hellip;]<\/p>\n","protected":false},"author":3,"featured_media":0,"comment_status":"open","ping_status":"open","sticky":false,"template":"","format":"standard","meta":{"footnotes":""},"categories":[22],"tags":[],"class_list":["post-191738","post","type-post","status-publish","format-standard","hentry","category-politica"],"_links":{"self":[{"href":"https:\/\/diariodominicano.com\/index.php?rest_route=\/wp\/v2\/posts\/191738","targetHints":{"allow":["GET"]}}],"collection":[{"href":"https:\/\/diariodominicano.com\/index.php?rest_route=\/wp\/v2\/posts"}],"about":[{"href":"https:\/\/diariodominicano.com\/index.php?rest_route=\/wp\/v2\/types\/post"}],"author":[{"embeddable":true,"href":"https:\/\/diariodominicano.com\/index.php?rest_route=\/wp\/v2\/users\/3"}],"replies":[{"embeddable":true,"href":"https:\/\/diariodominicano.com\/index.php?rest_route=%2Fwp%2Fv2%2Fcomments&post=191738"}],"version-history":[{"count":0,"href":"https:\/\/diariodominicano.com\/index.php?rest_route=\/wp\/v2\/posts\/191738\/revisions"}],"wp:attachment":[{"href":"https:\/\/diariodominicano.com\/index.php?rest_route=%2Fwp%2Fv2%2Fmedia&parent=191738"}],"wp:term":[{"taxonomy":"category","embeddable":true,"href":"https:\/\/diariodominicano.com\/index.php?rest_route=%2Fwp%2Fv2%2Fcategories&post=191738"},{"taxonomy":"post_tag","embeddable":true,"href":"https:\/\/diariodominicano.com\/index.php?rest_route=%2Fwp%2Fv2%2Ftags&post=191738"}],"curies":[{"name":"wp","href":"https:\/\/api.w.org\/{rel}","templated":true}]}}