{"id":191737,"date":"2008-01-03T02:52:15","date_gmt":"2008-01-03T02:52:15","guid":{"rendered":"http:\/\/diariodominicano.ddns.net\/?p=191737"},"modified":"2008-01-03T02:52:15","modified_gmt":"2008-01-03T02:52:15","slug":"vargas-maldonado-dice-fernandez-ha-fracasado","status":"publish","type":"post","link":"https:\/\/diariodominicano.com\/?p=191737","title":{"rendered":"Vargas Maldonado dice Fern\u00e1ndez ha fracasado"},"content":{"rendered":"<p><body><\/p>\n<p><span class=\"titulogrande1\">Vargas  Maldonado dice Fern\u00e1ndez ha fracasado <\/span><br \/>&#13;<br \/>\n  <br \/>&#13;<br \/>\n  <strong>Advierte  que no puede seguir culpando la pasada administraci\u00f3n <\/strong><\/p>\n<p>&#13;<\/p>\n<p align=\"justify\" class=\"text1noticias\"><strong><img loading=\"lazy\" decoding=\"async\" src=\"http:\/\/localhost:8080\/pictures\/maldonadopic.jpg\" width=\"269\" height=\"237\" hspace=\"4\" align=\"left\" \/>Santo Domingo.- <\/strong>El candidato  presidencial del Partido Revolucionario Dominicano (PRD) dijo que Leonel Fern\u00e1ndez acusa la  administraci\u00f3n perrede\u00edsta de ser responsable de que el presupuesto de la  nacional est\u00e9 limitado por las deudas es una muestra de su incapacidad  para resolver los problemas del pa\u00eds.<\/p>\n<p>&#13;<\/p>\n<p align=\"justify\" class=\"text1noticias\">Advirti\u00f3 que un gobernante no  est\u00e1 para buscar culpables, o para lamentaciones, sino para  resolver los problemas para el cual fue escogido. <\/p>\n<p>&#13;<\/p>\n<p align=\"justify\" class=\"text1noticias\">Afirm\u00f3 que Partido de la Liberaci\u00f3n Dominicana  (PLD) tiene cuatro a\u00f1os culpando la pasada  administraci\u00f3n de Hip\u00f3lito Mej\u00eda de los problemas del pa\u00eds, mientras el pa\u00eds se  sume en la pobreza.<\/p>\n<p>&#13;<\/p>\n<p align=\"justify\" class=\"text1noticias\">\u00abEl doctor Fern\u00e1ndez pretende  pasarse de listo y se cree que el pueblo dominicano es tonto, pues su  fracaso como gobernante y los pobres resultados de su gesti\u00f3n p\u00fablica en  materia de pol\u00edticas sociales son el resultado neto de su incapacidad, la misma  incapacidad que mostr\u00f3 cuando gobernara el pa\u00eds de 1996 al a\u00f1o 2000\u00bb,  insisti\u00f3.<\/p>\n<p>&#13;<\/p>\n<p align=\"justify\" class=\"text1noticias\">Consider\u00f3 que al terminar su  mandato el gobernante no puede continuar recurriendo al pasado para  justificar el rotundo fracaso de su gesti\u00f3n de su gobierno.<\/p>\n<p>&#13;<\/p>\n<p align=\"justify\" class=\"text1noticias\">Record\u00f3 que al prestar  juramento el 16 de agosto del a\u00f1o 2004 el presidente Fern\u00e1ndez jur\u00f3 atender las  necesidades de la poblaci\u00f3n y cumplir y hacer cumplir la Constituci\u00f3n y las  leyes, pero eso no ha ocurrido por su incapacidad.<\/p>\n<p>&#13;<\/p>\n<p align=\"justify\" class=\"text1noticias\">\u00abVamos para 4 a\u00f1os  escuchando al presidente Fern\u00e1ndez culpando al pasado de su incapacidad para actuar de  manera eficiente como jefe de Estado, y tratando de evadir su  responsabilidad ante los incumplimientos de las promesas de campa\u00f1a que  hiciera para que lo eligieran\u00bb, expuso.<\/p>\n<p>&#13;<\/p>\n<p align=\"justify\" class=\"text1noticias\">El candidato presidencial  opositor convers\u00f3 con los periodistas mientras intercambiaba saludos de a\u00f1o  nuevo con la dirigencia de su partido en el Distrito Nacional, la  provincia San Domingo y las regiones Sur y Este.<\/p>\n<p>&#13;<\/p>\n<p align=\"justify\" class=\"text1noticias\">Tambi\u00e9n hoy jueves realizar\u00e1  un acto similar Santiago de los Caballeros para las 14 provincias la regi\u00f3n  Norte.<\/p>\n<p>&#13;<\/p>\n<p align=\"justify\" class=\"text1noticias\">Manifest\u00f3 que ante  necesidades como el alto costo de la vida, el desempleo, educaci\u00f3n, salud, viviendas,  inseguridad ciudadana entre otras demandas de la sociedad, ni en su gesti\u00f3n  anterior ni en la actual el presidente Fern\u00e1ndez ha hecho ning\u00fan  cambio fundamental.<\/p>\n<p>&#13;<\/p>\n<p align=\"justify\" class=\"text1noticias\">\u00abAl concluir este  mandato cumplir\u00e1 8 a\u00f1os de ejercicio del poder sin haber realizado una gesti\u00f3n que  cambie de manera fundamental la situaci\u00f3n de pobreza en que vive la  mayor\u00eda de los dominicanos, y \u00e9l no puede creerse que su ilusionismo alcanza tanto  como para que la poblaci\u00f3n no advierta las fallas de sus  responsabilidades como presidente de la Rep\u00fablica\u00bb, enfatiz\u00f3.<\/p>\n<p>&#13;<\/p>\n<h6> 2008-01-03 02:52:15 <\/h6>\n<p><!--\n<link rel=\"stylesheet\" href=\"css\/bootstrap.min.css\">\n\n\n<ul class=\"pagination\">\n\t    \n\t\n\n<li >\n\t<a href='?page_no=34484'>Previous<\/a>\n\t<\/li>\n\n\n       \n    \n\n<li><a href='?page_no=1'>1<\/a><\/li>\n\n\n\n<li><a href='?page_no=2'>2<\/a><\/li>\n\n\n\n<li><a>...<\/a><\/li>\n\n\n\n<li><a href='?page_no=34483'>34483<\/a><\/li>\n\n\n\n<li><a href='?page_no=34484'>34484<\/a><\/li>\n\n\n\n<li class='active'><a>34485<\/a><\/li>\n\n\n\n<li><a href='?page_no=34486'>34486<\/a><\/li>\n\n\n\n<li><a href='?page_no=34487'>34487<\/a><\/li>\n\n\n\n<li><a>...<\/a><\/li>\n\n\n\n<li><a href='?page_no=36999'>36999<\/a><\/li>\n\n\n\n<li><a href='?page_no=37000'>37000<\/a><\/li>\n\n    \n\t\n\n<li >\n\t<a href='?page_no=34486'>Next<\/a>\n\t<\/li>\n\n\n    \n\n<li><a href='?page_no=37000'>Last &rsaquo;&rsaquo;<\/a><\/li>\n\n<\/ul>\n\n\n--><br \/>\n<\/body><\/p>\n","protected":false},"excerpt":{"rendered":"<p>Vargas Maldonado dice Fern\u00e1ndez ha fracasado &#13; &#13; Advierte que no puede seguir culpando la pasada administraci\u00f3n &#13; Santo Domingo.- El candidato presidencial del Partido Revolucionario Dominicano (PRD) dijo que Leonel Fern\u00e1ndez acusa la administraci\u00f3n perrede\u00edsta de ser responsable de que el presupuesto de la nacional est\u00e9 limitado por las deudas es una muestra de [&hellip;]<\/p>\n","protected":false},"author":3,"featured_media":0,"comment_status":"open","ping_status":"open","sticky":false,"template":"","format":"standard","meta":{"footnotes":""},"categories":[22],"tags":[],"class_list":["post-191737","post","type-post","status-publish","format-standard","hentry","category-politica"],"_links":{"self":[{"href":"https:\/\/diariodominicano.com\/index.php?rest_route=\/wp\/v2\/posts\/191737","targetHints":{"allow":["GET"]}}],"collection":[{"href":"https:\/\/diariodominicano.com\/index.php?rest_route=\/wp\/v2\/posts"}],"about":[{"href":"https:\/\/diariodominicano.com\/index.php?rest_route=\/wp\/v2\/types\/post"}],"author":[{"embeddable":true,"href":"https:\/\/diariodominicano.com\/index.php?rest_route=\/wp\/v2\/users\/3"}],"replies":[{"embeddable":true,"href":"https:\/\/diariodominicano.com\/index.php?rest_route=%2Fwp%2Fv2%2Fcomments&post=191737"}],"version-history":[{"count":0,"href":"https:\/\/diariodominicano.com\/index.php?rest_route=\/wp\/v2\/posts\/191737\/revisions"}],"wp:attachment":[{"href":"https:\/\/diariodominicano.com\/index.php?rest_route=%2Fwp%2Fv2%2Fmedia&parent=191737"}],"wp:term":[{"taxonomy":"category","embeddable":true,"href":"https:\/\/diariodominicano.com\/index.php?rest_route=%2Fwp%2Fv2%2Fcategories&post=191737"},{"taxonomy":"post_tag","embeddable":true,"href":"https:\/\/diariodominicano.com\/index.php?rest_route=%2Fwp%2Fv2%2Ftags&post=191737"}],"curies":[{"name":"wp","href":"https:\/\/api.w.org\/{rel}","templated":true}]}}