{"id":191736,"date":"2008-01-03T03:07:06","date_gmt":"2008-01-03T03:07:06","guid":{"rendered":"http:\/\/diariodominicano.ddns.net\/?p=191736"},"modified":"2008-01-03T03:07:06","modified_gmt":"2008-01-03T03:07:06","slug":"candelier-dice-que-rechaza-argumentos-de-leonel-fernandez","status":"publish","type":"post","link":"https:\/\/diariodominicano.com\/?p=191736","title":{"rendered":"Candelier dice que rechaza argumentos de Leonel Fern\u00e1ndez"},"content":{"rendered":"<p><body><\/p>\n<p class=\"titulogrande1\"><strong>Candelier\u00a0 dice que rechaza  argumentos de Leonel Fern\u00e1ndez<\/strong> <\/p>\n<p>&#13;<\/p>\n<p align=\"justify\" class=\"text1noticias\"><strong>Santo Domingo.-<\/strong> El ex jefe de Polic\u00eda Pedro  de Jes\u00fas Candelier se\u00f1al\u00f3 que la deuda P\u00fablica, los recortes Presupuestarios y el d\u00e9ficit cuasi fiscal del Banco Central, son  tres factores detonantes de una gran explosi\u00f3n social que se viene en el pa\u00eds  acumulando desde hace 4 a\u00f1os. <\/p>\n<p>&#13;<\/p>\n<p align=\"justify\" class=\"text1noticias\">Candelier rechaz\u00f3 los argumentos del  presidente Leonel Fern\u00e1ndez de que el pueblo tendr\u00e1 que soportar y pagar con el  sacrificio, sudor y hambre, esta carga tan pesada por 20 a\u00f1os mas \u201ces un  chantaje de campa\u00f1a y es un acondicionante para elegir entre dos partidos  culpables de la misma desgracia\u201d. <\/p>\n<p>&#13;<\/p>\n<p align=\"justify\" class=\"text1noticias\">\u201cLo hemos denunciado y lo seguiremos denunciado el pueblo no tuvo  nada que ver ni con las causas, ni con los or\u00edgenes del d\u00e9ficit cuasi fiscal\u00a0 y nos parece muy injusto que sea el pueblo quien pague las  consecuencias del descalabro econ\u00f3mico\u201d se\u00f1al\u00f3 Candelier. <\/p>\n<p>&#13;<\/p>\n<p align=\"justify\" class=\"text1noticias\">\u201cHay una impl\u00edcita complicidad en los dos  gobierno en el anterior donde se produjo el\u00a0 descalabro econ\u00f3mico y en este gobierno  del\u00a0 PLD ya que las medidas aplicadas ejecutadas para superar el  deficit cuasi fiscal recaen b\u00e1sicamente sobre los hombros del pueblo  dominicano, mientras el sector\u00a0 financiero local anuncia grandes ganancias  en el a\u00f1o que reci\u00e9n termina, se quej\u00f3. <\/p>\n<p>&#13;<\/p>\n<p align=\"justify\" class=\"text1noticias\">\u201cEstamos ante una gran estafa al pueblo  dominicano, todo el monto de dinero que se ha \u00a0transferido al Banco Central para pagar  los intereses de los certificados emitidos que ya suman\u00a0 mas 60,000 mil millones de pesos y peor aun el monto de los certificados  sigue subiendo y no se reduce\u201d afirm\u00f3. <\/p>\n<p>&#13;<\/p>\n<p align=\"justify\" class=\"text1noticias\">Dijo,\u00a0 estamos ante una situaci\u00f3n explosiva, hay  una gran cantidad de certificados \u00a0emitidos por el Banco Central que est\u00e1 en  manos del p\u00fablico y de inversionistas extranjeros, es como un barril sin fondo,  botamos miles de millones de pesos a un barril sin fondo amortizando una deuda  que este gobierno hace crecer cada d\u00eda \u00a0mas.\u201d\u00a0\u00a0 <\/p>\n<p>&#13;<\/p>\n<p align=\"justify\" class=\"text1noticias\">\u201cEstamos en ante un fracaso de pol\u00edtica  Monetaria del sector econ\u00f3mico del gobierno en la aplicaci\u00f3n de la Ley 183-02, fracaso  el FMI como gendarme, y el gobierno por c\u00f3mplice y ejecutor\u201d se lamento Candelier. <\/p>\n<p>&#13;<\/p>\n<p align=\"justify\" class=\"text1noticias\">\u201cTenemos un monto hoy ascendente 190,000 mil millones del deficit cuasi fiscal,\u00a0 un crecimiento met\u00e9orico, que cada a\u00f1o demandar\u00e1 de mas recursos\u00a0 para su amortizaci\u00f3n en desmerito de las inversiones sociales que  reclaman los sectores populares del pa\u00eds\u201d finalizo Candelier.<\/p>\n<p>&#13;<\/p>\n<h6> 2008-01-03 03:07:06 <\/h6>\n<p><!--\n<link rel=\"stylesheet\" href=\"css\/bootstrap.min.css\">\n\n\n<ul class=\"pagination\">\n\t    \n\t\n\n<li >\n\t<a href='?page_no=34483'>Previous<\/a>\n\t<\/li>\n\n\n       \n    \n\n<li><a href='?page_no=1'>1<\/a><\/li>\n\n\n\n<li><a href='?page_no=2'>2<\/a><\/li>\n\n\n\n<li><a>...<\/a><\/li>\n\n\n\n<li><a href='?page_no=34482'>34482<\/a><\/li>\n\n\n\n<li><a href='?page_no=34483'>34483<\/a><\/li>\n\n\n\n<li class='active'><a>34484<\/a><\/li>\n\n\n\n<li><a href='?page_no=34485'>34485<\/a><\/li>\n\n\n\n<li><a href='?page_no=34486'>34486<\/a><\/li>\n\n\n\n<li><a>...<\/a><\/li>\n\n\n\n<li><a href='?page_no=36999'>36999<\/a><\/li>\n\n\n\n<li><a href='?page_no=37000'>37000<\/a><\/li>\n\n    \n\t\n\n<li >\n\t<a href='?page_no=34485'>Next<\/a>\n\t<\/li>\n\n\n    \n\n<li><a href='?page_no=37000'>Last &rsaquo;&rsaquo;<\/a><\/li>\n\n<\/ul>\n\n\n--><br \/>\n<\/body><\/p>\n","protected":false},"excerpt":{"rendered":"<p>Candelier\u00a0 dice que rechaza argumentos de Leonel Fern\u00e1ndez &#13; Santo Domingo.- El ex jefe de Polic\u00eda Pedro de Jes\u00fas Candelier se\u00f1al\u00f3 que la deuda P\u00fablica, los recortes Presupuestarios y el d\u00e9ficit cuasi fiscal del Banco Central, son tres factores detonantes de una gran explosi\u00f3n social que se viene en el pa\u00eds acumulando desde hace 4 [&hellip;]<\/p>\n","protected":false},"author":3,"featured_media":0,"comment_status":"open","ping_status":"open","sticky":false,"template":"","format":"standard","meta":{"footnotes":""},"categories":[22],"tags":[],"class_list":["post-191736","post","type-post","status-publish","format-standard","hentry","category-politica"],"_links":{"self":[{"href":"https:\/\/diariodominicano.com\/index.php?rest_route=\/wp\/v2\/posts\/191736","targetHints":{"allow":["GET"]}}],"collection":[{"href":"https:\/\/diariodominicano.com\/index.php?rest_route=\/wp\/v2\/posts"}],"about":[{"href":"https:\/\/diariodominicano.com\/index.php?rest_route=\/wp\/v2\/types\/post"}],"author":[{"embeddable":true,"href":"https:\/\/diariodominicano.com\/index.php?rest_route=\/wp\/v2\/users\/3"}],"replies":[{"embeddable":true,"href":"https:\/\/diariodominicano.com\/index.php?rest_route=%2Fwp%2Fv2%2Fcomments&post=191736"}],"version-history":[{"count":0,"href":"https:\/\/diariodominicano.com\/index.php?rest_route=\/wp\/v2\/posts\/191736\/revisions"}],"wp:attachment":[{"href":"https:\/\/diariodominicano.com\/index.php?rest_route=%2Fwp%2Fv2%2Fmedia&parent=191736"}],"wp:term":[{"taxonomy":"category","embeddable":true,"href":"https:\/\/diariodominicano.com\/index.php?rest_route=%2Fwp%2Fv2%2Fcategories&post=191736"},{"taxonomy":"post_tag","embeddable":true,"href":"https:\/\/diariodominicano.com\/index.php?rest_route=%2Fwp%2Fv2%2Ftags&post=191736"}],"curies":[{"name":"wp","href":"https:\/\/api.w.org\/{rel}","templated":true}]}}